{"id":127615,"date":"2025-11-13T10:33:00","date_gmt":"2025-11-13T09:33:00","guid":{"rendered":"https:\/\/www.greenpeace.ch\/article-de-magazine\/127615\/schweizer-reederei-msc-sicherheitsmaengel-umweltverstoesse-und-abgelehnte-verantwortung\/"},"modified":"2025-11-24T15:51:12","modified_gmt":"2025-11-24T14:51:12","slug":"suisse-msc-responsabilites","status":"publish","type":"post","link":"https:\/\/www.greenpeace.ch\/fr\/story-fr\/127615\/suisse-msc-responsabilites\/","title":{"rendered":"La compagnie maritime suisse MSC: s\u00e9curit\u00e9 lacunaire, impacts environnementaux et refus d\u2019assumer ses responsabilit\u00e9s"},"content":{"rendered":"\n<p><strong>Greenpeace en Asie du Sud publie aujourd&rsquo;hui une enqu\u00eate sur la compagnie maritime suisse Mediterranean Shipping Company (MSC). Celle-ci r\u00e9v\u00e8le comment le recours \u00e0 des navires vieillissants, l&rsquo;exploitation de failles r\u00e9glementaires et le recours \u00e0 des pavillons de complaisance ont conduit \u00e0 plusieurs reprises MSC \u00e0 manquer \u00e0 ses responsabilit\u00e9s environnementales. Nous exigeons que MSC assume la responsabilit\u00e9 pour les dommages occasionn\u00e9s.<\/strong><\/p>\n\n<h2 class=\"wp-block-heading\"><strong>Le rapport r\u00e9v\u00e8le des pratiques irresponsables de la part de MSC<\/strong><\/h2>\n\n<p>Intitul\u00e9 \u00ab\u00a0<a href=\"https:\/\/www.greenpeace.org\/southasia\/publication\/19990\/below-deck-the-truth-beneath-what-you-sea-msc\/\" target=\"_blank\" rel=\"noreferrer noopener\"><em>Below Deck: The Truth Beneath What You Sea<\/em><\/a>\u00a0\u00bb la derni\u00e8re \u00e9tude publi\u00e9e par Greenpeace en Asie du Sud, se concentre sur la compagnie maritime suisse MSC, dont le si\u00e8ge se trouve \u00e0 Gen\u00e8ve. L&rsquo;enqu\u00eate retrace comment MSC est devenue le plus grand op\u00e9rateur mondial de porte-conteneurs. L\u2019entreprise s\u2019est d\u00e9velopp\u00e9e rapidement tout en d\u00e9ployant sur les routes maritimes d\u2019Asie du Sud de vieux navires d&rsquo;occasion, enregistr\u00e9s dans des pavillons de complaisance, afin de r\u00e9duire les co\u00fbts et de limiter sa responsabilit\u00e9 en cas d&rsquo;incident.<br><\/p>\n\n<p>MSC invoque r\u00e9guli\u00e8rement les conventions internationales pour limiter les indemnit\u00e9s vers\u00e9es en cas d&rsquo;accident \u00e0 un montant bien inf\u00e9rieur au co\u00fbt r\u00e9el des dommages. La compagnie utilise des montages de propri\u00e9t\u00e9 pour dissimuler ses responsabilit\u00e9s. Elle retarde la prise de mesures substantielles jusqu&rsquo;\u00e0 ce qu&rsquo;elle y soit contrainte par les tribunaux ou par la pression publique. L&rsquo;exemple le plus r\u00e9cent est le naufrage du porte-conteneurs ELSA 3.<\/p>\n\n<h2 class=\"wp-block-heading\"><strong>ELSA 3: Catastrophe environnementale au large des c\u00f4tes de l&rsquo;Inde<\/strong><\/h2>\n\n<p>Ce cargo de MSC, battant pavillon lib\u00e9rien et pr\u00e9sentant des lacunes connues en mati\u00e8re de s\u00e9curit\u00e9, a coul\u00e9 en mai 2025 au large des c\u00f4tes du Kerala, dans le sud de l\u2019Inde. Cela a entra\u00een\u00e9 le d\u00e9versement dans la mer de grandes quantit\u00e9s de p\u00e9trole, de produits chimiques et de granul\u00e9s de plastique. L\u2019impact est destructeur pour l&rsquo;\u00e9cosyst\u00e8me marin ainsi que pour les moyens de subsistance des habitant\u00b7es du littoral. Le 25 septembre dernier, la Cour supr\u00eame du Kerala a reconnu l&rsquo;ampleur des dommages \u00e9cologiques et \u00e9conomiques et a confirm\u00e9 l&rsquo;immobilisation d&rsquo;un autre navire de la compagnie suisse, le MSC AKITETA II, jusqu&rsquo;au paiement de la caution de s\u00e9curit\u00e9.<\/p>\n\n<p>Compte tenu des lacunes syst\u00e9matiques constat\u00e9es et de la r\u00e9cente catastrophe maritime de l&rsquo;ELSA 3, nous demande \u00e0 MSC de se conformer \u00e0 la d\u00e9cision de la Cour supr\u00eame du Kerala et de verser une garantie d&rsquo;indemnisation d&rsquo;un montant \u00e9quivalent \u00e0 environ 138 millions de dollars am\u00e9ricains.<\/p>\n\n<p>On ne sait toujours pas si MSC versera effectivement cette indemnisation. Malgr\u00e9 nos deux demandes adress\u00e9es au si\u00e8ge de MSC \u00e0 Gen\u00e8ve, l&rsquo;entreprise refuse de donner une r\u00e9ponse claire \u00e0 ce sujet.<\/p>\n\n<p><\/p>\n","protected":false},"excerpt":{"rendered":"<p>Greenpeace en Asie du Sud publie aujourd&rsquo;hui une enqu\u00eate sur la compagnie maritime suisse Mediterranean Shipping Company (MSC). Celle-ci r\u00e9v\u00e8le comment le recours \u00e0 des navires vieillissants, l&rsquo;exploitation de failles r\u00e9glementaires et le recours \u00e0 des pavillons de complaisance ont conduit \u00e0 plusieurs reprises MSC \u00e0 manquer \u00e0 ses responsabilit\u00e9s environnementales. <\/p>\n","protected":false},"author":89,"featured_media":127554,"comment_status":"closed","ping_status":"open","sticky":false,"template":"","format":"standard","meta":{"_acf_changed":false,"_planet4_optimize_post_is_variant":false,"_planet4_optimize_experiment_name":"","_planet4_optimize_variant_name":"","ep_exclude_from_search":false,"p4_og_title":"","p4_og_description":"","p4_og_image":"","p4_og_image_id":"","p4_seo_canonical_url":"","p4_campaign_name":"","p4_local_project":"","p4_basket_name":"","p4_department":"","footnotes":""},"categories":[22],"tags":[56],"p4-page-type":[77],"gpch-article-type":[],"class_list":["post-127615","post","type-post","status-publish","format-standard","has-post-thumbnail","hentry","category-non-classifiee","tag-oceans","p4-page-type-story-fr"],"acf":[],"_links":{"self":[{"href":"https:\/\/www.greenpeace.ch\/fr\/wp-json\/wp\/v2\/posts\/127615","targetHints":{"allow":["GET"]}}],"collection":[{"href":"https:\/\/www.greenpeace.ch\/fr\/wp-json\/wp\/v2\/posts"}],"about":[{"href":"https:\/\/www.greenpeace.ch\/fr\/wp-json\/wp\/v2\/types\/post"}],"author":[{"embeddable":true,"href":"https:\/\/www.greenpeace.ch\/fr\/wp-json\/wp\/v2\/users\/89"}],"replies":[{"embeddable":true,"href":"https:\/\/www.greenpeace.ch\/fr\/wp-json\/wp\/v2\/comments?post=127615"}],"version-history":[{"count":3,"href":"https:\/\/www.greenpeace.ch\/fr\/wp-json\/wp\/v2\/posts\/127615\/revisions"}],"predecessor-version":[{"id":127735,"href":"https:\/\/www.greenpeace.ch\/fr\/wp-json\/wp\/v2\/posts\/127615\/revisions\/127735"}],"wp:featuredmedia":[{"embeddable":true,"href":"https:\/\/www.greenpeace.ch\/fr\/wp-json\/wp\/v2\/media\/127554"}],"wp:attachment":[{"href":"https:\/\/www.greenpeace.ch\/fr\/wp-json\/wp\/v2\/media?parent=127615"}],"wp:term":[{"taxonomy":"category","embeddable":true,"href":"https:\/\/www.greenpeace.ch\/fr\/wp-json\/wp\/v2\/categories?post=127615"},{"taxonomy":"post_tag","embeddable":true,"href":"https:\/\/www.greenpeace.ch\/fr\/wp-json\/wp\/v2\/tags?post=127615"},{"taxonomy":"p4-page-type","embeddable":true,"href":"https:\/\/www.greenpeace.ch\/fr\/wp-json\/wp\/v2\/p4-page-type?post=127615"},{"taxonomy":"gpch-article-type","embeddable":true,"href":"https:\/\/www.greenpeace.ch\/fr\/wp-json\/wp\/v2\/gpch-article-type?post=127615"}],"curies":[{"name":"wp","href":"https:\/\/api.w.org\/{rel}","templated":true}]}}