{"id":128529,"date":"2026-01-15T08:15:00","date_gmt":"2026-01-15T07:15:00","guid":{"rendered":"https:\/\/www.greenpeace.ch\/?p=128529"},"modified":"2026-01-15T17:54:29","modified_gmt":"2026-01-15T16:54:29","slug":"wef-le-nombre-de-vols-en-jet-prive-a-triple","status":"publish","type":"post","link":"https:\/\/www.greenpeace.ch\/fr\/communique-de-presse\/128529\/wef-le-nombre-de-vols-en-jet-prive-a-triple\/","title":{"rendered":"WEF : le nombre de vols en jet priv\u00e9 a tripl\u00e9"},"content":{"rendered":"\n<p><strong>Les dirigeant\u00b7es politiques et \u00e9conomiques qui se r\u00e9unissent chaque ann\u00e9e au Forum de Davos pr\u00e9f\u00e8rent voyager en jet priv\u00e9. Une nouvelle \u00e9tude de Greenpeace r\u00e9v\u00e8le que le nombre de d\u00e9collages et d&rsquo;atterrissages a tripl\u00e9 entre 2023 et 2025.&nbsp;<\/strong><\/p>\n\n<p>Davos accueillera du 19 au 23 janvier le 56e World Economic Forum (WEF). Greenpeace publie \u00e0 cette occasion le rapport \u00ab<a href=\"https:\/\/greenpeace.at\/uploads\/2026\/01\/greenpeace-report-davos-in-the-sky.pdf\">Davos in the Sky<\/a>\u00bb sur le nombre de d\u00e9collages et d&rsquo;atterrissages en jet priv\u00e9 en lien avec le WEF. L&rsquo;\u00e9tude a \u00e9t\u00e9 r\u00e9alis\u00e9e par le Think Tank&nbsp; berlinois T3. L\u2019analyse couvre les ann\u00e9es 2023 \u00e0 2025 et prend en compte les a\u00e9roports suivants: Zurich, Gen\u00e8ve, Altenrhein (SG), l&rsquo;a\u00e9rodrome militaire de D\u00fcbendorf (ZH), Samedan (GR), Friedrichshafen (Allemagne) et l&rsquo;Euroairport (B\u00e2le\/Mulhouse).<\/p>\n\n<p><strong>Principaux r\u00e9sultats<\/strong><\/p>\n\n<ul class=\"wp-block-list\">\n<li>Lors du pr\u00e9c\u00e9dent WEF (du 20 au 24 janvier 2025), 709 vols suppl\u00e9mentaires en jet priv\u00e9 ont \u00e9t\u00e9 enregistr\u00e9s par rapport au trafic a\u00e9rien normal.<\/li>\n\n\n\n<li>Cela repr\u00e9sente une augmentation de 10% par rapport \u00e0 2024, avec 628 vols, et un triplement par rapport \u00e0 2023, o\u00f9 227 vols avaient \u00e9t\u00e9 enregistr\u00e9s. L&rsquo;augmentation entre 2023 et 2025 n&rsquo;est pas due \u00e0 un nombre plus \u00e9lev\u00e9 de participant\u00b7es au WEF, mais \u00e0 des arriv\u00e9es et des d\u00e9parts r\u00e9p\u00e9t\u00e9s (1). En 2024 et 2025, de nombreux jets ont effectu\u00e9 plusieurs vols vers la Suisse pendant la semaine du Forum de Davos.<\/li>\n\n\n\n<li>Greenpeace a calcul\u00e9 qu&rsquo;<a href=\"https:\/\/greenpeace.at\/uploads\/2026\/01\/greenpeace-calculations-train-routes-davos.pdf\">environ 70%<\/a> des trajets en jet priv\u00e9 pourraient \u00eatre facilement effectu\u00e9s en train, en une journ\u00e9e ou en une nuit avec une correspondance.<\/li>\n\n\n\n<li><a href=\"https:\/\/greenpeace.at\/uploads\/2026\/01\/greenpeace-calculations-train-routes-davos.pdf\">Pr\u00e8s d&rsquo;un tiers (32,1%)<\/a> de tous les jets priv\u00e9s se rendant au WEF proviennent de France (19,8 %) et d&rsquo;Allemagne (12,3 %). Ces deux pays disposent de tr\u00e8s bonnes liaisons ferroviaires vers la Suisse.<\/li>\n<\/ul>\n\n<p><strong>Interdire les jets priv\u00e9s<\/strong><\/p>\n\n<p>\u00abIl est hypocrite que les puissants et les ultra-riches discutent des d\u00e9fis mondiaux \u00e0 Davos alors qu&rsquo;ils br\u00fblent la plan\u00e8te avec les \u00e9missions de leurs jets priv\u00e9s\u00bb d\u00e9clare Herwig Schuster, responsable de campagne pour Greenpeace Europe centrale et orientale.&nbsp;<\/p>\n\n<p>Greenpeace demande une interdiction des vols de luxe, une taxation \u00e9quitable des ultra-riches et appelle le gouvernement suisse \u00e0 s&rsquo;engager en faveur d&rsquo;un accord fort lors des<a href=\"https:\/\/financing.desa.un.org\/unfcitc\"> n\u00e9gociations sur la convention fiscale de l&rsquo;ONU<\/a> pour une justice fiscale mondiale.<\/p>\n\n<p><strong>Note<\/strong><\/p>\n\n<p>1) En 2023 (du 16 au 20 janvier), une gr\u00e8ve des contr\u00f4leurs a\u00e9riens fran\u00e7ais pourrait avoir affect\u00e9 le nombre de vols.<\/p>\n\n<p><\/p>\n\n<p><strong>Contacts<\/strong><\/p>\n\n<p>Herwig Schuster, responsable de campagne pour Greenpeace Europe centrale et orientale, +43 664 431 92 14, <a href=\"mailto:herwig.schuster@greenpeace.org\">herwig.schuster@greenpeace.org<\/a><\/p>\n\n<p>Service de presse de Greenpeace Suisse, Fanny Eternod, + 41 78 662 07 31, <a href=\"mailto:fanny.eternod@greenpeace.org\">fanny.eternod@greenpeace.org<\/a><\/p>\n\n<p><\/p>\n","protected":false},"excerpt":{"rendered":"<p>Une nouvelle \u00e9tude de Greenpeace r\u00e9v\u00e8le que le nombre de d\u00e9collages et d&rsquo;atterrissage en jet priv\u00e9 a tripl\u00e9 lors du WEF entre 2023 et 2025.<\/p>\n","protected":false},"author":76,"featured_media":128525,"comment_status":"closed","ping_status":"open","sticky":false,"template":"","format":"standard","meta":{"_acf_changed":false,"_planet4_optimize_post_is_variant":false,"_planet4_optimize_experiment_name":"","_planet4_optimize_variant_name":"","ep_exclude_from_search":false,"p4_og_title":"","p4_og_description":"","p4_og_image":"","p4_og_image_id":"","p4_seo_canonical_url":"","p4_campaign_name":"","p4_local_project":"","p4_basket_name":"","p4_department":"","footnotes":""},"categories":[22],"tags":[230],"p4-page-type":[73],"gpch-article-type":[],"class_list":["post-128529","post","type-post","status-publish","format-standard","has-post-thumbnail","hentry","category-non-classifiee","tag-change-fr","p4-page-type-communique-de-presse"],"acf":[],"_links":{"self":[{"href":"https:\/\/www.greenpeace.ch\/fr\/wp-json\/wp\/v2\/posts\/128529","targetHints":{"allow":["GET"]}}],"collection":[{"href":"https:\/\/www.greenpeace.ch\/fr\/wp-json\/wp\/v2\/posts"}],"about":[{"href":"https:\/\/www.greenpeace.ch\/fr\/wp-json\/wp\/v2\/types\/post"}],"author":[{"embeddable":true,"href":"https:\/\/www.greenpeace.ch\/fr\/wp-json\/wp\/v2\/users\/76"}],"replies":[{"embeddable":true,"href":"https:\/\/www.greenpeace.ch\/fr\/wp-json\/wp\/v2\/comments?post=128529"}],"version-history":[{"count":3,"href":"https:\/\/www.greenpeace.ch\/fr\/wp-json\/wp\/v2\/posts\/128529\/revisions"}],"predecessor-version":[{"id":128565,"href":"https:\/\/www.greenpeace.ch\/fr\/wp-json\/wp\/v2\/posts\/128529\/revisions\/128565"}],"wp:featuredmedia":[{"embeddable":true,"href":"https:\/\/www.greenpeace.ch\/fr\/wp-json\/wp\/v2\/media\/128525"}],"wp:attachment":[{"href":"https:\/\/www.greenpeace.ch\/fr\/wp-json\/wp\/v2\/media?parent=128529"}],"wp:term":[{"taxonomy":"category","embeddable":true,"href":"https:\/\/www.greenpeace.ch\/fr\/wp-json\/wp\/v2\/categories?post=128529"},{"taxonomy":"post_tag","embeddable":true,"href":"https:\/\/www.greenpeace.ch\/fr\/wp-json\/wp\/v2\/tags?post=128529"},{"taxonomy":"p4-page-type","embeddable":true,"href":"https:\/\/www.greenpeace.ch\/fr\/wp-json\/wp\/v2\/p4-page-type?post=128529"},{"taxonomy":"gpch-article-type","embeddable":true,"href":"https:\/\/www.greenpeace.ch\/fr\/wp-json\/wp\/v2\/gpch-article-type?post=128529"}],"curies":[{"name":"wp","href":"https:\/\/api.w.org\/{rel}","templated":true}]}}