{"id":131550,"date":"2026-04-24T17:48:38","date_gmt":"2026-04-24T15:48:38","guid":{"rendered":"https:\/\/www.greenpeace.ch\/?p=131550"},"modified":"2026-04-24T19:28:12","modified_gmt":"2026-04-24T17:28:12","slug":"mon-voyage-au-coeur-de-tchornobyl-et-les-enseignements-a-en-tirer-pour-la-suisse","status":"publish","type":"post","link":"https:\/\/www.greenpeace.ch\/fr\/story-fr\/131550\/mon-voyage-au-coeur-de-tchornobyl-et-les-enseignements-a-en-tirer-pour-la-suisse\/","title":{"rendered":"Mon voyage au c\u0153ur de Tchornobyl et les enseignements \u00e0 en tirer pour la Suisse"},"content":{"rendered":"\n<p><\/p>\n\n<p><strong>Ce qui suit est le journal intime d\u2019un voyage que je n\u2019oublierai jamais. Pr\u00e8s de 40 ans apr\u00e8s le d\u00e9but de la catastrophe de Tchornobyl, je me suis rendu \u00e0 Kiev, et j\u2019ai vu de mes propres yeux les vestiges d\u2019un accident nucl\u00e9aire majeur qui, en raison des d\u00e9veloppements actuels, redeviennent une menace concr\u00e8te pour les personnes et l\u2019environnement.<\/strong><\/p>\n\n<p>Nous ne savons pas quelles crises l&rsquo;avenir nous r\u00e9serve. Ce qui est certain, c\u2019est que le risque nucl\u00e9aire reste une r\u00e9alit\u00e9 en temps de paix mais aussi en temps de guerre. Pourquoi vouloir continuer de miser sur cette industrie dangereuse?\u00a0<strong>C&rsquo;est pourquoi nous nous opposons fermement aux projets du Conseil f\u00e9d\u00e9ral de relancer le nucl\u00e9aire en Suisse\u2013 <a href=\"https:\/\/www.greenpeace.ch\/fr\/agir\/non-nucleaire-referendum\/\" target=\"_blank\" rel=\"noreferrer noopener\">et nous avons besoin de votre soutien.<\/a><\/strong><\/p>\n\n<h2 class=\"wp-block-heading\">La zone d&rsquo;exclusion<\/h2>\n\n<p>Je suis assis dans le train en direction de la zone d&rsquo;exclusion de Tchornobyl. Avant-hier, je suis parti de Zurich de bon matin. J&rsquo;ai travers\u00e9 la moiti\u00e9 de l&rsquo;Europe pour me rendre dans une r\u00e9gion qui, aujourd&rsquo;hui encore, est le th\u00e9\u00e2tre des terribles cons\u00e9quences de la catastrophe nucl\u00e9aire.<\/p>\n\n<p>\u00c0 Kiev, je suis accueilli par Natalia Gozak, directrice de <a href=\"https:\/\/www.greenpeace.org\/ukraine\/en\/\">Greenpeace Ukraine<\/a>. Ensemble, nous nous pr\u00e9parons pour le voyage vers la zone d\u2019exclusion, soit les territoires \u00e9vacu\u00e9s apr\u00e8s l\u2019explosion du r\u00e9acteur 4 de Tchornobyl. Les circonstances de ce d\u00e9placement sont inqui\u00e9tantes. En f\u00e9vrier 2025, une attaque de drone russe a touch\u00e9 le d\u00f4me de confinement du r\u00e9acteur. Nous voulons savoir quelles sont les cons\u00e9quences de cette agression. A titre personnel, je veux en tirer des enseignements pour la Suisse, qui se trouve \u00e0 un tournant important en mati\u00e8re d\u2019approvisionnement \u00e9nerg\u00e9tique.<\/p>\n\n<p>Dosim\u00e8tre, tenue de protection, briefing de s\u00e9curit\u00e9. Tout est pr\u00eat. La tension est palpable.&nbsp;<\/p>\n\n<blockquote class=\"instagram-media\"\n  data-instgrm-permalink=\"https:\/\/www.instagram.com\/p\/DXgUm18DSJH\/\"\n  data-instgrm-version=\"14\"\n  style=\"max-width:320px; width:100%; margin:auto;\">\n<\/blockquote>\n\n<script async src=\"\/\/www.instagram.com\/embed.js\"><\/script>\n\n<style>\n.instagram-media div:last-child {\n  display: none !important;\n}\n<\/style>\n\n<h2 class=\"wp-block-heading\">Sous le d\u00f4me de confinement<\/h2>\n\n<p>Le lendemain matin, nous prenons la route. Apr\u00e8s plusieurs points de contr\u00f4le, nous nous retrouvons sur le site de la centrale nucl\u00e9aire de Tchornobyl.<\/p>\n\n<p>J\u2019entre dans la salle de contr\u00f4le du r\u00e9acteur 4. C\u2019est ici qu\u2019une succession de mauvaises d\u00e9cisions prises il y \u00e0 40 ans ont abouti au d\u00e9clenchement de la catastrophe dont les cons\u00e9quences se font encore largement sentir aujourd\u2019hui. La radioactivit\u00e9 y est d\u00e9j\u00e0 tr\u00e8s pr\u00e9sente.<\/p>\n\n<p>Peu apr\u00e8s, je me trouve \u00e0 l\u2019int\u00e9rieur de l\u2019immense d\u00f4me de confinement qui recouvre le r\u00e9acteur. Une construction si gigantesque qu\u2019elle pourrait abriter des monuments embl\u00e9matiques tels que la Statue de la Libert\u00e9. Derri\u00e8re moi se trouve le r\u00e9acteur scell\u00e9 en urgence, dans lequel reposent toujours des tonnes de mati\u00e8res hautement radioactives. Le niveau de radiation y est d\u00e9sormais si \u00e9lev\u00e9 qu\u2019il faut \u00e0 tout prix \u00e9viter de rester trop longtemps.<\/p>\n\n<p>La radiation est une menace invisible, mais ind\u00e9niablement pr\u00e9sente. Chaque m\u00e8tre de distance suppl\u00e9mentaire compte.<\/p>\n\n<h2 class=\"wp-block-heading\"><strong>Attaque contre la s\u00e9curit\u00e9<\/strong><\/h2>\n\n<p><a href=\"https:\/\/www.greenpeace.org\/ukraine\/en\/novyny\/5610\/russias-war-against-ukraine-threatens-urgent-new-safe-confinement-repairs-and-risks-collapse-of-the-chornobyl-sarcophagus\/\">Les d\u00e9g\u00e2ts sur le d\u00f4me de confinement sont importants<\/a>&nbsp;apr\u00e8s l\u2019attaque de drones de 2025. Cette structure est cens\u00e9e emp\u00eacher les mati\u00e8res radioactives de se r\u00e9pandre dans l\u2019environnement. La frappe russe a fortement r\u00e9duit sa fonction protectrice. Le risque est bien r\u00e9el. La concentration des risques li\u00e9s au nucl\u00e9aire repr\u00e9sente d\u00e9j\u00e0 un d\u00e9fi en temps de paix. En temps de guerre, la situation devient vite incontr\u00f4lable.<\/p>\n\n<h2 class=\"wp-block-heading\"><strong>L\u2019\u00e9nergie au service de la reconstruction<\/strong><\/h2>\n\n<p>Quelques jours plus tard, je visite une cr\u00e8che et un h\u00f4pital. Tous deux fonctionnent d\u00e9sormais \u00e0 l\u2019\u00e9nergie solaire. En Ukraine, on mise d\u00e9lib\u00e9r\u00e9ment sur des solutions renouvelables et d\u00e9centralis\u00e9es pour faire avancer la reconstruction. Des \u00e9nergies pour la paix, robustes, ind\u00e9pendantes, et exemptes de tous risques de rayonnement, de contamination et de prolif\u00e9ration. D\u2019ailleurs, le site de Tchornobyl accueille aujourd\u2019hui une centrale photovolta\u00efque.<\/p>\n\n<p>Pour conclure ma visite en Ukraine, je retourne une derni\u00e8re fois \u00e0 Ma\u00efdan, la place de l&rsquo;Ind\u00e9pendance \u00e0 Kiev. D&rsquo;innombrables monuments comm\u00e9moratifs d\u00e9di\u00e9s aux victimes de la guerre bordent la place et montrent sans \u00e9quivoque ce qui est en jeu ici. L&rsquo;Ukraine est \u00e0 la fois un pays en guerre \u2013 et d\u00e9j\u00e0 en reconstruction. Les d\u00e9cisions qui y sont prises, loin d\u2019\u00eatre id\u00e9ologiques, sont existentielles.<\/p>\n\n<h2 class=\"wp-block-heading\"><strong>Quel est le rapport avec la Suisse?<\/strong><\/h2>\n\n<p>Chez nous, les autorit\u00e9s f\u00e9d\u00e9rales sont sur le point de r\u00e9autoriser nouveau la construction de r\u00e9acteurs nucl\u00e9aires. Il y a quelques jours, la commission de l\u2019\u00e9nergie du Conseil national a d\u00e9cid\u00e9 de recommander aux parlementaires de la chambre basse de dire oui \u00e0 la modification de la loi sur l\u2019\u00e9nergie nucl\u00e9aire. Il ne faut gu\u00e8re s\u2019attendre \u00e0 ce que le Conseil national s\u2019y oppose. Cela reviendrait \u00e0 renverser la transition \u00e9nerg\u00e9tique d\u00e9cid\u00e9e par le peuple.<\/p>\n\n<p>Ceux qui m\u00e8nent ce d\u00e9bat sans avoir vu des lieux comme Tchornobyl sous-estiment le risque. Aucune centrale nucl\u00e9aire n\u2019est \u00e0 l\u2019abri de la guerre, des drones ou du sabotage. Dans le m\u00eame temps, nous constatons \u00e0 l\u2019\u00e9chelle mondiale \u00e0 quel point notre approvisionnement \u00e9nerg\u00e9tique est vuln\u00e9rable. Les conflits font grimper les prix, d\u00e9stabilisent les march\u00e9s et nous touchent directement dans notre vie quotidienne.<\/p>\n\n<p>C\u2019est un probl\u00e8me structurel li\u00e9 \u00e0 la centralisation de la production \u00e9nerg\u00e9tique. Elle cr\u00e9e des d\u00e9pendances et des points faibles.<\/p>\n\n<h2 class=\"wp-block-heading\">La le\u00e7on<\/h2>\n\n<p>La r\u00e9ponse est \u00e9vidente. Il nous faut \u00e9voluer vers un syst\u00e8me \u00e9nerg\u00e9tique qui s\u2019appuie uniquement sur les renouvelables, une production d\u00e9centralis\u00e9e et robuste. Un approvisionnement \u00e9nerg\u00e9tique r\u00e9sistant et \u00e0 l\u2019\u00e9preuve des \u00e9v\u00e9nements isol\u00e9s. Les \u00e9nergies solaire et \u00e9olienne ne peuvent ni \u00eatre bloqu\u00e9es, ni \u00eatre bombard\u00e9es.<\/p>\n\n<p>L\u2019aveuglement des personnes qui r\u00e9clament aujourd&rsquo;hui de nouvelles centrales nucl\u00e9aires ignore non seulement les circonstances actuelles, mais aussi les tristes le\u00e7ons que nous devrions tirer de Tchornobyl.<\/p>\n\n<p>Un r\u00e9f\u00e9rendum sera indispensable en Suisse pour nous pr\u00e9munir d\u2019un retour hasardeux de l\u2019\u00e9nergie nucl\u00e9aire. Aidez-nous \u00e0 en garantir le succ\u00e8s.&nbsp;<\/p>\n\t\t\t<section\n\t\t\tclass=\"boxout post-129708 \"\n\t\t\t\n\t\t>\n\t\t\t<a\n\t\t\t\tdata-ga-category=\"Take Action Boxout\"\n\t\t\t\tdata-ga-action=\"Image\"\n\t\t\t\tdata-ga-label=\"n\/a\"\n\t\t\t\tclass=\"cover-card-overlay\"\n\t\t\t\thref=\"https:\/\/www.greenpeace.ch\/fr\/agir\/non-nucleaire-referendum\/\" \n\t\t\t><\/a>\n\t\t\t\t\t\t\t<img\n\t\t\t\t\t\tsrc=\"https:\/\/www.greenpeace.ch\/static\/planet4-switzerland-stateless\/2026\/03\/4e28c2aa-anti-atom_2_bundeshaus-1024x683.jpg\"\n\t\t\t\t\t\tsrcset=\"https:\/\/www.greenpeace.ch\/static\/planet4-switzerland-stateless\/2026\/03\/4e28c2aa-anti-atom_2_bundeshaus-300x200.jpg 300w, https:\/\/www.greenpeace.ch\/static\/planet4-switzerland-stateless\/2026\/03\/4e28c2aa-anti-atom_2_bundeshaus-1024x683.jpg 1024w, https:\/\/www.greenpeace.ch\/static\/planet4-switzerland-stateless\/2026\/03\/4e28c2aa-anti-atom_2_bundeshaus-768x512.jpg 768w, https:\/\/www.greenpeace.ch\/static\/planet4-switzerland-stateless\/2026\/03\/4e28c2aa-anti-atom_2_bundeshaus-1536x1024.jpg 1536w, https:\/\/www.greenpeace.ch\/static\/planet4-switzerland-stateless\/2026\/03\/4e28c2aa-anti-atom_2_bundeshaus-2048x1366.jpg 2048w, https:\/\/www.greenpeace.ch\/static\/planet4-switzerland-stateless\/2026\/03\/4e28c2aa-anti-atom_2_bundeshaus-510x340.jpg 510w\"\n\t\t\t\t\t\tsizes=\"(min-width: 1000px) 358px, (min-width: 780px) 313px, 88px\"\n\t\t\t\t\t\talt=\"\" title=\"\"\n\t\t\t\t\/>\n            \t\t\t<div class=\"boxout-content\">\n\t\t\t\t\t\t\t\t\t<a\n\t\t\t\t\t\tclass=\"boxout-heading medium\"\n\t\t\t\t\t\tdata-ga-category=\"Take Action Boxout\"\n\t\t\t\t\t\tdata-ga-action=\"Title\"\n\t\t\t\t\t\tdata-ga-label=\"n\/a\"\n\t\t\t\t\t\thref=\"https:\/\/www.greenpeace.ch\/fr\/agir\/non-nucleaire-referendum\/\"\n\t\t\t\t\t\t\n\t\t\t\t\t>\n\t\t\t\t\t\tUn r\u00e9f\u00e9rendum se profile \u00e0 l\u2019horizon: non au retour du nucl\u00e9aire\n\t\t\t\t\t<\/a>\n\t\t\t\t\t\t\t\t\t\t\t\t\t<p class=\"boxout-excerpt\">Promettez de signer le futur r\u00e9f\u00e9rendum pour emp\u00eacher le retour du nucl\u00e9aire.<\/p>\n\t\t\t\t                                    <a\n                        class=\"btn btn-primary\"\n                        data-ga-category=\"Take Action Boxout\"\n                        data-ga-action=\"Call to Action\"\n                        data-ga-label=\"n\/a\"\n                        href=\"https:\/\/www.greenpeace.ch\/fr\/agir\/non-nucleaire-referendum\/\"\n                        \n                    >\n                        Impliquez-vous\n                    <\/a>\n                \t\t\t<\/div>\n\t\t\t\t\t<\/section>\n\t","protected":false},"excerpt":{"rendered":"<p>Pr\u00e8s de 40 ans apr\u00e8s le d\u00e9but de la catastrophe de Tchornobyl, je me suis rendu \u00e0 Kiev, et j\u2019ai vu de mes propres yeux les vestiges d\u2019un accident nucl\u00e9aire majeur.<\/p>\n","protected":false},"author":127,"featured_media":131559,"comment_status":"closed","ping_status":"open","sticky":false,"template":"","format":"standard","meta":{"_acf_changed":false,"_planet4_optimize_post_is_variant":false,"_planet4_optimize_experiment_name":"","_planet4_optimize_variant_name":"","ep_exclude_from_search":false,"p4_og_title":"","p4_og_description":"","p4_og_image":"","p4_og_image_id":"","p4_seo_canonical_url":"","p4_campaign_name":"","p4_local_project":"","p4_basket_name":"","p4_department":"","footnotes":""},"categories":[22],"tags":[197,221],"p4-page-type":[77],"gpch-article-type":[],"class_list":["post-131550","post","type-post","status-publish","format-standard","has-post-thumbnail","hentry","category-non-classifiee","tag-energie-fr","tag-ukraine-fr","p4-page-type-story-fr"],"acf":[],"_links":{"self":[{"href":"https:\/\/www.greenpeace.ch\/fr\/wp-json\/wp\/v2\/posts\/131550","targetHints":{"allow":["GET"]}}],"collection":[{"href":"https:\/\/www.greenpeace.ch\/fr\/wp-json\/wp\/v2\/posts"}],"about":[{"href":"https:\/\/www.greenpeace.ch\/fr\/wp-json\/wp\/v2\/types\/post"}],"author":[{"embeddable":true,"href":"https:\/\/www.greenpeace.ch\/fr\/wp-json\/wp\/v2\/users\/127"}],"replies":[{"embeddable":true,"href":"https:\/\/www.greenpeace.ch\/fr\/wp-json\/wp\/v2\/comments?post=131550"}],"version-history":[{"count":13,"href":"https:\/\/www.greenpeace.ch\/fr\/wp-json\/wp\/v2\/posts\/131550\/revisions"}],"predecessor-version":[{"id":131583,"href":"https:\/\/www.greenpeace.ch\/fr\/wp-json\/wp\/v2\/posts\/131550\/revisions\/131583"}],"wp:featuredmedia":[{"embeddable":true,"href":"https:\/\/www.greenpeace.ch\/fr\/wp-json\/wp\/v2\/media\/131559"}],"wp:attachment":[{"href":"https:\/\/www.greenpeace.ch\/fr\/wp-json\/wp\/v2\/media?parent=131550"}],"wp:term":[{"taxonomy":"category","embeddable":true,"href":"https:\/\/www.greenpeace.ch\/fr\/wp-json\/wp\/v2\/categories?post=131550"},{"taxonomy":"post_tag","embeddable":true,"href":"https:\/\/www.greenpeace.ch\/fr\/wp-json\/wp\/v2\/tags?post=131550"},{"taxonomy":"p4-page-type","embeddable":true,"href":"https:\/\/www.greenpeace.ch\/fr\/wp-json\/wp\/v2\/p4-page-type?post=131550"},{"taxonomy":"gpch-article-type","embeddable":true,"href":"https:\/\/www.greenpeace.ch\/fr\/wp-json\/wp\/v2\/gpch-article-type?post=131550"}],"curies":[{"name":"wp","href":"https:\/\/api.w.org\/{rel}","templated":true}]}}