{"id":131599,"date":"2026-04-27T09:33:30","date_gmt":"2026-04-27T07:33:30","guid":{"rendered":"https:\/\/www.greenpeace.ch\/?p=131599"},"modified":"2026-04-27T09:33:40","modified_gmt":"2026-04-27T07:33:40","slug":"natura-tavola-un-pasto-100-vegetale-da-degustare-gratuitamente-a-lugano","status":"publish","type":"post","link":"https:\/\/www.greenpeace.ch\/fr\/communique-de-presse\/131599\/natura-tavola-un-pasto-100-vegetale-da-degustare-gratuitamente-a-lugano\/","title":{"rendered":"Natur\u2019a tavola: un pasto 100% vegetale da degustare gratuitamente a Lugano"},"content":{"rendered":"\n<p><\/p>\n\n<p>Losanna, 27 aprile 2026 &#8211;<strong>Greenpeace Svizzera e gli istituti scolastici del quartiere di Lugano-Viganello invitano il pubblico a scoprire i benefici di un\u2019alimentazione pi\u00f9 vegetale. L\u2019appuntamento \u00e8 per mercoled\u00ec 6 maggio nel piazzale vicino al Campus EST USI-SUPSI a Lugano-Viganello. Un pasto interamente a base di prodotti vegetali svizzeri verr\u00e0 offerto dalle 11.00 alle 14.00 a tutte le persone interessate. Iscrizioni su <\/strong><a href=\"https:\/\/act.gp\/natura-lugano\"><strong>act.gp\/natura-lugano<\/strong><\/a><strong>,<\/strong> <strong>fino a esaurimento posti.<\/strong><\/p>\n\n<p>I vantaggi di un\u2019alimentazione pi\u00f9 ricca di proteine vegetali sono numerosi: questa scelta consente in particolare di tutelare il clima, l\u2019ambiente e la salute. Per mettere in luce la ricchezza dei vegetali svizzeri, il 6 maggio Greenpeace Svizzera organizza un pranzo in collaborazione con il Liceo cantonale di Lugano 3, la Scuola media di Viganello e il Centro professionale tecnico del settore tessile (CPT Lugano-Viganello), che comprende la Scuola d\u2019arti e mestieri della sartoria (SAMS) e la Scuola specializzata superiore di abbigliamento e design della moda (STA).<\/p>\n\n<p>Il men\u00f9 prevede una <em>bowl<\/em> proposta in varie versioni per soddisfare tutti i gusti. Ma cosa si cela dietro questo termine? Piselli, fave o soia coltivati in Svizzera, con un unico obiettivo: offrire un quadro della variet\u00e0 delle proteine vegetali e dimostrare che sono gustose e benefiche sia per la salute che per il pianeta. Ai fornelli, il team di Vege\u2019tables, specialista in alimentazione vegetale. Alle partecipanti e ai partecipanti saranno proposte anche diverse attivit\u00e0.<\/p>\n\n<p>Questa giornata si inserisce nel quadro della campagna di Greenpeace Svizzera per<a href=\"https:\/\/www.greenpeace.ch\/fr\/communique-de-presse\/130392\/le-systeme-alimentaire-de-demain-davantage-de-vegetaux-et-de-diversite\/\"> un sistema alimentare sostenibile<\/a>. Adottare un\u2019alimentazione pi\u00f9 vegetale \u00e8 infatti uno dei mezzi pi\u00f9 efficaci per ridurre il proprio impatto sull\u2019ambiente e sul clima. Consentirebbe inoltre di aumentare il grado di autosufficienza della Svizzera, come ha recentemente dimostrato uno studio condotto dall\u2019Istituto di ricerca dell\u2019agricoltura biologica (FIBL). Oggi, infatti, il 60% dei terreni agricoli svizzeri \u00e8 utilizzato per produrre mangimi per gli animali da allevamento. Enormi quantit\u00e0 di vegetali vengono somministrate agli animali invece di essere consumate direttamente. Ad esempio, per ottenere 1 kg di proteine animali \u00e8 necessario nutrire i maiali con 4,5 kg di proteine vegetali.<\/p>\n\n<p>Questa proposta \u00e8 in linea con l\u2019approccio all\u2018educazione allo sviluppo sostenibile ancorato nei piani di studio e attuato, a differenti livelli, dagli istituti scolastici del Cantone Ticino. Il Dipartimento dell\u2019educazione, della cultura e dello sport promuove tra l\u2019altro a sua volta, anche nell\u2019ambito della refezione scolastica, un\u2019alimentazione di qualit\u00e0, varia, equilibrata e sostenibile.<\/p>\n\n<p>Per tutte le persone pronte a lasciarsi sorprendere, appuntamento il 6 maggio tra le 11.00 e le 14.00 sul piazzale tra il fiume Cassarate e il Campus EST USI-SUPSI a Lugano-Viganello. Per evitare sprechi, \u00e8 richiesta l\u2019iscrizione su <a href=\"https:\/\/act.gp\/natura-lugano\">act.gp\/natura-lugano<\/a>.<\/p>\n\n<p><strong>P.S.:<\/strong> Saremo lieti di accogliere i rappresentanti dei media in loco il 6 maggio a partire dalle ore 11:30. Se siete interessati, vi preghiamo di confermare la vostra presenza via e-mail all&rsquo;indirizzo: <a href=\"mailto:fanny.eternod@greenpeace.org\">fanny.eternod@greenpeace.org<\/a>&nbsp;<\/p>\n\n<p><strong>Contatti<\/strong><\/p>\n\n<ul class=\"wp-block-list\">\n<li>Abraham Dali, coordinatore dei volontari e delle volontarie e organizzatore di Natur\u2019a tavola, Greenpeace Svizzera, + 41 79 515 46 14, abraham.dali@greenpeace.org (italiano)<\/li>\n\n\n\n<li>Fanny Eternod, portavoce Consumo, Greenpeace Svizzera, +41 78 662 07 31, fanny.eternod@greenpeace.org (francese)<\/li>\n\n\n\n<li>Lea Ticozzi, collaboratrice di direzione e coordinatrice della Commissione culturale del Liceo di Lugano 3, +41 76 491 68 81, lea.ticozzi@edu.ti.ch<\/li>\n<\/ul>\n","protected":false},"excerpt":{"rendered":"<p>Losanna, 27 aprile 2026 &#8211;Greenpeace Svizzera e gli istituti scolastici del quartiere di Lugano-Viganello invitano il pubblico a scoprire i benefici di un\u2019alimentazione pi\u00f9 vegetale. L\u2019appuntamento \u00e8 per mercoled\u00ec 6 maggio nel piazzale vicino al Campus EST USI-SUPSI a Lugano-Viganello. Un pasto interamente a base di prodotti vegetali svizzeri verr\u00e0 offerto dalle 11.00 alle 14.00 [&hellip;]<\/p>\n","protected":false},"author":76,"featured_media":131600,"comment_status":"closed","ping_status":"open","sticky":false,"template":"","format":"standard","meta":{"_acf_changed":false,"_planet4_optimize_post_is_variant":false,"_planet4_optimize_experiment_name":"","_planet4_optimize_variant_name":"","ep_exclude_from_search":false,"p4_og_title":"","p4_og_description":"","p4_og_image":"","p4_og_image_id":"","p4_seo_canonical_url":"","p4_campaign_name":"","p4_local_project":"","p4_basket_name":"","p4_department":"","footnotes":""},"categories":[22],"tags":[113,218],"p4-page-type":[73],"gpch-article-type":[],"class_list":["post-131599","post","type-post","status-publish","format-standard","has-post-thumbnail","hentry","category-non-classifiee","tag-alimentation","tag-consommation","p4-page-type-communique-de-presse"],"acf":[],"_links":{"self":[{"href":"https:\/\/www.greenpeace.ch\/fr\/wp-json\/wp\/v2\/posts\/131599","targetHints":{"allow":["GET"]}}],"collection":[{"href":"https:\/\/www.greenpeace.ch\/fr\/wp-json\/wp\/v2\/posts"}],"about":[{"href":"https:\/\/www.greenpeace.ch\/fr\/wp-json\/wp\/v2\/types\/post"}],"author":[{"embeddable":true,"href":"https:\/\/www.greenpeace.ch\/fr\/wp-json\/wp\/v2\/users\/76"}],"replies":[{"embeddable":true,"href":"https:\/\/www.greenpeace.ch\/fr\/wp-json\/wp\/v2\/comments?post=131599"}],"version-history":[{"count":1,"href":"https:\/\/www.greenpeace.ch\/fr\/wp-json\/wp\/v2\/posts\/131599\/revisions"}],"predecessor-version":[{"id":131603,"href":"https:\/\/www.greenpeace.ch\/fr\/wp-json\/wp\/v2\/posts\/131599\/revisions\/131603"}],"wp:featuredmedia":[{"embeddable":true,"href":"https:\/\/www.greenpeace.ch\/fr\/wp-json\/wp\/v2\/media\/131600"}],"wp:attachment":[{"href":"https:\/\/www.greenpeace.ch\/fr\/wp-json\/wp\/v2\/media?parent=131599"}],"wp:term":[{"taxonomy":"category","embeddable":true,"href":"https:\/\/www.greenpeace.ch\/fr\/wp-json\/wp\/v2\/categories?post=131599"},{"taxonomy":"post_tag","embeddable":true,"href":"https:\/\/www.greenpeace.ch\/fr\/wp-json\/wp\/v2\/tags?post=131599"},{"taxonomy":"p4-page-type","embeddable":true,"href":"https:\/\/www.greenpeace.ch\/fr\/wp-json\/wp\/v2\/p4-page-type?post=131599"},{"taxonomy":"gpch-article-type","embeddable":true,"href":"https:\/\/www.greenpeace.ch\/fr\/wp-json\/wp\/v2\/gpch-article-type?post=131599"}],"curies":[{"name":"wp","href":"https:\/\/api.w.org\/{rel}","templated":true}]}}