{"id":131610,"date":"2026-04-29T17:53:59","date_gmt":"2026-04-29T15:53:59","guid":{"rendered":"https:\/\/www.greenpeace.ch\/?p=131610"},"modified":"2026-04-29T17:56:58","modified_gmt":"2026-04-29T15:56:58","slug":"affaire-importance-fondamentale","status":"publish","type":"post","link":"https:\/\/www.greenpeace.ch\/fr\/story-fr\/131610\/affaire-importance-fondamentale\/","title":{"rendered":"Greenpeace International contre Energy Transfer: une affaire d\u2019une importance fondamentale"},"content":{"rendered":"\n<p><strong>Depuis une d\u00e9cennie, Energy Transfer m\u00e8ne des proc\u00e9dures-b\u00e2illons contre Greenpeace International et contre les entit\u00e9s de Greenpeace aux \u00c9tats-Unis. En f\u00e9vrier, un tribunal du Dakota du Nord a rendu une d\u00e9cision les condamnant \u00e0 verser 345 millions de dollars \u00e0 l\u2019entreprise p\u00e9troli\u00e8re, suite \u00e0 un premier verdict rendu par un jury de cette cour. Depuis f\u00e9vrier 2025, soit un an auparavant, <\/strong><a href=\"https:\/\/www.greenpeace.ch\/fr\/story-fr\/120384\/procedure-baillon-aux-usa-opposition-contre-les-sommes-absurdes-exigees-en-dommage-et-interet\/\" target=\"_blank\" rel=\"noreferrer noopener\"><strong>Greenpeace International m\u00e8ne une action en justice contre Energy Transfer en invoquant les dispositions du droit n\u00e9erlandais et en citant une directive europ\u00e9enne contre les proc\u00e9dures-b\u00e2illons, ou SLAPP en anglais<\/strong><\/a><strong>. Le 16 avril dernier, Energy Transfer a pr\u00e9sent\u00e9 ses arguments pour demander un rejet de la plainte. Le tribunal devrait annoncer le 3 juin prochain s\u2019il est comp\u00e9tent dans ce dossier.<\/strong><\/p>\n\n<hr class=\"wp-block-separator has-alpha-channel-opacity\"\/>\n\n<h2 class=\"wp-block-heading is-style-default\"><strong>Les proc\u00e9dures-b\u00e2illons ou SLAPP c\u2019est quoi?<\/strong><\/h2>\n\n<p class=\"is-style-accent-1\">Une proc\u00e9dure-b\u00e2illon est une action en justice abusive utilis\u00e9e pour faire pression sur des acteurs de la soci\u00e9t\u00e9 civile, comme des journalistes, des militant\u00b7es, des scientifiques ou des organisations non gouvernementales afin de les dissuader de s&rsquo;exprimer sur des questions d&rsquo;int\u00e9r\u00eat public. Le plus souvent il s\u2019agit de plaintes pour atteinte \u00e0 l\u2019honneur ou \u00e0 la r\u00e9putation sous forme de diffamation ou de calomnie. L\u2019objectif est rarement de gagner devant un tribunal, mais d\u2019\u00e9puiser moralement et financi\u00e8rement la personne ou l\u2019organisation cibl\u00e9e afin de la dissuader d\u2019user de sa libert\u00e9 d\u2019expression et de manifestation. A l\u2019origine de ces processus abusifs on trouve le plus souvent des entreprises, mais aussi des politicien\u00b7nes et des dirigeant\u00b7es autoritaires ou des grandes fortunes et des oligarques.&nbsp;<\/p>\n\n<p class=\"is-style-accent-1\">En anglais, c\u2019est l\u2019acronyme SLAPP qui est le plus souvent utilis\u00e9 pour d\u00e9nommer ces techniques d\u2019intimidations. SLAPP signifie <em>Strategic lawsuit against public participation <\/em>(traduction: proc\u00e8s strat\u00e9gique visant \u00e0 entraver la participation du public)<\/p>\n\n<hr class=\"wp-block-separator has-alpha-channel-opacity\"\/>\n\n<p><strong>Voici trois raisons pour lesquelles l\u2019action en justice de Greenpeace International contre le SLAPP rev\u00eat une importance fondamentale pour la libert\u00e9 d\u2019expression et le droit de manifester:<\/strong><\/p>\n\n<h3 class=\"wp-block-heading\">1) <strong>Elle met Energy Transfer face \u00e0 ses responsabilit\u00e9s:<\/strong><\/h3>\n\n<p>Toujours plus d\u2019entreprises et de dirigeant\u00b7es autocratiques tentent de museler des personnes et des organisations qui disent la v\u00e9rit\u00e9, font preuve de solidarit\u00e9 et d\u00e9fendent leurs communaut\u00e9s contre l&rsquo;extractivisme. La tendance est \u00e0 la hausse des proc\u00e9dures-b\u00e2illons, partout sur la plan\u00e8te et <a href=\"https:\/\/www.alliance-contre-slapp.ch\/\" target=\"_blank\" rel=\"noreferrer noopener\">m\u00eame en Suisse<\/a>. La succession de poursuites abusives intent\u00e9es par Energy Transfer contre Greenpeace International et les entit\u00e9s de Greenpeace aux \u00c9tats-Unis constitue un exemple frappant de ces tentatives d&rsquo;intimidation. En tra\u00eenant Energy Transfer en justice en Europe, Greenpeace International montre qu\u2019elle refuse de se laisser faire.&nbsp;<\/p>\n\n<figure class=\"wp-block-image size-large\"><img loading=\"lazy\" decoding=\"async\" width=\"1024\" height=\"683\" src=\"https:\/\/www.greenpeace.ch\/static\/planet4-switzerland-stateless\/2026\/04\/9c36441c-gp0su1ug5_medium-res-with-credit-line-1200px-1024x683.jpg\" alt=\"\" class=\"wp-image-131614\" srcset=\"https:\/\/www.greenpeace.ch\/static\/planet4-switzerland-stateless\/2026\/04\/9c36441c-gp0su1ug5_medium-res-with-credit-line-1200px-1024x683.jpg 1024w, https:\/\/www.greenpeace.ch\/static\/planet4-switzerland-stateless\/2026\/04\/9c36441c-gp0su1ug5_medium-res-with-credit-line-1200px-300x200.jpg 300w, https:\/\/www.greenpeace.ch\/static\/planet4-switzerland-stateless\/2026\/04\/9c36441c-gp0su1ug5_medium-res-with-credit-line-1200px-768x512.jpg 768w, https:\/\/www.greenpeace.ch\/static\/planet4-switzerland-stateless\/2026\/04\/9c36441c-gp0su1ug5_medium-res-with-credit-line-1200px-510x340.jpg 510w, https:\/\/www.greenpeace.ch\/static\/planet4-switzerland-stateless\/2026\/04\/9c36441c-gp0su1ug5_medium-res-with-credit-line-1200px.jpg 1200w\" sizes=\"auto, (max-width: 1024px) 100vw, 1024px\" \/><figcaption><div class=\"credit icon-left\"> \u00a9 Laura Buckman \/ Greenpeace<\/div><\/figcaption><\/figure>\n\n<p>\u201cEnergy Transfer doit se soumettre \u00e0 la justice. Greenpeace International poursuit cette entreprise p\u00e9troli\u00e8re, pour ses tentatives r\u00e9p\u00e9t\u00e9es de museler notre libert\u00e9 d&rsquo;expression, en vertu du droit n\u00e9erlandais et europ\u00e9en\u201d, expliquait Mads Christensen, le directeur ex\u00e9cutif de Greenpeace International, dans <a href=\"https:\/\/www.greenpeace.org\/international\/press-release\/82778\/dutch-court-greenpeace-internationals-arguments-against-energy-transfers-evade-accountability\/\" target=\"_blank\" rel=\"noreferrer noopener\">le communiqu\u00e9 de presse de Greenpeace International concernant l\u2019audition du 16 avril dernier<\/a>. \u201cNous continuerons \u00e0 r\u00e9sister \u00e0 toute forme d&rsquo;intimidation et sommes convaincus que Energy Transfer devra r\u00e9pondre de ses actes ici, aux Pays-Bas.\u201d<\/p>\n\n<h3 class=\"wp-block-heading\">2) <strong>Elle ouvre la voie pour de nombreuses autres personnes et organisations victimes de proc\u00e9dures-b\u00e2illons.<\/strong>&nbsp;<\/h3>\n\n<p>Cette action en justice rev\u00eat un caract\u00e8re historique. Elle est la premi\u00e8re qui invoque la nouvelle directive europ\u00e9enne contre les proc\u00e9dures-b\u00e2illons. Elle doit servir d\u2019avertissement aux tyrans, aux oligarques et aux entreprises dont les activit\u00e9s menacent l\u2019environnement et les libert\u00e9s fondamentales.&nbsp;<\/p>\n\n<figure class=\"wp-block-image size-large\"><img loading=\"lazy\" decoding=\"async\" width=\"1024\" height=\"683\" src=\"https:\/\/www.greenpeace.ch\/static\/planet4-switzerland-stateless\/2026\/04\/812442f0-gp0su4w8t_medium-res-with-credit-line-1200px-1024x683.jpg\" alt=\"\" class=\"wp-image-131617\" srcset=\"https:\/\/www.greenpeace.ch\/static\/planet4-switzerland-stateless\/2026\/04\/812442f0-gp0su4w8t_medium-res-with-credit-line-1200px-1024x683.jpg 1024w, https:\/\/www.greenpeace.ch\/static\/planet4-switzerland-stateless\/2026\/04\/812442f0-gp0su4w8t_medium-res-with-credit-line-1200px-300x200.jpg 300w, https:\/\/www.greenpeace.ch\/static\/planet4-switzerland-stateless\/2026\/04\/812442f0-gp0su4w8t_medium-res-with-credit-line-1200px-768x512.jpg 768w, https:\/\/www.greenpeace.ch\/static\/planet4-switzerland-stateless\/2026\/04\/812442f0-gp0su4w8t_medium-res-with-credit-line-1200px-510x340.jpg 510w, https:\/\/www.greenpeace.ch\/static\/planet4-switzerland-stateless\/2026\/04\/812442f0-gp0su4w8t_medium-res-with-credit-line-1200px.jpg 1200w\" sizes=\"auto, (max-width: 1024px) 100vw, 1024px\" \/><figcaption><div class=\"credit icon-left\"> \u00a9 Patric Pavel \/ Greenpeace<\/div><\/figcaption><\/figure>\n\n<p><br>\u201cCette proc\u00e9dure envoie \u00e9galement un message \u00e0 nos alli\u00e9s: il est temps de r\u00e9sister. Nous savons que c\u2019est ensemble que nous sommes les plus forts, et nous savons que nous pouvons gagner ce combat juridique\u201d, explique Mads Christensen dans <a href=\"https:\/\/www.greenpeace.org\/international\/story\/82769\/energy-transfer-big-oil-slapp-court-case\/\" target=\"_blank\" rel=\"noreferrer noopener\">une tribune<\/a> publi\u00e9e le 16 avril dernier sur le site Internet de Greenpeace International. \u201cNous voulons que toutes les entreprises qui envisagent d\u2019utiliser un proc\u00e8s comme une arme sachent que ces tactiques se retourneront contre elles.\u201d<\/p>\n\n<h3 class=\"wp-block-heading\">3) <strong>Elle sert d\u2019exemple \u00e0 la Suisse, qui a pris du retard.<\/strong><\/h3>\n\n<p>En Suisse aussi les cas de proc\u00e9dures-b\u00e2illons sont en augmentation. <a href=\"https:\/\/www.alliance-contre-slapp.ch\/exemples-slapp\" target=\"_blank\" rel=\"noreferrer noopener\">Des acteurs de la soci\u00e9t\u00e9 civile sont l\u2019objet de poursuites judiciaires abusives qui visent \u00e0 museler la libert\u00e9 d\u2019expression<\/a>. Pourtant la mise en place d\u2019un cadre l\u00e9gal qui doit permettre de nous prot\u00e9ger de ces tentatives d\u2019intimidation tra\u00eene. La Suisse doit rattraper son retard et suivre l\u2019exemple de la directive europ\u00e9enne. Le droit de protester, de manifester, de dire la v\u00e9rit\u00e9 et de s\u2019opposer aux activit\u00e9s nocives pour l\u2019environnement et les droits humains est un pilier fondamental pour le bon fonctionnement de la d\u00e9mocratie. La Suisse doit tout faire pour le prot\u00e9ger.<\/p>\n\n<figure class=\"wp-block-image size-large\"><img loading=\"lazy\" decoding=\"async\" width=\"1024\" height=\"683\" src=\"https:\/\/www.greenpeace.ch\/static\/planet4-switzerland-stateless\/2026\/04\/f8ea6407-gp0su8qlr_medium-res-with-credit-line-1200px-1024x683.jpg\" alt=\"\" class=\"wp-image-131621\" srcset=\"https:\/\/www.greenpeace.ch\/static\/planet4-switzerland-stateless\/2026\/04\/f8ea6407-gp0su8qlr_medium-res-with-credit-line-1200px-1024x683.jpg 1024w, https:\/\/www.greenpeace.ch\/static\/planet4-switzerland-stateless\/2026\/04\/f8ea6407-gp0su8qlr_medium-res-with-credit-line-1200px-300x200.jpg 300w, https:\/\/www.greenpeace.ch\/static\/planet4-switzerland-stateless\/2026\/04\/f8ea6407-gp0su8qlr_medium-res-with-credit-line-1200px-768x512.jpg 768w, https:\/\/www.greenpeace.ch\/static\/planet4-switzerland-stateless\/2026\/04\/f8ea6407-gp0su8qlr_medium-res-with-credit-line-1200px-510x340.jpg 510w, https:\/\/www.greenpeace.ch\/static\/planet4-switzerland-stateless\/2026\/04\/f8ea6407-gp0su8qlr_medium-res-with-credit-line-1200px.jpg 1200w\" sizes=\"auto, (max-width: 1024px) 100vw, 1024px\" \/><figcaption><div class=\"credit icon-left\"> \u00a9 David B\u00fcrgisser \/ Greenpeace<\/div><\/figcaption><\/figure>\n\n<hr class=\"wp-block-separator has-alpha-channel-opacity\"\/>\n\n<h2 class=\"wp-block-heading\"><strong>Votre don permet de prot\u00e9ger la libert\u00e9 d\u2019expression et le droit de protester<\/strong><\/h2>\n\n<p class=\"is-style-accent-1\">Aidez Greenpeace Suisse \u00e0 continuer de r\u00e9v\u00e9ler les v\u00e9rit\u00e9s g\u00eanantes sur les activit\u00e9s nocives des entreprises polluantes et \u00e0 faire entendre nos voix.<\/p>\n\t\t\t<section\n\t\t\tclass=\"boxout  \"\n\t\t\t\n\t\t>\n\t\t\t<a\n\t\t\t\tdata-ga-category=\"Take Action Boxout\"\n\t\t\t\tdata-ga-action=\"Image\"\n\t\t\t\tdata-ga-label=\"n\/a\"\n\t\t\t\tclass=\"cover-card-overlay\"\n\t\t\t\thref=\"https:\/\/www.greenpeace.ch\/fr\/slapp\/\" \n\t\t\t><\/a>\n\t\t\t\t\t\t\t<img\n\t\t\t\t\t\tsrc=\"https:\/\/www.greenpeace.ch\/static\/planet4-switzerland-stateless\/2025\/02\/8c930097-gp0su2kgk_medium-res-1200px-1024x683.jpg\"\n\t\t\t\t\t\tsrcset=\"https:\/\/www.greenpeace.ch\/static\/planet4-switzerland-stateless\/2025\/02\/8c930097-gp0su2kgk_medium-res-1200px-300x200.jpg 300w, https:\/\/www.greenpeace.ch\/static\/planet4-switzerland-stateless\/2025\/02\/8c930097-gp0su2kgk_medium-res-1200px-1024x683.jpg 1024w, https:\/\/www.greenpeace.ch\/static\/planet4-switzerland-stateless\/2025\/02\/8c930097-gp0su2kgk_medium-res-1200px-768x512.jpg 768w, https:\/\/www.greenpeace.ch\/static\/planet4-switzerland-stateless\/2025\/02\/8c930097-gp0su2kgk_medium-res-1200px-510x340.jpg 510w, https:\/\/www.greenpeace.ch\/static\/planet4-switzerland-stateless\/2025\/02\/8c930097-gp0su2kgk_medium-res-1200px.jpg 1200w\"\n\t\t\t\t\t\tsizes=\"(min-width: 1000px) 358px, (min-width: 780px) 313px, 88px\"\n\t\t\t\t\t\talt=\"\" title=\"\"\n\t\t\t\t\/>\n            \t\t\t<div class=\"boxout-content\">\n\t\t\t\t\t\t\t\t\t<a\n\t\t\t\t\t\tclass=\"boxout-heading medium\"\n\t\t\t\t\t\tdata-ga-category=\"Take Action Boxout\"\n\t\t\t\t\t\tdata-ga-action=\"Title\"\n\t\t\t\t\t\tdata-ga-label=\"n\/a\"\n\t\t\t\t\t\thref=\"https:\/\/www.greenpeace.ch\/fr\/slapp\/\"\n\t\t\t\t\t\t\n\t\t\t\t\t>\n\t\t\t\t\t\tVotre don renforce notre mouvement\n\t\t\t\t\t<\/a>\n\t\t\t\t\t\t\t\t\t\t\t\t\t<p class=\"boxout-excerpt\">Chaque contribution renforce notre action pour prot\u00e9ger l&rsquo;environnement.<\/p>\n\t\t\t\t                                    <a\n                        class=\"btn btn-primary\"\n                        data-ga-category=\"Take Action Boxout\"\n                        data-ga-action=\"Call to Action\"\n                        data-ga-label=\"n\/a\"\n                        href=\"https:\/\/www.greenpeace.ch\/fr\/slapp\/\"\n                        \n                    >\n                        Faire un don\n                    <\/a>\n                \t\t\t<\/div>\n\t\t\t\t\t<\/section>\n\t","protected":false},"excerpt":{"rendered":"<p>Depuis f\u00e9vrier 2025, Greenpeace International m\u00e8ne une action en justice contre Energy Transfer en invoquant les dispositions du droit n\u00e9erlandais et en citant une directive europ\u00e9enne contre les proc\u00e9dures-b\u00e2illons, ou SLAPP en anglais. Le 16 avril dernier, Energy Transfer a pr\u00e9sent\u00e9 ses arguments pour demander un rejet de la plainte. Le tribunal devrait annoncer le 3 juin prochain s\u2019il est comp\u00e9tent dans ce dossier.<\/p>\n","protected":false},"author":37,"featured_media":131611,"comment_status":"closed","ping_status":"open","sticky":false,"template":"","format":"standard","meta":{"_acf_changed":false,"_planet4_optimize_post_is_variant":false,"_planet4_optimize_experiment_name":"","_planet4_optimize_variant_name":"","ep_exclude_from_search":false,"p4_og_title":"","p4_og_description":"","p4_og_image":"","p4_og_image_id":"","p4_seo_canonical_url":"","p4_campaign_name":"","p4_local_project":"","p4_basket_name":"","p4_department":"","footnotes":""},"categories":[22],"tags":[58,136],"p4-page-type":[77],"gpch-article-type":[],"class_list":["post-131610","post","type-post","status-publish","format-standard","has-post-thumbnail","hentry","category-non-classifiee","tag-climat","tag-justice-climatique","p4-page-type-story-fr"],"acf":[],"_links":{"self":[{"href":"https:\/\/www.greenpeace.ch\/fr\/wp-json\/wp\/v2\/posts\/131610","targetHints":{"allow":["GET"]}}],"collection":[{"href":"https:\/\/www.greenpeace.ch\/fr\/wp-json\/wp\/v2\/posts"}],"about":[{"href":"https:\/\/www.greenpeace.ch\/fr\/wp-json\/wp\/v2\/types\/post"}],"author":[{"embeddable":true,"href":"https:\/\/www.greenpeace.ch\/fr\/wp-json\/wp\/v2\/users\/37"}],"replies":[{"embeddable":true,"href":"https:\/\/www.greenpeace.ch\/fr\/wp-json\/wp\/v2\/comments?post=131610"}],"version-history":[{"count":6,"href":"https:\/\/www.greenpeace.ch\/fr\/wp-json\/wp\/v2\/posts\/131610\/revisions"}],"predecessor-version":[{"id":131803,"href":"https:\/\/www.greenpeace.ch\/fr\/wp-json\/wp\/v2\/posts\/131610\/revisions\/131803"}],"wp:featuredmedia":[{"embeddable":true,"href":"https:\/\/www.greenpeace.ch\/fr\/wp-json\/wp\/v2\/media\/131611"}],"wp:attachment":[{"href":"https:\/\/www.greenpeace.ch\/fr\/wp-json\/wp\/v2\/media?parent=131610"}],"wp:term":[{"taxonomy":"category","embeddable":true,"href":"https:\/\/www.greenpeace.ch\/fr\/wp-json\/wp\/v2\/categories?post=131610"},{"taxonomy":"post_tag","embeddable":true,"href":"https:\/\/www.greenpeace.ch\/fr\/wp-json\/wp\/v2\/tags?post=131610"},{"taxonomy":"p4-page-type","embeddable":true,"href":"https:\/\/www.greenpeace.ch\/fr\/wp-json\/wp\/v2\/p4-page-type?post=131610"},{"taxonomy":"gpch-article-type","embeddable":true,"href":"https:\/\/www.greenpeace.ch\/fr\/wp-json\/wp\/v2\/gpch-article-type?post=131610"}],"curies":[{"name":"wp","href":"https:\/\/api.w.org\/{rel}","templated":true}]}}