{"id":131823,"date":"2026-04-30T10:03:22","date_gmt":"2026-04-30T08:03:22","guid":{"rendered":"https:\/\/www.greenpeace.ch\/?p=131823"},"modified":"2026-04-30T10:07:09","modified_gmt":"2026-04-30T08:07:09","slug":"les-engagements-environnementaux-doivent-etre-tenus","status":"publish","type":"post","link":"https:\/\/www.greenpeace.ch\/fr\/communique-de-presse\/131823\/les-engagements-environnementaux-doivent-etre-tenus\/","title":{"rendered":"Les engagements environnementaux doivent \u00eatre tenus"},"content":{"rendered":"\n<p><strong><em>Commentaire aux m\u00e9dias \u00e0 propos de la consultation sur le train d\u2019ordonnances agricoles\u00a02026<\/em><\/strong><\/p>\n\n<p><strong>Le Conseil f\u00e9d\u00e9ral veut affaiblir les exigences minimales qui prot\u00e8gent nos ressources naturelles, telles que le sol et l\u2019eau. La promesse d\u2019une agriculture respectueuse de l\u2019environnement et locale, que le secteur s\u2019engage \u00e0 tenir en contrepartie de subventions, deviendrait alors lettre morte. Les organisations de protection de la nature s\u2019y opposent.<\/strong><\/p>\n\n<p>La population soutient l\u2019agriculture suisse avec des subventions annuelles \u00e0 hauteur de 3,67\u00a0milliards de francs, des barri\u00e8res douani\u00e8res \u00e9lev\u00e9es et des denr\u00e9es alimentaires \u00e0 des prix proportionnellement plus \u00e9lev\u00e9s. En contrepartie, les exploitations s\u2019engagent \u00e0 fournir les <a href=\"https:\/\/www.blw.admin.ch\/fr\/prestations-ecologiques-requises\">prestations \u00e9cologiques requises (PER)<\/a>, qui garantissent des pratiques agricoles respectueuses des ressources naturelles comme le sol et l\u2019eau (article\u00a0104 de la Constitution f\u00e9d\u00e9rale). Dans le cadre du <a href=\"https:\/\/www.blw.admin.ch\/fr\/train-dordonnances-agricoles-2026\">train d\u2019ordonnances agricoles\u00a02026<\/a>, dont la consultation prend fin le 6 mai, le Conseil f\u00e9d\u00e9ral veut abolir plusieurs dispositions sur les PER. \u00abLe contrat entre les Suisses\u00b7ses et le monde agricole est fortement remis en cause. Nous ne recevons plus les prestations que nous payons, c\u2019est-\u00e0-dire une production agricole durable qui pr\u00e9serve la nature et l\u2019environnement\u00bb, estime Sarah Pearson Perret, directrice romande de Pro Natura.<\/p>\n\n<h2 class=\"wp-block-heading\"><strong><strong>La confiance dans une agriculture respectueuse de l\u2019environnement est entam\u00e9e<\/strong><\/strong><\/h2>\n\n<p>La fertilit\u00e9 des sols est la condition m\u00eame de l\u2019existence de l\u2019agriculture, mais aussi de sa capacit\u00e9 \u00e0 r\u00e9sister aux effets du changement climatique. Son maintien et son am\u00e9lioration n\u00e9cessitent des connaissances sp\u00e9cialis\u00e9es et des modes d\u2019exploitation durables. Or, si l\u2019on suit le raisonnement du Conseil f\u00e9d\u00e9ral, il faudrait supprimer l\u2019analyse obligatoire des sols et les exigences en mati\u00e8re de lutte contre l\u2019\u00e9rosion, affaiblir la r\u00e8glementation sur les pesticides et \u00e9tendre encore la panoplie d\u2019insecticides utilisables sans restriction. Un retour en arri\u00e8re pour l\u2019ensemble du secteur agricole. \u00abFace aux nombreux d\u00e9fis environnementaux de l\u2019agriculture, en particulier du c\u00f4t\u00e9 des pesticides, il faut renforcer les PER, et non les affaiblir\u00bb, confirme Eva Goldmann, experte en pesticides aupr\u00e8s du WWF Suisse. Les <a href=\"https:\/\/www.bafu.admin.ch\/fr\/reduire-la-concentration-de-pesticides\">mesures les plus r\u00e9centes<\/a> montrent des concentrations de produits phytosanitaires hautement toxiques toujours \u00e9lev\u00e9es dans les ruisseaux.<\/p>\n\n<h2 class=\"wp-block-heading\"><strong><strong>Nos ressources naturelles d\u00e9pendent de la protection de la nature<\/strong><\/strong><\/h2>\n\n<p>Les organisations environnementales saluent le principe d\u2019une simplification des d\u00e9marches administratives. L\u2019essentiel, c\u2019est que l\u2019impact global des pratiques agricoles sur la nature fasse l\u2019objet de v\u00e9rifications, et que la Conf\u00e9d\u00e9ration puisse intervenir quand les objectifs environnementaux ne sont pas atteints. \u00abSi l\u2019on assouplit les exigences environnementales, il faut imp\u00e9rativement instaurer des mesures compensatoires. Le bilan pour la nature et notre sant\u00e9 ne doit en aucun cas devenir n\u00e9gatif. Il conviendrait au contraire de l\u2019am\u00e9liorer\u00bb, insiste Jonas Sch\u00e4lle, responsable du dossier Agriculture chez BirdLife Suisse.<\/p>\n\n<p>Les organisations environnementales rejettent le projet et demandent au Conseil f\u00e9d\u00e9ral d\u2019ouvrir une discussion sur les principales modifications dans le cadre de la Politique agricole&nbsp;2030+, en pr\u00e9voyant suffisamment de temps pour ouvrir le dialogue avec les milieux concern\u00e9s.<\/p>\n\n<h2 class=\"wp-block-heading\">Informations compl\u00e9mentaires<\/h2>\n\n<ul class=\"wp-block-list\">\n<li><a href=\"https:\/\/www.blw.admin.ch\/fr\/protection-du-sol\">Protection du sol en agriculture<\/a><\/li>\n\n\n\n<li><a href=\"https:\/\/www.pronatura.ch\/fr\/sol\">Le sol, ce monde inconnu sous nos pieds<\/a><\/li>\n<\/ul>\n\n<h2 class=\"wp-block-heading\">Contacts<\/h2>\n\n<ul class=\"wp-block-list\">\n<li><strong>Pro Natura:<\/strong> Sarah Pearson Perret, directrice romande,\u00a0<a href=\"mailto:sarah.pearsonperret@pronatura.ch\">sarah.pearsonperret@pronatura.ch<\/a>, 079 688 72 24<\/li>\n\n\n\n<li><strong>WWF Suisse: <\/strong>Pierrette Rey, porte-parole, 021\u00a0966\u00a073\u00a075, <a href=\"mailto:pierrette.rey@wwf.ch\">pierrette.rey@wwf.ch<\/a><\/li>\n<\/ul>\n\n<p><\/p>\n","protected":false},"excerpt":{"rendered":"<p>Commentaire aux m\u00e9dias \u00e0 propos de la consultation sur le train d\u2019ordonnances agricoles\u00a02026<\/p>\n","protected":false},"author":76,"featured_media":131713,"comment_status":"closed","ping_status":"open","sticky":false,"template":"","format":"standard","meta":{"_acf_changed":false,"_planet4_optimize_post_is_variant":false,"_planet4_optimize_experiment_name":"","_planet4_optimize_variant_name":"","ep_exclude_from_search":false,"p4_og_title":"","p4_og_description":"","p4_og_image":"","p4_og_image_id":"","p4_seo_canonical_url":"","p4_campaign_name":"","p4_local_project":"","p4_basket_name":"","p4_department":"","footnotes":""},"categories":[22],"tags":[113,218],"p4-page-type":[73],"gpch-article-type":[],"class_list":["post-131823","post","type-post","status-publish","format-standard","has-post-thumbnail","hentry","category-non-classifiee","tag-alimentation","tag-consommation","p4-page-type-communique-de-presse"],"acf":[],"_links":{"self":[{"href":"https:\/\/www.greenpeace.ch\/fr\/wp-json\/wp\/v2\/posts\/131823","targetHints":{"allow":["GET"]}}],"collection":[{"href":"https:\/\/www.greenpeace.ch\/fr\/wp-json\/wp\/v2\/posts"}],"about":[{"href":"https:\/\/www.greenpeace.ch\/fr\/wp-json\/wp\/v2\/types\/post"}],"author":[{"embeddable":true,"href":"https:\/\/www.greenpeace.ch\/fr\/wp-json\/wp\/v2\/users\/76"}],"replies":[{"embeddable":true,"href":"https:\/\/www.greenpeace.ch\/fr\/wp-json\/wp\/v2\/comments?post=131823"}],"version-history":[{"count":1,"href":"https:\/\/www.greenpeace.ch\/fr\/wp-json\/wp\/v2\/posts\/131823\/revisions"}],"predecessor-version":[{"id":131824,"href":"https:\/\/www.greenpeace.ch\/fr\/wp-json\/wp\/v2\/posts\/131823\/revisions\/131824"}],"wp:featuredmedia":[{"embeddable":true,"href":"https:\/\/www.greenpeace.ch\/fr\/wp-json\/wp\/v2\/media\/131713"}],"wp:attachment":[{"href":"https:\/\/www.greenpeace.ch\/fr\/wp-json\/wp\/v2\/media?parent=131823"}],"wp:term":[{"taxonomy":"category","embeddable":true,"href":"https:\/\/www.greenpeace.ch\/fr\/wp-json\/wp\/v2\/categories?post=131823"},{"taxonomy":"post_tag","embeddable":true,"href":"https:\/\/www.greenpeace.ch\/fr\/wp-json\/wp\/v2\/tags?post=131823"},{"taxonomy":"p4-page-type","embeddable":true,"href":"https:\/\/www.greenpeace.ch\/fr\/wp-json\/wp\/v2\/p4-page-type?post=131823"},{"taxonomy":"gpch-article-type","embeddable":true,"href":"https:\/\/www.greenpeace.ch\/fr\/wp-json\/wp\/v2\/gpch-article-type?post=131823"}],"curies":[{"name":"wp","href":"https:\/\/api.w.org\/{rel}","templated":true}]}}