{"id":131831,"date":"2026-04-30T11:53:44","date_gmt":"2026-04-30T09:53:44","guid":{"rendered":"https:\/\/www.greenpeace.ch\/?p=131831"},"modified":"2026-04-30T11:53:48","modified_gmt":"2026-04-30T09:53:48","slug":"flottille-greenpeace-cassis","status":"publish","type":"post","link":"https:\/\/www.greenpeace.ch\/fr\/communique-de-presse\/131831\/flottille-greenpeace-cassis\/","title":{"rendered":"Flottille pour Gaza: Greenpeace Suisse des mesures concr\u00e8tes \u00e0 Ignazio Cassis pour prot\u00e9ger Global Sumud"},"content":{"rendered":"\n<p><strong>Les forces arm\u00e9es isra\u00e9liennes ont brouill\u00e9 la nuit derni\u00e8re les canaux de communication des navires de la <\/strong><a href=\"https:\/\/globalsumudflotilla.org\/press\/\" target=\"_blank\" rel=\"noreferrer noopener\"><strong>flottille Global Sumud<\/strong><\/a><strong>et ont arraisonn\u00e9 plusieurs bateaux dans les eaux internationales, en violation du droit international.<\/strong><\/p>\n\n<p>Avec son navire Arctic Sunrise, Greenpeace apporte un soutien logistique \u00e0 la flottille Global Sumud, un mouvement international menant des actions coordonn\u00e9es et non violentes. Les navires font route vers Isra\u00ebl afin de mettre fin au si\u00e8ge ill\u00e9gal de la bande de Gaza et de venir en aide \u00e0 la population locale.<\/p>\n\n<p>Greenpeace Suisse a \u00e9crit au conseiller f\u00e9d\u00e9ral et ministre des Affaires \u00e9trang\u00e8res Ignazio Cassis pour lui demander de prendre imm\u00e9diatement des mesures afin de faire respecter le droit international et d\u2019assurer la protection de la flottille Global Sumud. \u00ab L\u2019aide humanitaire doit \u00eatre respect\u00e9e et prot\u00e9g\u00e9e en tout temps et \u00e0 tout prix \u00bb, d\u00e9clare Iris Menn, directrice de Greenpeace Suisse.<\/p>\n\n<h3 class=\"wp-block-heading\"><strong>Informations compl\u00e9mentaires<\/strong><\/h3>\n\n<ul class=\"wp-block-list\">\n<li>le <a href=\"https:\/\/www.greenpeace.org\/international\/press-release\/82974\/israeli-forces-intercept-threaten-global-sumud-flotilla-international-waters\/\" target=\"_blank\" rel=\"noreferrer noopener\">communiqu\u00e9 de presse de Greenpeace International<\/a><\/li>\n\n\n\n<li>la transmission radio de l&rsquo;arm\u00e9e isra\u00e9lienne \u00e0<a href=\"https:\/\/drive.google.com\/drive\/u\/0\/folders\/1r1wQjR1_UNQbaWvzC6_9oa83aBQp8TEu\" target=\"_blank\" rel=\"noreferrer noopener\"> t\u00e9l\u00e9charger<\/a><\/li>\n\n\n\n<li><a href=\"https:\/\/globalsumudflotilla.org\/tracker\/\" target=\"_blank\" rel=\"noreferrer noopener\">la position actuelle des navires\u00a0<\/a><\/li>\n<\/ul>\n\n<h3 class=\"wp-block-heading\"><strong>Contact<\/strong><\/h3>\n\n<p>Mathias Schlegel<strong>,<\/strong> porte-parole chez Greenpeace Suisse, mathias.schlegel@greenpeace.org, +41 79 794 61 23<\/p>\n\n<p><\/p>\n","protected":false},"excerpt":{"rendered":"<p>Les forces arm\u00e9es isra\u00e9liennes ont brouill\u00e9 la nuit derni\u00e8re les canaux de communication des navires de la flottille Global Sumudet ont arraisonn\u00e9 plusieurs bateaux dans les eaux internationales, en violation du droit international.<\/p>\n","protected":false},"author":37,"featured_media":131464,"comment_status":"closed","ping_status":"open","sticky":false,"template":"","format":"standard","meta":{"_acf_changed":false,"_planet4_optimize_post_is_variant":false,"_planet4_optimize_experiment_name":"","_planet4_optimize_variant_name":"","ep_exclude_from_search":false,"p4_og_title":"","p4_og_description":"","p4_og_image":"","p4_og_image_id":"","p4_seo_canonical_url":"","p4_campaign_name":"","p4_local_project":"","p4_basket_name":"","p4_department":"","footnotes":""},"categories":[216,22],"tags":[60,131],"p4-page-type":[73],"gpch-article-type":[],"class_list":["post-131831","post","type-post","status-publish","format-standard","has-post-thumbnail","hentry","category-about-fr","category-non-classifiee","tag-qui-sommes-nous","tag-flotte-fr","p4-page-type-communique-de-presse"],"acf":[],"_links":{"self":[{"href":"https:\/\/www.greenpeace.ch\/fr\/wp-json\/wp\/v2\/posts\/131831","targetHints":{"allow":["GET"]}}],"collection":[{"href":"https:\/\/www.greenpeace.ch\/fr\/wp-json\/wp\/v2\/posts"}],"about":[{"href":"https:\/\/www.greenpeace.ch\/fr\/wp-json\/wp\/v2\/types\/post"}],"author":[{"embeddable":true,"href":"https:\/\/www.greenpeace.ch\/fr\/wp-json\/wp\/v2\/users\/37"}],"replies":[{"embeddable":true,"href":"https:\/\/www.greenpeace.ch\/fr\/wp-json\/wp\/v2\/comments?post=131831"}],"version-history":[{"count":2,"href":"https:\/\/www.greenpeace.ch\/fr\/wp-json\/wp\/v2\/posts\/131831\/revisions"}],"predecessor-version":[{"id":131835,"href":"https:\/\/www.greenpeace.ch\/fr\/wp-json\/wp\/v2\/posts\/131831\/revisions\/131835"}],"wp:featuredmedia":[{"embeddable":true,"href":"https:\/\/www.greenpeace.ch\/fr\/wp-json\/wp\/v2\/media\/131464"}],"wp:attachment":[{"href":"https:\/\/www.greenpeace.ch\/fr\/wp-json\/wp\/v2\/media?parent=131831"}],"wp:term":[{"taxonomy":"category","embeddable":true,"href":"https:\/\/www.greenpeace.ch\/fr\/wp-json\/wp\/v2\/categories?post=131831"},{"taxonomy":"post_tag","embeddable":true,"href":"https:\/\/www.greenpeace.ch\/fr\/wp-json\/wp\/v2\/tags?post=131831"},{"taxonomy":"p4-page-type","embeddable":true,"href":"https:\/\/www.greenpeace.ch\/fr\/wp-json\/wp\/v2\/p4-page-type?post=131831"},{"taxonomy":"gpch-article-type","embeddable":true,"href":"https:\/\/www.greenpeace.ch\/fr\/wp-json\/wp\/v2\/gpch-article-type?post=131831"}],"curies":[{"name":"wp","href":"https:\/\/api.w.org\/{rel}","templated":true}]}}