{"id":131859,"date":"2026-05-02T11:21:10","date_gmt":"2026-05-02T09:21:10","guid":{"rendered":"https:\/\/www.greenpeace.ch\/?p=131859"},"modified":"2026-05-02T11:21:20","modified_gmt":"2026-05-02T09:21:20","slug":"flottille-sumud-update","status":"publish","type":"post","link":"https:\/\/www.greenpeace.ch\/fr\/communique-de-presse\/131859\/flottille-sumud-update\/","title":{"rendered":"Flottille Global Sumud: Greenpeace Suisse appelle le Conseil f\u00e9d\u00e9ral \u00e0 intervenir en faveur de la lib\u00e9ration de deux civils"},"content":{"rendered":"\n<p><strong>Le gouvernement isra\u00e9lien d\u00e9tient deux membres d&rsquo;\u00e9quipage des navires de la flottille Global Sumud, apr\u00e8s que les forces arm\u00e9es isra\u00e9liennes ont arraisonn\u00e9 les navires de la flottille dans les eaux internationales et enlev\u00e9 plus de 175 personnes.<\/strong> <strong>Greenpeace appelle le Conseil f\u00e9d\u00e9ral \u00e0 intervenir en faveur de la lib\u00e9ration de ces deux civils.<\/strong><\/p>\n\n<p>Le 30 avril, Greenpeace Suisse <a href=\"https:\/\/www.greenpeace.ch\/fr\/communique-de-presse\/131831\/flottille-greenpeace-cassis\/\" target=\"_blank\" rel=\"noreferrer noopener\">a demand\u00e9<\/a> au Conseil f\u00e9d\u00e9ral et \u00e0 Ignazio Cassis, chef du D\u00e9partement f\u00e9d\u00e9ral des affaires \u00e9trang\u00e8res (DFAE), de prendre sans d\u00e9lai des mesures pour faire respecter le droit international et garantir la protection de la flottille Global Sumud.<\/p>\n\n<p>\u00ab L\u2019aide humanitaire doit \u00eatre respect\u00e9e et prot\u00e9g\u00e9e en tout temps et \u00e0 tout prix \u00bb, commente Iris Menn, directrice de Greenpeace Suisse.<\/p>\n\n<p>Avec un navire de sa flotte, l\u2019Arctic Sunrise, Greenpeace apporte un soutien logistique \u00e0 la flottille Global Sumud, un mouvement international menant des actions coordonn\u00e9es et non violentes. Les bateaux font route vers Isra\u00ebl afin de mettre fin au si\u00e8ge ill\u00e9gal de la bande de Gaza et de venir en aide \u00e0 la population locale.<\/p>\n\n<p>Les navires restants de la flottille ont entre-temps atteint le port d&rsquo;Ierapetra, en Gr\u00e8ce. L&rsquo;\u00e9quipage de Greenpeace \u00e0 bord de l&rsquo;Arctic Sunrise a veill\u00e9 \u00e0 ce qu&rsquo;ils soient conduits en toute s\u00e9curit\u00e9 jusqu&rsquo;au port. Le soutien logistique se poursuit. Le navire de sauvetage humanitaire Open Arms proc\u00e8de actuellement au sauvetage des bateaux \u00e0 la d\u00e9rive et veille \u00e0 ce que nul ne soit laiss\u00e9 sans assistance en pleine mer.<\/p>\n\n<h3 class=\"wp-block-heading\"><strong>Informations compl\u00e9mentaires<\/strong><\/h3>\n\n<p>La <a href=\"https:\/\/www.greenpeace.org\/international\/story\/82566\/greenpeace-global-sumud-flotilla-gaza-arctic-sunrise\/\" target=\"_blank\" rel=\"noreferrer noopener\">communication<\/a> de Greenpeace International avec toutes les informations sur la situation actuelle<\/p>\n\n<h3 class=\"wp-block-heading\"><strong>Contact<\/strong><\/h3>\n\n<p>Mathias Schlegel<strong>,<\/strong> porte-parole chez Greenpeace Suisse, mathias.schlegel@greenpeace.org, +41 79 794 61 23<\/p>\n","protected":false},"excerpt":{"rendered":"<p>Le gouvernement isra\u00e9lien d\u00e9tient deux membres d&rsquo;\u00e9quipage des navires de la flottille Global Sumud, apr\u00e8s que les forces arm\u00e9es isra\u00e9liennes ont arraisonn\u00e9 les navires de la flottille dans les eaux internationales et enlev\u00e9 plus de 175 personnes. Greenpeace appelle le Conseil f\u00e9d\u00e9ral \u00e0 intervenir en faveur de la lib\u00e9ration de ces deux civils.<\/p>\n","protected":false},"author":37,"featured_media":131454,"comment_status":"closed","ping_status":"open","sticky":false,"template":"","format":"standard","meta":{"_acf_changed":false,"_planet4_optimize_post_is_variant":false,"_planet4_optimize_experiment_name":"","_planet4_optimize_variant_name":"","ep_exclude_from_search":false,"p4_og_title":"","p4_og_description":"","p4_og_image":"","p4_og_image_id":"","p4_seo_canonical_url":"","p4_campaign_name":"","p4_local_project":"","p4_basket_name":"","p4_department":"","footnotes":""},"categories":[22],"tags":[56,60,131],"p4-page-type":[73],"gpch-article-type":[],"class_list":["post-131859","post","type-post","status-publish","format-standard","has-post-thumbnail","hentry","category-non-classifiee","tag-oceans","tag-qui-sommes-nous","tag-flotte-fr","p4-page-type-communique-de-presse"],"acf":[],"_links":{"self":[{"href":"https:\/\/www.greenpeace.ch\/fr\/wp-json\/wp\/v2\/posts\/131859","targetHints":{"allow":["GET"]}}],"collection":[{"href":"https:\/\/www.greenpeace.ch\/fr\/wp-json\/wp\/v2\/posts"}],"about":[{"href":"https:\/\/www.greenpeace.ch\/fr\/wp-json\/wp\/v2\/types\/post"}],"author":[{"embeddable":true,"href":"https:\/\/www.greenpeace.ch\/fr\/wp-json\/wp\/v2\/users\/37"}],"replies":[{"embeddable":true,"href":"https:\/\/www.greenpeace.ch\/fr\/wp-json\/wp\/v2\/comments?post=131859"}],"version-history":[{"count":1,"href":"https:\/\/www.greenpeace.ch\/fr\/wp-json\/wp\/v2\/posts\/131859\/revisions"}],"predecessor-version":[{"id":131861,"href":"https:\/\/www.greenpeace.ch\/fr\/wp-json\/wp\/v2\/posts\/131859\/revisions\/131861"}],"wp:featuredmedia":[{"embeddable":true,"href":"https:\/\/www.greenpeace.ch\/fr\/wp-json\/wp\/v2\/media\/131454"}],"wp:attachment":[{"href":"https:\/\/www.greenpeace.ch\/fr\/wp-json\/wp\/v2\/media?parent=131859"}],"wp:term":[{"taxonomy":"category","embeddable":true,"href":"https:\/\/www.greenpeace.ch\/fr\/wp-json\/wp\/v2\/categories?post=131859"},{"taxonomy":"post_tag","embeddable":true,"href":"https:\/\/www.greenpeace.ch\/fr\/wp-json\/wp\/v2\/tags?post=131859"},{"taxonomy":"p4-page-type","embeddable":true,"href":"https:\/\/www.greenpeace.ch\/fr\/wp-json\/wp\/v2\/p4-page-type?post=131859"},{"taxonomy":"gpch-article-type","embeddable":true,"href":"https:\/\/www.greenpeace.ch\/fr\/wp-json\/wp\/v2\/gpch-article-type?post=131859"}],"curies":[{"name":"wp","href":"https:\/\/api.w.org\/{rel}","templated":true}]}}