{"id":135221,"date":"2026-09-02T16:26:11","date_gmt":"2026-09-02T14:26:11","guid":{"rendered":"https:\/\/www.greenpeace.ch\/?p=135221"},"modified":"2026-09-02T16:38:45","modified_gmt":"2026-09-02T14:38:45","slug":"pa30-lagriculture-suisse-nest-pas-adaptee-au-dereglement-climatique","status":"publish","type":"post","link":"https:\/\/www.greenpeace.ch\/fr\/communique-de-presse\/135221\/pa30-lagriculture-suisse-nest-pas-adaptee-au-dereglement-climatique\/","title":{"rendered":"PA30+: l&rsquo;agriculture suisse n&rsquo;est pas adapt\u00e9e au d\u00e9r\u00e8glement climatique"},"content":{"rendered":"\n<p class=\"wp-block-paragraph\"><strong>Avec la politique agricole 2030+ (PA30+), le Conseil f\u00e9d\u00e9ral doit poser les jalons de l\u2019agriculture de demain. Apr\u00e8s les vagues de chaleur de l\u2019\u00e9t\u00e9 2026, la question se pose: le gouvernement a-t-il tir\u00e9 les le\u00e7ons des erreurs du pass\u00e9?<\/strong><\/p>\n\n<p class=\"wp-block-paragraph\">L\u2019\u00e9t\u00e9 caniculaire 2026 a impitoyablement mis \u00e0 nu la vuln\u00e9rabilit\u00e9 de l\u2019agriculture helv\u00e9tique. Sols ass\u00e9ch\u00e9s, p\u00e9nuries d\u2019eau, manque de fourrage et pertes massives de r\u00e9coltes le montrent: le secteur agricole est frapp\u00e9 de plein fouet par les cons\u00e9quences du&nbsp;d\u00e9r\u00e8glement&nbsp;&nbsp;climatique. La r\u00e9action du Conseil f\u00e9d\u00e9ral se concentre sur des mesures \u00e0 court terme. Les pr\u00eats sans int\u00e9r\u00eat, les exon\u00e9rations douani\u00e8res pour les importations de fourrage ou les assouplissements dans les programmes de soutien peuvent aider les exploitations dans la situation actuelle. Mais ces solutions ne sont pas cr\u00e9dibles face aux d\u00e9fis rencontr\u00e9s: les importations de foin en provenance du Canada peuvent constituer un secours d\u2019urgence, mais ce type de r\u00e9ponse n\u2019est pas viable \u00e0 long terme.<\/p>\n\n<p class=\"wp-block-paragraph\">Pourtant, ces risques sont connus depuis des ann\u00e9es. La politique agricole men\u00e9e jusqu\u2019\u00e0 pr\u00e9sent a n\u00e9glig\u00e9 d\u2019adapter syst\u00e9matiquement l\u2019agriculture \u00e0 un climat plus chaud et plus sec et de prot\u00e9ger ses bases de production naturelles (sol, eau, pollinisation). \u00c0 chaque \u00e9t\u00e9 caniculaire suppl\u00e9mentaire, le co\u00fbt de cette inaction politique augmente, tant pour la soci\u00e9t\u00e9 que pour les agricultrices et les agriculteurs. Des r\u00e9formes de fond s\u2019imposent, afin de rendre les exploitations plus r\u00e9silientes, tout en prot\u00e9geant le climat et la biodiversit\u00e9.<\/p>\n\n<p class=\"wp-block-paragraph\"><strong>Une alimentation saine passe par une nature saine<\/strong><br>La PA30+ offre l\u2019occasion d\u2019un changement de cap. Du point de vue des organisations environnementales (BirdLife, Greenpeace, Pro Natura et WWF), les objectifs climatiques existants doivent \u00eatre inscrits de mani\u00e8re contraignante et des instruments efficaces doivent \u00eatre mis en place afin que l\u2019agriculture et la nature aient un avenir commun. La protection du climat, de la biodiversit\u00e9, des sols et des cours d\u2019eau est la condition pr\u00e9alable \u00e0 une agriculture \u00e9conomiquement florissante. Ce n\u2019est qu\u2019en pr\u00e9servant les ressources naturelles que les exploitations pourront continuer \u00e0 produire des aliments sains \u00e0 l\u2019avenir. La PA30+ doit offrir aux agricultrices et aux agriculteurs des possibilit\u00e9s d\u2019orienter leur production de mani\u00e8re respectueuse du climat et de la nature, sans pour autant mettre en p\u00e9ril leur existence \u00e9conomique.<\/p>\n\n<p class=\"wp-block-paragraph\">Les organisations environnementales examineront donc attentivement les propositions du Conseil f\u00e9d\u00e9ral et participeront activement \u00e0 la consultation.<\/p>\n\n<p class=\"wp-block-paragraph\"><strong>Contacts<\/strong><br><strong>WWF Suisse:<\/strong>\u00a0Pierrette Rey, porte-parole, 021 966 73 75,\u00a0<a href=\"mailto:pierrette.rey@wwf.ch?subject=\">pierrette.rey@wwf.ch<\/a><br><strong>Pro Natura:<\/strong>\u00a0Leo Richard, porte-parole, 079 378 37 11,\u00a0<a href=\"mailto:leo.richard@pronatura.ch?subject=\">leo.richard@pronatura.ch<\/a><br><strong>Greenpeace Suisse:<\/strong>\u00a0Fanny Eternod, porte-parole, 078 662 07 31,\u00a0<a href=\"mailto:fanny.eternod@greenpeace.org?subject=\">fanny.eternod@greenpeace.org<\/a><\/p>\n","protected":false},"excerpt":{"rendered":"<p>Avec la politique agricole 2030+ (PA30+), le Conseil f\u00e9d\u00e9ral doit poser les jalons de l\u2019agriculture de demain. Apr\u00e8s les vagues de chaleur de l\u2019\u00e9t\u00e9 2026, la question se pose: le&hellip;<\/p>\n","protected":false},"author":76,"featured_media":135217,"comment_status":"closed","ping_status":"open","sticky":false,"template":"","format":"standard","meta":{"_acf_changed":false,"_planet4_optimize_post_is_variant":false,"_planet4_optimize_experiment_name":"","_planet4_optimize_variant_name":"","ep_exclude_from_search":false,"gpch_hide_header_image":false,"p4_og_title":"","p4_og_description":"","p4_og_image":"","p4_og_image_id":"","p4_seo_canonical_url":"","p4_campaign_name":"","p4_local_project":"","p4_basket_name":"","p4_department":"","footnotes":""},"categories":[22],"tags":[113,218],"p4-page-type":[73],"gpch-article-type":[],"class_list":["post-135221","post","type-post","status-publish","format-standard","has-post-thumbnail","hentry","category-non-classifiee","tag-alimentation","tag-consommation","p4-page-type-communique-de-presse"],"acf":[],"_links":{"self":[{"href":"https:\/\/www.greenpeace.ch\/fr\/wp-json\/wp\/v2\/posts\/135221","targetHints":{"allow":["GET"]}}],"collection":[{"href":"https:\/\/www.greenpeace.ch\/fr\/wp-json\/wp\/v2\/posts"}],"about":[{"href":"https:\/\/www.greenpeace.ch\/fr\/wp-json\/wp\/v2\/types\/post"}],"author":[{"embeddable":true,"href":"https:\/\/www.greenpeace.ch\/fr\/wp-json\/wp\/v2\/users\/76"}],"replies":[{"embeddable":true,"href":"https:\/\/www.greenpeace.ch\/fr\/wp-json\/wp\/v2\/comments?post=135221"}],"version-history":[{"count":2,"href":"https:\/\/www.greenpeace.ch\/fr\/wp-json\/wp\/v2\/posts\/135221\/revisions"}],"predecessor-version":[{"id":135224,"href":"https:\/\/www.greenpeace.ch\/fr\/wp-json\/wp\/v2\/posts\/135221\/revisions\/135224"}],"wp:featuredmedia":[{"embeddable":true,"href":"https:\/\/www.greenpeace.ch\/fr\/wp-json\/wp\/v2\/media\/135217"}],"wp:attachment":[{"href":"https:\/\/www.greenpeace.ch\/fr\/wp-json\/wp\/v2\/media?parent=135221"}],"wp:term":[{"taxonomy":"category","embeddable":true,"href":"https:\/\/www.greenpeace.ch\/fr\/wp-json\/wp\/v2\/categories?post=135221"},{"taxonomy":"post_tag","embeddable":true,"href":"https:\/\/www.greenpeace.ch\/fr\/wp-json\/wp\/v2\/tags?post=135221"},{"taxonomy":"p4-page-type","embeddable":true,"href":"https:\/\/www.greenpeace.ch\/fr\/wp-json\/wp\/v2\/p4-page-type?post=135221"},{"taxonomy":"gpch-article-type","embeddable":true,"href":"https:\/\/www.greenpeace.ch\/fr\/wp-json\/wp\/v2\/gpch-article-type?post=135221"}],"curies":[{"name":"wp","href":"https:\/\/api.w.org\/{rel}","templated":true}]}}