{"id":24649,"date":"2009-01-29T00:00:00","date_gmt":"2009-01-28T22:00:00","guid":{"rendered":"https:\/\/master.greenpeace.ch\/press-release-fr\/24649\/greenpeace-denonce-le-role-de-lelevage-dans-la-deforestation\/"},"modified":"2019-05-30T18:25:35","modified_gmt":"2019-05-30T16:25:35","slug":"greenpeace-denonce-le-role-de-lelevage-dans-la-deforestation","status":"publish","type":"post","link":"https:\/\/www.greenpeace.ch\/fr\/story-fr\/24649\/greenpeace-denonce-le-role-de-lelevage-dans-la-deforestation\/","title":{"rendered":"Greenpeace d\u00e9nonce le r\u00f4le de l&rsquo;\u00e9levage dans la d\u00e9forestation"},"content":{"rendered":"<p><b>Greenpeace a publi\u00e9 aujourd&rsquo;hui au Forum Social Mondial de Bel\u00e9m un rapport \u00e9difiant &#8211; \u00abL&#8217;empreinte de l&rsquo;\u00e9levage en Amazonie dans le Mato Grosso: l&rsquo;Etat de la destruction\u00bb &#8211; comprenant une s\u00e9rie de cartes qui montrent le lien direct entre l&rsquo;\u00e9levage et la d\u00e9forestation dans cet Etat, affichant le taux le plus \u00e9lev\u00e9 de d\u00e9forestation au Br\u00e9sil. L&rsquo;\u00e9levage est aujourd&rsquo;hui le premier moteur de la d\u00e9forestation dans l&rsquo;Amazonie Br\u00e9silienne, puisque 79,5% des terres d\u00e9bois\u00e9es y sont converties en p\u00e2tures pour le b\u00e9tail.<\/b><\/p>\n<div>\n<div class=\"events-box small-box left\">\n<div class=\"frame\">\n        <a class=\"open-img EnlargeImage\" href=\"https:\/\/www.greenpeace.ch\/static\/planet4-switzerland-stateless\/2019\/05\/50e2f18c-50e2f18c-deforestationmatogrosso.jpg\" title=\"\"><br \/>\n            <img decoding=\"async\" id=\"ctl00_cphContentArea_Property3_ctl00_ctl01_Image1\" class=\"Thumbnail\" src=\"https:\/\/www.greenpeace.ch\/static\/planet4-switzerland-stateless\/2019\/05\/50e2f18c-50e2f18c-deforestationmatogrosso.jpg\" alt=\"\" style=\"border-width:0px;\"><\/p>\n<p>        <\/a>\n    <\/div>\n<div class=\"events-content no-title\">\n        <span class=\"date\"><\/span><br \/>\n        <strong><\/strong><\/p>\n<p>\n            D\u00e9forestation dans l&rsquo;Etat du Mato Grosso (Amazonie\/Br\u00e9sil) \u00a9Greenpeace\/Mauthe (Archives)\n        <\/p>\n<\/p>\n<\/div>\n<\/div>\n<p class=\"bodytext\">Les experts de Greenpeace ont utilis\u00e9 des<br \/>\ntechniques d&rsquo;analyse, de comparaison d&rsquo;images satellite et de<br \/>\ndonn\u00e9es montrant l&rsquo;expansion des infrastructures, comme les routes<br \/>\net les installations li\u00e9es \u00e0 l&rsquo;agrobusiness. Ces cartes illustrent<br \/>\nclairement \u00e0 quel point les anciennes for\u00eats tropicales sont<br \/>\nd\u00e9sormais utilis\u00e9es pour l&rsquo;\u00e9levage dans l&rsquo;Etat du Mato Grosso.<\/p>\n<p>De 1996 \u00e0 2006, dix millions d&rsquo;hectares &#8211; une superficie<br \/>\n\u00e9quivalente \u00e0 celle de l&rsquo;Islande &#8211; ont \u00e9t\u00e9 ras\u00e9s pour l&rsquo;\u00e9levage<br \/>\nbovin. Le Br\u00e9sil poss\u00e8de par ailleurs le plus important cheptel au<br \/>\nmonde et est aujourd&rsquo;hui le premier exportateur mondial de viande<br \/>\nde b\u0153uf. Le gouvernement souhaite repr\u00e9senter 60% de ce march\u00e9<br \/>\nmondial \u00e0 l&rsquo;horizon 2018, soit le double de sa part actuelle.<\/p>\n<p>\u00abLes subventions accord\u00e9es par le gouvernement br\u00e9silien au<br \/>\nsecteur de l&rsquo;\u00e9levage contredisent compl\u00e8tement ses promesses de<br \/>\nlutte contre la d\u00e9forestation, qui font partie du plan d&rsquo;action<br \/>\nbr\u00e9silien de lutte contre les changements climatiques\u00bb explique<br \/>\nJ\u00e9r\u00f4me Frignet, charg\u00e9 de campagne For\u00eats pour Greenpeace.<\/p>\n<p>\u00abLa d\u00e9forestation \u00e9tant responsable de 75% des \u00e9missions de gaz<br \/>\n\u00e0 effet de serre br\u00e9siliennes, il est plus que temps pour le<br \/>\ngouvernement de recouvrer la raison et de stopper la d\u00e9forestation<br \/>\nde l&rsquo;Amazonie. Ceci passe par l&rsquo;arr\u00eat de l&rsquo;expansion de l&rsquo;\u00e9levage<br \/>\nd\u00e8s maintenant.\u00bb<\/p>\n<p>Le Br\u00e9sil est actuellement le 4\u00e8me \u00e9metteur de gaz \u00e0 effet de<br \/>\nserre et donc le 4\u00e8me pays le plus pollueur au monde. Le rapport<br \/>\npubli\u00e9 par Greenpeace expose les mesures que le gouvernement<br \/>\nbr\u00e9silien devrait prendre pour atteindre l&rsquo;objectif de<br \/>\n\u00abD\u00e9forestation z\u00e9ro\u00bb d&rsquo;ici 2015, date \u00e0 laquelle les \u00e9missions<br \/>\nmondiales de gaz \u00e0 effet de serre doivent absolument commencer \u00e0<br \/>\nchuter au niveau mondial pour \u00e9viter une catastrophe<br \/>\nclimatique.<\/p>\n<p>En d\u00e9cembre, \u00e0 Copenhague, les chefs d&rsquo;Etats de la plan\u00e8te se<br \/>\nretrouveront pour d\u00e9cider de notre futur lors de n\u00e9gociations<br \/>\nabsolument cruciales sur le climat, sous l&rsquo;\u00e9gide des Nations Unies.<br \/>\nL&rsquo;Union Europ\u00e9enne estime qu&rsquo;il faudrait entre 15 et 25 milliards<br \/>\nd&rsquo;euros chaque ann\u00e9e pour diviser par deux la d\u00e9forestation.<br \/>\nSachant que la destruction des for\u00eats tropicales est responsable<br \/>\nd&rsquo;1\/5 des \u00e9missions mondiales de gaz \u00e0 effet de serre, le plan post<br \/>\nKyoto pour sauver le climat doit passer in\u00e9vitablement par des<br \/>\nmesures tr\u00e8s volontaristes pour stopper la d\u00e9forestation.<\/p>\n<p>\u00abCe rapport met en \u00e9vidence le besoin imminent d&rsquo;une v\u00e9ritable<br \/>\ncoop\u00e9ration et d&rsquo;actions internationales pour stopper la<br \/>\nd\u00e9forestation\u00bb poursuit J\u00e9r\u00f4me Frignet. \u00abLes gouvernements des pays<br \/>\nindustrialis\u00e9s doivent mettre autant d&rsquo;\u00e9nergie et de volontarisme \u00e0<br \/>\nsauver les for\u00eats tropicales qu&rsquo;ils en ont mis pour sauver les<br \/>\ngrandes banques.\u00bb<\/p>\n<p><a href=\"https:\/\/www.greenpeace.ch\/wp-content\/uploads\/2017\/01\/2009_Forets_Rapport_AmazonCattle.pdf\" target=\"_blank\" class=\"download-arrow\" rel=\"noopener noreferrer\"><strong>D\u00e9charger le<br \/>\nrapport \u00ab\u00a0Amazon cattle footprint\u00a0\u00bb en anglais (PDF)<\/strong><\/a><\/p>\n<\/div>\n","protected":false},"excerpt":{"rendered":"<p>Greenpeace a publi\u00e9 aujourd&#8217;hui au Forum Social Mondial de Bel\u00e9m un rapport \u00e9difiant &#8211; \u00abL&#8217;empreinte de l&#8217;\u00e9levage en Amazonie dans le Mato Grosso: l&#8217;Etat de la destruction\u00bb &#8211; comprenant une&hellip;<\/p>\n","protected":false},"author":23,"featured_media":24651,"comment_status":"closed","ping_status":"open","sticky":false,"template":"","format":"standard","meta":{"_acf_changed":false,"_planet4_optimize_post_is_variant":false,"_planet4_optimize_experiment_name":"","_planet4_optimize_variant_name":"","ep_exclude_from_search":false,"p4_og_title":"","p4_og_description":"","p4_og_image":"","p4_og_image_id":"","p4_seo_canonical_url":"","p4_campaign_name":"","p4_local_project":"","p4_basket_name":"","p4_department":"","footnotes":""},"categories":[22],"tags":[],"p4-page-type":[77],"gpch-article-type":[],"class_list":["post-24649","post","type-post","status-publish","format-standard","has-post-thumbnail","hentry","category-non-classifiee","p4-page-type-story-fr"],"acf":[],"_links":{"self":[{"href":"https:\/\/www.greenpeace.ch\/fr\/wp-json\/wp\/v2\/posts\/24649","targetHints":{"allow":["GET"]}}],"collection":[{"href":"https:\/\/www.greenpeace.ch\/fr\/wp-json\/wp\/v2\/posts"}],"about":[{"href":"https:\/\/www.greenpeace.ch\/fr\/wp-json\/wp\/v2\/types\/post"}],"author":[{"embeddable":true,"href":"https:\/\/www.greenpeace.ch\/fr\/wp-json\/wp\/v2\/users\/23"}],"replies":[{"embeddable":true,"href":"https:\/\/www.greenpeace.ch\/fr\/wp-json\/wp\/v2\/comments?post=24649"}],"version-history":[{"count":0,"href":"https:\/\/www.greenpeace.ch\/fr\/wp-json\/wp\/v2\/posts\/24649\/revisions"}],"wp:featuredmedia":[{"embeddable":true,"href":"https:\/\/www.greenpeace.ch\/fr\/wp-json\/wp\/v2\/media\/24651"}],"wp:attachment":[{"href":"https:\/\/www.greenpeace.ch\/fr\/wp-json\/wp\/v2\/media?parent=24649"}],"wp:term":[{"taxonomy":"category","embeddable":true,"href":"https:\/\/www.greenpeace.ch\/fr\/wp-json\/wp\/v2\/categories?post=24649"},{"taxonomy":"post_tag","embeddable":true,"href":"https:\/\/www.greenpeace.ch\/fr\/wp-json\/wp\/v2\/tags?post=24649"},{"taxonomy":"p4-page-type","embeddable":true,"href":"https:\/\/www.greenpeace.ch\/fr\/wp-json\/wp\/v2\/p4-page-type?post=24649"},{"taxonomy":"gpch-article-type","embeddable":true,"href":"https:\/\/www.greenpeace.ch\/fr\/wp-json\/wp\/v2\/gpch-article-type?post=24649"}],"curies":[{"name":"wp","href":"https:\/\/api.w.org\/{rel}","templated":true}]}}