{"id":27022,"date":"2017-10-20T00:00:00","date_gmt":"2017-10-19T22:00:00","guid":{"rendered":"https:\/\/master.greenpeace.ch\/magazin-article-fr\/27022\/mouchoir-en-tissu-je-taime\/"},"modified":"2019-05-31T08:34:14","modified_gmt":"2019-05-31T06:34:14","slug":"mouchoir-en-tissu-je-taime","status":"publish","type":"post","link":"https:\/\/www.greenpeace.ch\/fr\/article-de-magazine\/27022\/mouchoir-en-tissu-je-taime\/","title":{"rendered":"\u00ab Mouchoir en tissu, je t\u2019aime \u00bb"},"content":{"rendered":"<p><strong>Quand je pense \u00e0 toi, je me rappelle tes innombrables petits passages sur mon nez. Parfois juste un l\u00e9ger contact, un simple effleurement, parfois une solide emprise. Je pense aux gouttes de sueur que tu as essuy\u00e9es, aux larmes que tu as s\u00e9ch\u00e9es, au sang que tu as tamponn\u00e9 sur mon genou d\u2019enfant, un jour d\u2019\u00e9t\u00e9. Soigneusement, tu nettoies mon banc pr\u00e9f\u00e9r\u00e9 au parc, tu \u00e9limines les restes de glace \u00e0 la commissure de mes l\u00e8vres. Les jours de canicule, les quatre coins nou\u00e9s, tu me sers de protection solaire. L\u2019automne, nous sommes ins\u00e9parables.<\/strong><\/p>\n<p>Quand les jours se raccourcissent, et que l\u2019hiver montre son nez, tu es celui qui pr\u00e9figure le retour du printemps. Un voile doux et soyeux dans ma poche. Te savoir avec moi, c\u2019est me sentir rassur\u00e9\u00a0: ton n\u0153ud me rappellera ce que je pourrais oublier.<\/p>\n<p>Pour ne rien g\u00e2cher, tu es c\u00e9l\u00e8bre\u00a0: on t\u2019a vu sur la t\u00eate de Tintin au pays de l\u2019or noir, comme drapeau de la paix dans la politique mondiale, comme objet trouv\u00e9 de mauvais augure dans Othello, la pi\u00e8ce de Shakespeare. La Rome antique avait le <em>sudarium<\/em> (suaire) et la <em>mappa<\/em> (serviette), qui a permis au public de sauver l\u2019un ou l\u2019autre gladiateur, avec ton aide.<\/p>\n<p>Tu \u00e9tais le gage confi\u00e9 au chevalier avant la bataille, pendant que la bien-aim\u00e9e tremblait pour ta vie. Tu faisais danser la femme et l\u2019homme, \u00e9l\u00e9gamment reli\u00e9s uniquement par tes coins, que le couple dansant tenait dans ses mains. Perdu juste devant les pieds de l\u2019admirateur, tu \u00e9tais aussi le messager des parfums, amoureusement respir\u00e9s par plus d\u2019un homme.<\/p>\n<p><strong>De plus en plus vite, Tempo\u00a0!<\/strong><\/p>\n<p>Durant des centaines d\u2019ann\u00e9es, tu \u00e9tais le h\u00e9ros de notre quotidien, garni de perles ou de monogrammes familiaux, illustr\u00e9 de motifs color\u00e9s ou de petits carreaux. Une fois us\u00e9s, les t-shirts pr\u00e9f\u00e9r\u00e9s finissaient d\u00e9chir\u00e9s en morceaux, et transform\u00e9s en mouchoirs. M\u00eame frip\u00e9, tu faisais face \u00e0 n\u2019importe quel incident.<\/p>\n<p>Et pourtant, depuis 80\u00a0ans, tu es \u00e9vinc\u00e9 par le mouchoir en papier <em>Tempo<\/em>, pr\u00e9curseur de la soci\u00e9t\u00e9 du gaspillage.<\/p>\n<p>Contrairement \u00e0 toi, les nouveaux carr\u00e9s de papier ne r\u00e9sistent pas au temps. Contrairement \u00e0 toi, ils sont en cellulose fabriqu\u00e9e \u00e0 partir de for\u00eats bor\u00e9ales de grande valeur. Contrairement \u00e0 toi, ils d\u00e9truisent les bases d\u2019existence des communaut\u00e9s autochtones et des esp\u00e8ces menac\u00e9es.<\/p>\n<p>Et contrairement \u00e0 toi, les mouchoirs en papier sont jet\u00e9s apr\u00e8s un seul usage. Quel gaspillage\u00a0!<\/p>\n<p>&nbsp;<\/p>\n<div style=\"background-color: #ecf1f7; color: black; padding: 25px;\">\n<p><span class=\"font-120525\">Tempo est fabriqu\u00e9 par Essity, le second plus grand fabricant de mouchoirs et de papier toilette au monde. Ce dernier ach\u00e8te ses mati\u00e8res premi\u00e8res aupr\u00e8s de soci\u00e9t\u00e9s foresti\u00e8res qui d\u00e9truisent d\u2019importantes zones de for\u00eats bor\u00e9ales.\u00a0<strong>Ces zones ont d\u2019urgence besoin de protection!\u00a0<\/strong>Nous utilisons tous du papier toilette et des mouchoirs, mais cela ne doit pas se faire au d\u00e9triment des for\u00eats et du climat. <\/span><\/p>\n<p><span class=\"font-120525\"><strong>Agissez en signant notre p\u00e9tition!<\/strong>\u00a0Nous remettrons votre signature aux dirigeants d\u2019Essity.\u00a0Ensemble, nous devons faire comprendre \u00e0 Essity que nous continuerons jusqu\u2019\u00e0 ce qu\u2019elle agisse r\u00e9ellement en faveur de la sauvegarde des for\u00eats bor\u00e9ales.<\/span><\/p>\n<p><span class=\"font-120525\"><a href=\"https:\/\/act.greenpeace.ch\/page\/14100\/petition\/1?utm_medium=website&amp;utm_source=themenseite&amp;utm_campaign=greatnorthernforest&amp;utm_content=button\">Signer la p\u00e9tition adress\u00e9e \u00e0 Essity\u00a0!<\/a><\/span><\/p>\n<p><span class=\"font-120525\"><a href=\"https:\/\/www.greenpeace.ch\/stoffnastuch\">Confectionner son propre mouchoir en tissu\u00a0!<\/a><\/span><\/p>\n<p>&nbsp;<\/p>\n<\/div>\n","protected":false},"excerpt":{"rendered":"<p>La docteure Max Liboiron est \u00e0 la fois sp\u00e9cialiste et activiste f\u00e9ministe des sciences de l\u2019environnement. Professeure assistante \u00e0 l\u2019universit\u00e9 Memorial de Terre-Neuve (Canada), elle enseigne au d\u00e9partement de g\u00e9ographie et m\u00e8ne des recherches en \u00ab\u00a0Discard Studies\u00a0\u00bb (\u00e9tudes des d\u00e9chets). Elle est \u00e0 l\u2019origine du projet de science citoyenne \u00ab\u00a0Civic Laboratory for Environmental Action Research\u00a0\u00bb (CLEAR). Son blog traite des d\u00e9chets plastiques dans les oc\u00e9ans selon une perspective interdisciplinaire, \u00e0 la crois\u00e9e de la biologie, de la g\u00e9ographie et des sciences sociales. Elle \u00e9tudie \u00e9galement l\u2019impact de l\u2019activisme sur ce type d\u2019enjeux, car \u00ab\u00a0le plastique est un probl\u00e8me global.\u00a0\u00bb<\/p>\n","protected":false},"author":30,"featured_media":27023,"comment_status":"closed","ping_status":"open","sticky":false,"template":"","format":"standard","meta":{"_acf_changed":false,"_planet4_optimize_post_is_variant":false,"_planet4_optimize_experiment_name":"","_planet4_optimize_variant_name":"","ep_exclude_from_search":false,"p4_og_title":"","p4_og_description":"","p4_og_image":"","p4_og_image_id":"","p4_seo_canonical_url":"","p4_campaign_name":"","p4_local_project":"","p4_basket_name":"","p4_department":"","footnotes":""},"categories":[82,83,81],"tags":[],"p4-page-type":[80],"gpch-article-type":[],"class_list":["post-27022","post","type-post","status-publish","format-standard","has-post-thumbnail","hentry","category-foretspublications","category-magazine-foretspublications","category-themes","p4-page-type-article-de-magazine"],"acf":[],"_links":{"self":[{"href":"https:\/\/www.greenpeace.ch\/fr\/wp-json\/wp\/v2\/posts\/27022","targetHints":{"allow":["GET"]}}],"collection":[{"href":"https:\/\/www.greenpeace.ch\/fr\/wp-json\/wp\/v2\/posts"}],"about":[{"href":"https:\/\/www.greenpeace.ch\/fr\/wp-json\/wp\/v2\/types\/post"}],"author":[{"embeddable":true,"href":"https:\/\/www.greenpeace.ch\/fr\/wp-json\/wp\/v2\/users\/30"}],"replies":[{"embeddable":true,"href":"https:\/\/www.greenpeace.ch\/fr\/wp-json\/wp\/v2\/comments?post=27022"}],"version-history":[{"count":0,"href":"https:\/\/www.greenpeace.ch\/fr\/wp-json\/wp\/v2\/posts\/27022\/revisions"}],"wp:featuredmedia":[{"embeddable":true,"href":"https:\/\/www.greenpeace.ch\/fr\/wp-json\/wp\/v2\/media\/27023"}],"wp:attachment":[{"href":"https:\/\/www.greenpeace.ch\/fr\/wp-json\/wp\/v2\/media?parent=27022"}],"wp:term":[{"taxonomy":"category","embeddable":true,"href":"https:\/\/www.greenpeace.ch\/fr\/wp-json\/wp\/v2\/categories?post=27022"},{"taxonomy":"post_tag","embeddable":true,"href":"https:\/\/www.greenpeace.ch\/fr\/wp-json\/wp\/v2\/tags?post=27022"},{"taxonomy":"p4-page-type","embeddable":true,"href":"https:\/\/www.greenpeace.ch\/fr\/wp-json\/wp\/v2\/p4-page-type?post=27022"},{"taxonomy":"gpch-article-type","embeddable":true,"href":"https:\/\/www.greenpeace.ch\/fr\/wp-json\/wp\/v2\/gpch-article-type?post=27022"}],"curies":[{"name":"wp","href":"https:\/\/api.w.org\/{rel}","templated":true}]}}