{"id":27143,"date":"2018-01-16T00:00:00","date_gmt":"2018-01-15T22:00:00","guid":{"rendered":"https:\/\/master.greenpeace.ch\/magazin-article-fr\/27143\/de-la-parole-aux-actes-serie-2-5\/"},"modified":"2019-05-31T08:55:07","modified_gmt":"2019-05-31T06:55:07","slug":"de-la-parole-aux-actes-serie-2-5","status":"publish","type":"post","link":"https:\/\/www.greenpeace.ch\/fr\/article-de-magazine\/27143\/de-la-parole-aux-actes-serie-2-5\/","title":{"rendered":"De la parole aux actes! (S\u00e9rie 2\/5)"},"content":{"rendered":"<p class=\"p1\"><strong>Franziska Herren: du studio de fitness au Palais f\u00e9d\u00e9ral, une femme en lutte contre les subventions allou\u00e9es \u00e0 une agriculture d\u00e9vastatrice.<br \/>\n<\/strong>\u00abNous pouvons aussi nous rencontrer dimanche apr\u00e8s-midi\u00bb, m\u2019a-t-elle r\u00e9pondu lorsque je l\u2019ai contact\u00e9e pour obtenir un rendez-vous, ajoutant: \u00abJe ne fais pas de diff\u00e9rence entre le travail et les loisirs.\u00bb Depuis que cette Bernoise de 50 ans a commenc\u00e9 \u00e0 r\u00e9colter des voix pour sa nouvelle initiative, en mars dernier, elle travaille pratiquement jour et nuit. Son fils adolescent, qui, \u00e0 la diff\u00e9rence de sa s\u0153ur, vit encore chez ses parents, lui a r\u00e9cemment d\u00e9clar\u00e9: \u00abOn voit que tu es en pleine campagne de vote: le frigo est presque vide&#8230;\u00bb Le studio de fitness que l\u2019ancienne h\u00f4tesse de l\u2019air g\u00e8re depuis vingt-quatre ans dans la commune de Wiedlisbach, non loin de Soleure, est provisoirement dirig\u00e9 par ses employ\u00e9s.<\/p>\n<p class=\"p1\">Franziska Herren pose volontiers des questions de fond: \u00abPourquoi les consommateurs doivent-ils payer plus cher les produits issus de l\u2019agriculture biologique que ceux de l\u2019agriculture conventionnelle? Pourquoi ces produits sont-ils r\u00e9serv\u00e9s aux milieux privil\u00e9gi\u00e9s?\u00bb, se demande-t-elle de mani\u00e8re rh\u00e9torique. Sa r\u00e9ponse est sans appel: \u00abParce que les paysans n\u2019ont pas \u00e0 payer pour les dommages que les pesticides et les antibiotiques causent \u00e0 l\u2019environnement. D\u2019autant que ces dommages sont subventionn\u00e9s par la Conf\u00e9d\u00e9ration.\u00bb Avec son initiative populaire \u00abPour une eau potable propre et une alimentation saine\u00bb, elle a d\u00e9cid\u00e9 de tout chambouler: au lieu d\u2019accorder chaque ann\u00e9e des milliards de francs de subventions aux exploitations conventionnelles, seules celles qui produisent sans utiliser de pesticides ni pratiquer l\u2019\u00e9levage intensif seraient soutenues par la Conf\u00e9d\u00e9ration et les cantons.<\/p>\n<blockquote>\n<p class=\"p1\">Le savoir responsabilise<\/p>\n<\/blockquote>\n<p class=\"p1\">\u00abAu fond, j\u2019ai de la peine \u00e0 intervenir en public; je pr\u00e9f\u00e8re travailler en coulisses, reconna\u00eet Franziska Herren. Mais, \u00e0 partir du moment o\u00f9 l\u2019on d\u00e9tient des informations, on a une responsabilit\u00e9. On doit intervenir.\u00bb Son engagement politique a commenc\u00e9 il y a douze ans, par une initiative communale contre la coupe \u00e0 blanc\u00a0d\u2019un pan de la for\u00eat et de l\u2019aire de loisirs proche de sa maison. Elle a mobilis\u00e9 ses voisins, n\u00e9goci\u00e9 avec les autorit\u00e9s municipales et r\u00e9ussi en fin de compte \u00e0 emp\u00eacher ce d\u00e9boisement drastique. Pour la premi\u00e8re fois, elle a r\u00e9alis\u00e9 ce qu\u2019impliquait la d\u00e9fense d\u2019une cause contre une majorit\u00e9 et contre les avis des experts. Certains voisins de cette commune de deux mille habitants l\u2019\u00e9vitaient soudain ou ne fr\u00e9quentaient plus son studio de fitness. Le rejet a \u00e9t\u00e9 encore plus sensible en 2011, lorsqu\u2019elle s\u2019est oppos\u00e9e au changement d\u2019affectation de terres r\u00e9serv\u00e9es \u00e0 la rotation des cultures. De grosses sommes d\u2019argent \u00e9taient en jeu; la lutte pour conqu\u00e9rir la faveur du public a \u00e9t\u00e9 rude.<\/p>\n<p class=\"p1\">Lors de la catastrophe nucl\u00e9aire de Fukushima, en mars 2011, Franziska Herren s\u2019est vue brusquement embarqu\u00e9e dans sa premi\u00e8re intervention politique au niveau cantonal. Choqu\u00e9e par les images en provenance du Japon, elle avait imprim\u00e9 des tracts et les avait distribu\u00e9s dans sa commune. Une Suisse avec 100% d\u2019\u00e9nergies renouvelables \u00e9tait possible, selon elle. Un de ces tracts retint l\u2019attention de Walter Kummer, un ancien entrepreneur fortun\u00e9 et dot\u00e9 d\u2019un solide savoir-faire juridique. Celui-ci lui proposa de poursuivre l\u2019un de ses objectifs \u00e0 l\u2019\u00e9chelon cantonal: le d\u00e9branchement de la centrale nucl\u00e9aire de M\u00fchleberg. Un comit\u00e9 d\u2019initiative fut r\u00e9uni, un site web mis en ligne, et des collecteurs de signatures furent recrut\u00e9s. L\u2019initiative <i>M\u00fchleberg vom Netz<\/i> (D\u00e9connecter M\u00fchleberg) sera rejet\u00e9e par le peuple bernois le 18 mai 2014. Franziska Herren \u00e9voque n\u00e9anmoins un succ\u00e8s: \u00abCompte tenu des d\u00e9bats sur la votation, les Forces motrices bernoises n\u2019ont d\u2019autre choix aujourd\u2019hui que d\u2019arr\u00eater la centrale d\u2019ici 2019.\u00bb<\/p>\n<blockquote>\n<p class=\"p1\">Le g\u00e2chis agricole<\/p>\n<\/blockquote>\n<p class=\"p1\">Franziska Herren a eu l\u2019id\u00e9e de sa premi\u00e8re initiative \u00e0 l\u2019\u00e9chelle f\u00e9d\u00e9rale lors d\u2019une randonn\u00e9e. Elle avait crois\u00e9 une jeune vache meuglant seule dans un champ apr\u00e8s qu\u2019on lui ait retir\u00e9 son veau juste apr\u00e8s sa naissance. Elle commen\u00e7a alors \u00e0 faire des recherches: \u00abPlus je me pr\u00e9occupais de la douleur de cet animal, plus je prenais conscience du g\u00e2chis de notre agriculture intensive.\u00bb Le fait que l\u2019on arrache le veau \u00e0 sa m\u00e8re afin d\u2019augmenter la production de lait n\u2019\u00e9tait que la pointe de l\u2019iceberg. Bient\u00f4t, Franziska Herren renon\u00e7a au fromage et au lait; elle \u00e9tait d\u00e9j\u00e0 v\u00e9g\u00e9tarienne depuis l\u2019enfance. Aujourd\u2019hui, elle s\u2019indigne de voir comment les consommateurs sont induits en erreur par une publicit\u00e9 pour la viande et le lait qui occulte les conditions de production effectives, \u00e0 savoir l\u2019\u00e9levage intensif. Elle est choqu\u00e9e que cette publicit\u00e9, tout comme la production agricole polluante et contraire \u00e0 toute \u00e9thique, soit subventionn\u00e9e par les contribuables. Le groupe de lobbying Proviande re\u00e7oit pr\u00e8s de six millions de francs par an de la Conf\u00e9d\u00e9ration.<\/p>\n<p class=\"p1\">Avec son initiative actuelle, Franziska Herren entend mettre en \u00e9vidence le lien entre l\u2019agriculture intensive, bas\u00e9e sur des impor\u00adtations de fourrages et un usage massif de produits phytosanitaires, et la qualit\u00e9 de l\u2019eau. Ce mode de production contamine les sols avec des nitrates et des pesticides. Des r\u00e9sidus m\u00e9dicamenteux, tels les antibiotiques souvent prescrits de mani\u00e8re pr\u00e9ventive dans l\u2019\u00e9levage intensif, sont \u00e9galement diss\u00e9min\u00e9s dans les champs par le fumier et le lisier, puis polluent la nappe phr\u00e9atique pour finir dans notre eau courante. Ce qui pr\u00e9occupe le plus Franziska Herren? \u00abLes 42 tonnes d\u2019antibiotiques utilis\u00e9s chaque ann\u00e9e pour notre \u00e9levage ax\u00e9 sur les hauts rendements, qui font que de plus en plus de bact\u00e9ries multir\u00e9sistantes se r\u00e9pandent dans les cours d\u2019eau.\u00bb Une infection de cette sorte pourrait \u00eatre fatale chez l\u2019\u00eatre humain. C\u2019est pourquoi le comit\u00e9 d\u2019initiative se r\u00e9f\u00e8re explicitement \u00e0 la loi sur la protection des eaux, qui interdit de laisser s\u2019infiltrer dans le sol des substances susceptibles de le polluer.<\/p>\n<p class=\"p1\">L\u2019initiative, selon Herren, rencontre un vif int\u00e9r\u00eat. \u00abLa plupart de nos donateurs et col\u00adlecteurs de signatures sont venus \u00e0 nous de leur plein gr\u00e9 d\u00e8s qu\u2019ils en ont entendu parler.\u00bb C\u2019\u00e9tait un signal positif. \u00abTant que l\u2019on pourra toucher les gens avec de telles initiatives, le changement social aura des chances concr\u00e8tes.\u00bb Franziska Herren table sur l\u2019investissement personnel pour y arriver. Elle inscrit son num\u00e9ro de t\u00e9l\u00e9phone et son adresse \u00e9lectronique sur chaque feuille de signatures, et r\u00e9pond pratiquement \u00e0 toutes les demandes, souvent jusque tard dans la nuit. Le jeu en vaut apparemment la chandelle: au bout de six mois de collecte de signatures, tout semble indiquer que l\u2019initiative va aboutir.<\/p>\n<p class=\"p1\">Pour vous engager, il vous suffit de t\u00e9l\u00e9charger les formulaires de l\u2019initiative, de collecter des signatures dans votre entourage et de les envoyer, ou de signer directement en ligne sur <i>wecollect.ch.<\/i><\/p>\n<p><a href=\"https:\/\/www.greenpeace.ch\/fr\/2017\/08\/21\/temps-agriculture-biologique\/\">Voici<\/a>\u00a0notre r\u00e9cent blog concernant l&rsquo;initiative.<\/p>\n","protected":false},"excerpt":{"rendered":"<p>Franziska Herren: du studio de fitness au Palais f\u00e9d\u00e9ral, une femme en lutte contre les subventions allou\u00e9es \u00e0 une agriculture d\u00e9vastatrice.<\/p>\n","protected":false},"author":30,"featured_media":27144,"comment_status":"closed","ping_status":"open","sticky":false,"template":"","format":"standard","meta":{"_acf_changed":false,"_planet4_optimize_post_is_variant":false,"_planet4_optimize_experiment_name":"","_planet4_optimize_variant_name":"","ep_exclude_from_search":false,"p4_og_title":"","p4_og_description":"","p4_og_image":"","p4_og_image_id":"","p4_seo_canonical_url":"","p4_campaign_name":"","p4_local_project":"","p4_basket_name":"","p4_department":"","footnotes":""},"categories":[102,78],"tags":[60],"p4-page-type":[80],"gpch-article-type":[],"class_list":["post-27143","post","type-post","status-publish","format-standard","has-post-thumbnail","hentry","category-magazinesociete","category-publications","tag-qui-sommes-nous","p4-page-type-article-de-magazine"],"acf":[],"_links":{"self":[{"href":"https:\/\/www.greenpeace.ch\/fr\/wp-json\/wp\/v2\/posts\/27143","targetHints":{"allow":["GET"]}}],"collection":[{"href":"https:\/\/www.greenpeace.ch\/fr\/wp-json\/wp\/v2\/posts"}],"about":[{"href":"https:\/\/www.greenpeace.ch\/fr\/wp-json\/wp\/v2\/types\/post"}],"author":[{"embeddable":true,"href":"https:\/\/www.greenpeace.ch\/fr\/wp-json\/wp\/v2\/users\/30"}],"replies":[{"embeddable":true,"href":"https:\/\/www.greenpeace.ch\/fr\/wp-json\/wp\/v2\/comments?post=27143"}],"version-history":[{"count":0,"href":"https:\/\/www.greenpeace.ch\/fr\/wp-json\/wp\/v2\/posts\/27143\/revisions"}],"wp:featuredmedia":[{"embeddable":true,"href":"https:\/\/www.greenpeace.ch\/fr\/wp-json\/wp\/v2\/media\/27144"}],"wp:attachment":[{"href":"https:\/\/www.greenpeace.ch\/fr\/wp-json\/wp\/v2\/media?parent=27143"}],"wp:term":[{"taxonomy":"category","embeddable":true,"href":"https:\/\/www.greenpeace.ch\/fr\/wp-json\/wp\/v2\/categories?post=27143"},{"taxonomy":"post_tag","embeddable":true,"href":"https:\/\/www.greenpeace.ch\/fr\/wp-json\/wp\/v2\/tags?post=27143"},{"taxonomy":"p4-page-type","embeddable":true,"href":"https:\/\/www.greenpeace.ch\/fr\/wp-json\/wp\/v2\/p4-page-type?post=27143"},{"taxonomy":"gpch-article-type","embeddable":true,"href":"https:\/\/www.greenpeace.ch\/fr\/wp-json\/wp\/v2\/gpch-article-type?post=27143"}],"curies":[{"name":"wp","href":"https:\/\/api.w.org\/{rel}","templated":true}]}}