{"id":27385,"date":"2018-03-14T00:00:00","date_gmt":"2018-03-13T22:00:00","guid":{"rendered":"https:\/\/master.greenpeace.ch\/magazin-article-fr\/27385\/les-ignorants-font-le-bonheur-des-grands\/"},"modified":"2019-05-31T09:31:51","modified_gmt":"2019-05-31T07:31:51","slug":"les-ignorants-font-le-bonheur-des-grands","status":"publish","type":"post","link":"https:\/\/www.greenpeace.ch\/fr\/article-de-magazine\/27385\/les-ignorants-font-le-bonheur-des-grands\/","title":{"rendered":"Les ignorants font le bonheur des grands"},"content":{"rendered":"<p><strong>Quand on choisit de regarder ailleurs, on facilite les machinations, scandales, irr\u00e9gularit\u00e9s et autres magouilles. Ne pas vouloir savoir, c\u2019est faire preuve d\u2019ignorance. En ces temps de soci\u00e9t\u00e9s mafieuses, de corruption et d\u2019\u00e9chappatoires fiscales, les ignorants font vraiment le bonheur des grands.<\/strong><\/p>\n<p>Moli\u00e8re avait donc bien raison\u2026 Sauf que le dicton n\u2019est pas de lui, m\u00eame si des sources \u00e9lectroniques s\u00e9rieuses l\u2019attribuent au grand auteur de th\u00e9\u00e2tre baroque (1622\u20131673). Mais Moli\u00e8re aurait certainement adh\u00e9r\u00e9 au principe.<\/p>\n<p>Dans ses pi\u00e8ces, Moli\u00e8re attaque surtout les ignorants et leurs ma\u00eetres \u00e0 penser. Il fustige les puissants et les influents de tous bords, mais aussi leurs courtisans. Qui feront donc cause commune pour faire taire les esprits critiques, parfois avec succ\u00e8s. Comme le groupe de courtisans ultra-catholiques autour de la Reine m\u00e8re Anne d\u2019Autriche, qui r\u00e9ussira \u00e0 convaincre le Roi Louis XIV d\u2019interdire le \u00ab\u00a0Tartuffe\u00a0\u00bb. Cette c\u00e9l\u00e8bre pi\u00e8ce qui met en sc\u00e8ne un moine aux tentations lubriques, plus tard d\u00e9masqu\u00e9 comme imposteur, sera interdite m\u00eame dans sa version \u00e9pur\u00e9e. C\u2019est ainsi qu\u2019un clan d\u2019ignorants r\u00e9ussit \u00e0 imposer ses vues bigotes.<\/p>\n<p>Mais les cr\u00e9ations de Moli\u00e8re ne restent pas sans effet. Esprit p\u00e9n\u00e9trant et observateur sans piti\u00e9, Moli\u00e8re est une personnalit\u00e9 redout\u00e9e. Les puissants appr\u00e9hendent le mouvement \u00ab\u00a0citoyen\u00a0\u00bb qui s\u2019annonce, les religieux perdent la ma\u00eetrise du champ de la morale qui \u00e9tait leur terrain de jeu pr\u00e9f\u00e9r\u00e9.<\/p>\n<p>Aujourd\u2019hui, la d\u00e9nonciation de l\u2019ignorance n\u2019est plus un tabou. Ainsi les spectateurs sont nombreux pour la repr\u00e9sentation sc\u00e9nique du roman de Roberto Saviano, \u00e9crivain, philosophe et auteur d\u2019enqu\u00eates sur la mafia, au th\u00e9\u00e2tre de Constance au printemps 2017. Et le public afflue lors d\u2019un entretien au th\u00e9\u00e2tre avec le journaliste Sandro Mattioli, qui discute la pr\u00e9sence de la mafia en Allemagne avec un inspecteur de la police judiciaire. Quelle est la face cach\u00e9e de notre soci\u00e9t\u00e9 consum\u00e9riste\u00a0? Qui la fait fonctionner\u00a0? Par quels moyens\u00a0? Et quelle est la valeur d\u2019une vie\u00a0? Des questions qui interpellent et inqui\u00e8tent. Les interventions de Sandro Mattioli sur ces questions ont de quoi faire r\u00e9fl\u00e9chir. Mais \u00e0 qui s\u2019adresse le journalisme d\u2019investigation, \u00e0 l\u2019heure actuelle\u00a0? Existe-t-il encore une opinion publique, qu\u2019il est possible d\u2019influencer\u00a0? Que fait le citoyen ordinaire, quand il entend parler des activit\u00e9s d\u2019un g\u00e9ant des mati\u00e8res premi\u00e8res comme Glencore\u00a0?<\/p>\n<p>Dans un blog traitant des \u00ab\u00a0Paradise Papers\u00a0\u00bb, ces documents r\u00e9v\u00e9lant les pratiques d\u2019\u00e9vasion fiscale des riches, je lis ceci\u00a0: \u00ab\u00a0Il faut \u00eatre fou pour ne pas chercher \u00e0 soustraire le plus d\u2019imp\u00f4ts possible \u00e0 la redistribution par l\u2019\u00c9tat\u00a0\u00bb. L\u2019auteur de cette contribution estime que \u00ab\u00a0la gauche\u00a0\u00bb est compos\u00e9e d\u2019ignorants, qui ne veulent pas voir que les recettes fiscales disparaissent dans des projets d\u2019aide au d\u00e9veloppement absurdes, ou dans les structures d\u2019une politique d\u2019asile biais\u00e9e. De leur c\u00f4t\u00e9, les milieux sociaux-d\u00e9mocrates et \u00e9cologistes sont atterr\u00e9s par les astuces fiscales de grands groupes comme Glencore, aux activit\u00e9s probl\u00e9matiques pour l\u2019environnement, et estiment que les b\u00e9n\u00e9fices sont une fois de plus privatis\u00e9s, tandis que les co\u00fbts sont socialis\u00e9s.<\/p>\n<p>Existe-t-il des instances sup\u00e9rieures, comp\u00e9tentes pour trancher les querelles entre les citoyens\u00a0? Les organisations internationales jouent-elles ce r\u00f4le\u00a0? Les repr\u00e9sentants des nations les plus puissantes sont-ils v\u00e9ritablement int\u00e9ress\u00e9s \u00e0 une entente, ou pr\u00e9f\u00e8rent-ils continuer leur jeu du pouvoir\u00a0? Ont-ils l\u2019intention d\u2019aborder s\u00e9rieusement le probl\u00e8me des d\u00e9chets, qui fait actuellement les grands titres sous la forme de la crise du plastique, avant que les retomb\u00e9es \u00e9conomiques deviennent incontournables\u00a0? Si c\u2019\u00e9tait le cas, on pourrait dire que \u00ab\u00a0le march\u00e9\u00a0\u00bb r\u00e8gle les choses, m\u00eame s\u2019il s\u2019y prend tardivement. Mais ceci rel\u00e8ve d\u2019une simple croyance, qui conf\u00e8re \u00e0 la sainte \u00e9conomie de march\u00e9 une puissance divine. Les recommandations les plus r\u00e9centes de l\u2019Organisation de coop\u00e9ration et de d\u00e9veloppement \u00e9conomiques (OCDE) faites \u00e0 la Suisse confirment ce constat\u00a0: \u00ab\u00a0le march\u00e9\u00a0\u00bb exigerait la r\u00e9duction d\u2019une partie du secteur public, pour se d\u00e9velopper harmonieusement. C\u2019est la plus pure doctrine n\u00e9olib\u00e9rale, \u00e0 peine d\u00e9guis\u00e9e, qui vise \u00e0 d\u00e9manteler les structures d\u2019un \u00c9tat issu d\u2019une longue \u00e9volution historique. Ceci alors que le r\u00e9cent sommet international sur le climat a encore une fois \u00e9chou\u00e9 \u00e0 contenir les d\u00e9rives d\u2019une croissance incontr\u00f4l\u00e9e et sans limites.<\/p>\n<p>Ce n\u2019est pas un hasard. Selon la m\u00eame OCDE, le domaine de l\u2019\u00e9ducation doit \u00e9galement se soumettre \u00e0 des mesures de performance. Les institutions p\u00e9dagogiques de culture g\u00e9n\u00e9rale sont cens\u00e9es se flexibiliser, et le \u00ab\u00a0capital humain\u00a0\u00bb se conformer aux exigences du march\u00e9. Or les \u00e9l\u00e8ves ne sont pas des pommes de terre, que l\u2019on peut transformer \u00e0 volont\u00e9. Elles et ils sont surtout des \u00eatres humains, et les citoyennes et citoyens de la soci\u00e9t\u00e9 de demain. Il leur faut donc une vision holistique d\u2019une soci\u00e9t\u00e9 complexe, humaine et viable. Une perspective que seuls les \u00c9tats conscients des enjeux sauront leur transmettre. L\u2019id\u00e9e d\u2019une croissance \u00e9conomique illimit\u00e9e et continue, \u00e0 laquelle toute autre consid\u00e9ration est subordonn\u00e9e, doit certes \u00eatre discut\u00e9e \u00e0 l\u2019\u00e9chelle nationale et internationale. Mais pas comme le seul horizon possible\u00a0! Cette id\u00e9e de croissance doit \u00eatre soumise \u00e0 un d\u00e9bat d\u00e9mocratique qui en d\u00e9masquera le caract\u00e8re obtus. L\u2019OCDE n\u2019est pas, \u00e0 l\u2019heure actuelle, en mesure de mener ce d\u00e9bat de soci\u00e9t\u00e9. Elle ignore des dimensions essentielles de l\u2019\u00c9tat moderne. Cette ignorance affaiblit les d\u00e9bats citoyens, au profit d\u2019une tendance lourde de l\u2019\u00e9conomie.<\/p>\n<p>Aujourd\u2019hui, la soci\u00e9t\u00e9 tol\u00e8re les repr\u00e9sentations de type Tartuffe, du moins en Occident. Les \u00e9v\u00e9nements th\u00e9\u00e2traux critiques ne sont pas contest\u00e9s sur le plan du contenu. Par contre on leur coupe les moyens\u00a0: \u00e9ducation, culture et services publics sont mis sous pression sur le plan financier. Les \u00ab\u00a0Paradise Papers\u00a0\u00bb montrent comment ce manque de financements publics se construit. Dans ce contexte, la r\u00e9sistance citoyenne prend tout son sens. Exemple, la plainte r\u00e9cemment d\u00e9pos\u00e9e par Nestl\u00e9 contre la commune de Osceola Township, dans l\u2019\u00c9tat am\u00e9ricain du Michigan. La multinationale suisse entend pomper encore plus d\u2019eau souterraine dans cette r\u00e9gion, pour la vendre avec profit. Le nouveau projet de station de pompage devrait capter plus 1500\u00a0litres par minute. Mais la commune s\u2019oppose \u00e0 ce projet. Pourra-t-elle obtenir gain de cause en justice\u00a0? Cela d\u00e9pendra de la jurisprudence et de la force du d\u00e9bat d\u00e9mocratique. \u00c9lever la voix comme Roberto Saviano ou Sandro Mattioli, s\u2019organiser en associations citoyennes et en communaut\u00e9s critiques pour se faire entendre, tout ceci constitue la symphonie politique venue d\u2019en bas. L\u2019ignorance volontaire dont parlait Immanuel Kant au 18<sup>e<\/sup> si\u00e8cle, nous pouvons toutes et tous contribuer \u00e0 la surmonter. En allant voter, en participant \u00e0 des r\u00e9unions communales, en s\u2019impliquant dans des partis politiques, en se rassemblant dans l\u2019espace public ou en s\u2019organisant sur le lieu de travail. L\u2019opinion publique n\u2019existe pas sans notre participation. Elle se produit \u00e0 travers le d\u00e9bat.<\/p>\n<p>Autre exemple, le d\u00e9clin des insectes, qui n\u2019est pas non plus une fatalit\u00e9. Mais les insectes ne reviendront pas, si les choses restent ce qu\u2019elles sont, si nous ne changeons pas nous-m\u00eames. Renforcer la d\u00e9mocratie, c\u2019est possible. C\u2019est aussi ce que nous enseigne Moli\u00e8re. Ou Robert Menasse, qui vient de recevoir le prix allemand du Livre, et qui \u00e9crit ceci dans son roman \u00ab\u00a0Die Hauptstadt\u00a0\u00bb (\u00ab\u00a0La capitale\u00a0\u00bb) de 2017\u00a0: \u00ab\u00a0Imaginez que vous vivez au temps de la soci\u00e9t\u00e9 esclavagiste de la Gr\u00e8ce antique. On vous pose la question\u00a0: \u2018Pensez-vous qu\u2019un monde sans esclaves est possible\u00a0?\u2019 Vous r\u00e9pondriez\u00a0: \u2018Non. La soci\u00e9t\u00e9 esclavagiste est la pr\u00e9condition de la d\u00e9mocratie.\u2019\u00a0\u00bb<\/p>\n","protected":false},"excerpt":{"rendered":"<p>Quand on choisit de regarder ailleurs, on facilite les machinations, scandales, irr\u00e9gularit\u00e9s et autres magouilles.<\/p>\n","protected":false},"author":38,"featured_media":27386,"comment_status":"closed","ping_status":"open","sticky":false,"template":"","format":"standard","meta":{"_acf_changed":false,"_planet4_optimize_post_is_variant":false,"_planet4_optimize_experiment_name":"","_planet4_optimize_variant_name":"","ep_exclude_from_search":false,"p4_og_title":"","p4_og_description":"","p4_og_image":"","p4_og_image_id":"","p4_seo_canonical_url":"","p4_campaign_name":"","p4_local_project":"","p4_basket_name":"","p4_department":"","footnotes":""},"categories":[103,104,78],"tags":[60],"p4-page-type":[80],"gpch-article-type":[],"class_list":["post-27385","post","type-post","status-publish","format-standard","has-post-thumbnail","hentry","category-essaipublications","category-magazinesociete-essaipublications","category-publications","tag-qui-sommes-nous","p4-page-type-article-de-magazine"],"acf":[],"_links":{"self":[{"href":"https:\/\/www.greenpeace.ch\/fr\/wp-json\/wp\/v2\/posts\/27385","targetHints":{"allow":["GET"]}}],"collection":[{"href":"https:\/\/www.greenpeace.ch\/fr\/wp-json\/wp\/v2\/posts"}],"about":[{"href":"https:\/\/www.greenpeace.ch\/fr\/wp-json\/wp\/v2\/types\/post"}],"author":[{"embeddable":true,"href":"https:\/\/www.greenpeace.ch\/fr\/wp-json\/wp\/v2\/users\/38"}],"replies":[{"embeddable":true,"href":"https:\/\/www.greenpeace.ch\/fr\/wp-json\/wp\/v2\/comments?post=27385"}],"version-history":[{"count":0,"href":"https:\/\/www.greenpeace.ch\/fr\/wp-json\/wp\/v2\/posts\/27385\/revisions"}],"wp:featuredmedia":[{"embeddable":true,"href":"https:\/\/www.greenpeace.ch\/fr\/wp-json\/wp\/v2\/media\/27386"}],"wp:attachment":[{"href":"https:\/\/www.greenpeace.ch\/fr\/wp-json\/wp\/v2\/media?parent=27385"}],"wp:term":[{"taxonomy":"category","embeddable":true,"href":"https:\/\/www.greenpeace.ch\/fr\/wp-json\/wp\/v2\/categories?post=27385"},{"taxonomy":"post_tag","embeddable":true,"href":"https:\/\/www.greenpeace.ch\/fr\/wp-json\/wp\/v2\/tags?post=27385"},{"taxonomy":"p4-page-type","embeddable":true,"href":"https:\/\/www.greenpeace.ch\/fr\/wp-json\/wp\/v2\/p4-page-type?post=27385"},{"taxonomy":"gpch-article-type","embeddable":true,"href":"https:\/\/www.greenpeace.ch\/fr\/wp-json\/wp\/v2\/gpch-article-type?post=27385"}],"curies":[{"name":"wp","href":"https:\/\/api.w.org\/{rel}","templated":true}]}}