{"id":27473,"date":"2018-03-27T00:00:00","date_gmt":"2018-03-26T22:00:00","guid":{"rendered":"https:\/\/master.greenpeace.ch\/magazin-article-fr\/27473\/vivre-et-mourir-pour-la-foret-tropicale\/"},"modified":"2019-05-31T10:47:50","modified_gmt":"2019-05-31T08:47:50","slug":"vivre-et-mourir-pour-la-foret-tropicale","status":"publish","type":"post","link":"https:\/\/www.greenpeace.ch\/fr\/article-de-magazine\/27473\/vivre-et-mourir-pour-la-foret-tropicale\/","title":{"rendered":"Vivre et mourir pour la for\u00eat tropicale"},"content":{"rendered":"<p><strong>Le bassin amazonien abrite la plus grande for\u00eat tropicale de la plan\u00e8te, dont les deux tiers se situent sur territoire br\u00e9silien. Pr\u00e8s de 20% de la for\u00eat humide amazonienne ont \u00e9t\u00e9 d\u00e9truits au cours des 40 derni\u00e8res ann\u00e9es, surtout dans la partie br\u00e9silienne, pour faire place \u00e0 l\u2019\u00e9levage de bovins.<\/strong><\/p>\n<p>Le territoire de l\u2019Amazonie est menac\u00e9 par les int\u00e9r\u00eats commerciaux des investisseurs, des grands propri\u00e9taires fonciers et du gouvernement. Or les populations vivant traditionnellement dans la for\u00eat d\u00e9pendent des ressources foresti\u00e8res pour survivre. Ces trois derni\u00e8res ann\u00e9es, 92\u00a0militants \u00e9cologistes br\u00e9siliens ont \u00e9t\u00e9 assassin\u00e9s, et beaucoup d\u2019autres re\u00e7oivent r\u00e9guli\u00e8rement des menaces de mort.<\/p>\n<p>&nbsp;<\/p>\n<p>La photographe br\u00e9silienne Marizilda Cruppe a document\u00e9 le quotidien des femmes qui luttent pour la sauvegarde de la for\u00eat amazonienne. Au Br\u00e9sil, les conflits autour de la terre affectent particuli\u00e8rement les femmes. Elles vivent dans un contexte marqu\u00e9 par le machisme, et leur position au sein des communaut\u00e9s est fragilis\u00e9e. Malgr\u00e9 tout, les femmes des groupes autochtones et des communaut\u00e9s vivant aux abords du fleuve se battent pour la for\u00eat et les droits des populations. Le travail photographique de Marizilda Cruppe fait entendre la voix de ces m\u00e8res, travailleuses, politiciennes communales et militantes, en documentant leur lutte.<\/p>\n<p>&nbsp;<\/p>\n<p><iframe loading=\"lazy\" src=\"https:\/\/www.youtube.com\/embed\/zUMY3Z6CoWI\" width=\"700\" height=\"615\" frameborder=\"0\" allowfullscreen=\"allowfullscreen\"><\/iframe><\/p>\n<p>&nbsp;<\/p>\n<p>Vous trouverez plus de photos de Marizilda Cruppe dans \u00ab\u00a0<a href=\"https:\/\/www.greenpeace.ch\/fr\/magazine\/il-faut-faire-du-bruit\/\">Il faut faire du bruit<\/a>\u00ab\u00a0, qui a \u00e9t\u00e9 publi\u00e9 dans le magazine Greenpeace.<\/p>\n<p>&nbsp;<\/p>\n<div style=\"background-color: #ecf1f7; color: black; padding: 25px;\">\n<div style=\"background-color: #ecf1f7; color: black; padding: 25px;\">\n<p><span class=\"font-120525\"><img loading=\"lazy\" decoding=\"async\" class=\"alignleft wp-image-40015 size-medium\" src=\"https:\/\/www.greenpeace.ch\/static\/planet4-switzerland-stateless\/2019\/05\/9a65244f-9a65244f-marizildacruppe-1-1-1-1-1-1-1-1-1-1-1-300x200.jpg\" alt=\"\" width=\"300\" height=\"200\" \/><\/span><\/p>\n<p class=\"p1\"><span class=\"s1\"><strong><i><br \/>\n<\/i>Marizilda Cruppe,<\/strong> n\u00e9e en 1968 \u00e0 S\u00e3o Paulo, Br\u00e9sil, a longtemps \u00e9t\u00e9 photographe salari\u00e9e du journal O Globo, \u00e0 Rio de Janeiro. Avec cinq coll\u00e8gues photographes, elle a fond\u00e9 le collectif EVE, aujourd&rsquo;hui dissous, et travaille actuellement en tant que photographe ind\u00e9pendante. Son travail, qui porte sur les in\u00e9galit\u00e9s sociales, a notamment \u00e9t\u00e9 publi\u00e9 par le New York Times, le Guardian et la BBC. Marizilda Cruppe vit et travaille au Br\u00e9sil.<\/span><\/p>\n<p>&nbsp;<\/p>\n<\/div>\n<\/div>\n","protected":false},"excerpt":{"rendered":"<p>Quand on choisit de regarder ailleurs, on facilite les machinations, scandales, irr\u00e9gularit\u00e9s et autres magouilles.<\/p>\n","protected":false},"author":38,"featured_media":27475,"comment_status":"closed","ping_status":"open","sticky":false,"template":"","format":"standard","meta":{"_acf_changed":false,"_planet4_optimize_post_is_variant":false,"_planet4_optimize_experiment_name":"","_planet4_optimize_variant_name":"","ep_exclude_from_search":false,"p4_og_title":"","p4_og_description":"","p4_og_image":"","p4_og_image_id":"","p4_seo_canonical_url":"","p4_campaign_name":"","p4_local_project":"","p4_basket_name":"","p4_department":"","footnotes":""},"categories":[103,104,78],"tags":[60],"p4-page-type":[80],"gpch-article-type":[],"class_list":["post-27473","post","type-post","status-publish","format-standard","has-post-thumbnail","hentry","category-essaipublications","category-magazinesociete-essaipublications","category-publications","tag-qui-sommes-nous","p4-page-type-article-de-magazine"],"acf":[],"_links":{"self":[{"href":"https:\/\/www.greenpeace.ch\/fr\/wp-json\/wp\/v2\/posts\/27473","targetHints":{"allow":["GET"]}}],"collection":[{"href":"https:\/\/www.greenpeace.ch\/fr\/wp-json\/wp\/v2\/posts"}],"about":[{"href":"https:\/\/www.greenpeace.ch\/fr\/wp-json\/wp\/v2\/types\/post"}],"author":[{"embeddable":true,"href":"https:\/\/www.greenpeace.ch\/fr\/wp-json\/wp\/v2\/users\/38"}],"replies":[{"embeddable":true,"href":"https:\/\/www.greenpeace.ch\/fr\/wp-json\/wp\/v2\/comments?post=27473"}],"version-history":[{"count":0,"href":"https:\/\/www.greenpeace.ch\/fr\/wp-json\/wp\/v2\/posts\/27473\/revisions"}],"wp:featuredmedia":[{"embeddable":true,"href":"https:\/\/www.greenpeace.ch\/fr\/wp-json\/wp\/v2\/media\/27475"}],"wp:attachment":[{"href":"https:\/\/www.greenpeace.ch\/fr\/wp-json\/wp\/v2\/media?parent=27473"}],"wp:term":[{"taxonomy":"category","embeddable":true,"href":"https:\/\/www.greenpeace.ch\/fr\/wp-json\/wp\/v2\/categories?post=27473"},{"taxonomy":"post_tag","embeddable":true,"href":"https:\/\/www.greenpeace.ch\/fr\/wp-json\/wp\/v2\/tags?post=27473"},{"taxonomy":"p4-page-type","embeddable":true,"href":"https:\/\/www.greenpeace.ch\/fr\/wp-json\/wp\/v2\/p4-page-type?post=27473"},{"taxonomy":"gpch-article-type","embeddable":true,"href":"https:\/\/www.greenpeace.ch\/fr\/wp-json\/wp\/v2\/gpch-article-type?post=27473"}],"curies":[{"name":"wp","href":"https:\/\/api.w.org\/{rel}","templated":true}]}}