{"id":27834,"date":"2018-05-31T00:00:00","date_gmt":"2018-05-30T22:00:00","guid":{"rendered":"https:\/\/master.greenpeace.ch\/magazin-article-fr\/27834\/lart-pour-laar-un-engagement-pour-nos-paysages-de-montagne\/"},"modified":"2019-05-31T10:49:30","modified_gmt":"2019-05-31T08:49:30","slug":"lart-pour-laar-un-engagement-pour-nos-paysages-de-montagne","status":"publish","type":"post","link":"https:\/\/www.greenpeace.ch\/fr\/article-de-magazine\/27834\/lart-pour-laar-un-engagement-pour-nos-paysages-de-montagne\/","title":{"rendered":"\u00abL\u2019art pour l&rsquo;Aar\u00bb: un engagement pour nos paysages de montagne"},"content":{"rendered":"<p><strong>Dans les ann\u00e9es 1990, confront\u00e9s \u00e0 un projet d\u2019extension <\/strong><strong>pharaonique de la centrale \u00e9lectrique du Grimsel, des artistes <\/strong><strong>de la r\u00e9gion adoptent une nouvelle forme de protestation: <\/strong><strong>ils cr\u00e9ent leurs oeuvres directement sur le site menac\u00e9.<\/strong><\/p>\n<p>\u00c0 la fin des ann\u00e9es 1980, les Forces motrices d\u2019Oberhasli (KWO) pr\u00e9voient d\u2019agrandir leur empire hydraulique sur le Grimsel en construisant une gigantesque centrale de pompage-turbinage. Le projet aurait d\u00e9figur\u00e9 ce remarquable paysage alpin. La n\u00e9cessit\u00e9 de le prot\u00e9ger est attest\u00e9e par de nombreux postulats cantonaux, nationaux (Inventaire f\u00e9d\u00e9ral des paysages,sites et monuments naturels) et internationaux (inscription sur la liste du Patrimoine mondial de l\u2019UNESCO). Les principales organisations de protection de la nature et les communes du site essaient alors, en d\u00e9posant des recours, d\u2019emp\u00eacher la construction de la centrale. Convaincus que l\u2019art a plus de poids que de simples arguments, des artistes se rassemblent pour former un groupe, \u00abl\u2019art pour l\u2019aar\u00bb. Chaque \u00e9t\u00e9, durant une semaine, ils sont plus d\u2019une vingtaine \u00e0 travailler ensemble \u00e0 la source de l\u2019Aar, menac\u00e9e, pour lutter contre ce projet chiffr\u00e9 \u00e0 4 milliards de francs. L\u2019objectif est de rappeler, avec les moyens de l\u2019art, la n\u00e9cessit\u00e9 de prot\u00e9ger ce paysage, et s\u2019adresser ainsi \u00e0 d\u2019autres cercles plus r\u00e9ticents.<\/p>\n<p>&nbsp;<\/p>\n<div id=\"attachment_46791\" style=\"width: 850px\" class=\"wp-caption alignleft\"><img loading=\"lazy\" decoding=\"async\" aria-describedby=\"caption-attachment-46791\" class=\"wp-image-46791 size-large\" src=\"https:\/\/www.greenpeace.ch\/wp-content\/uploads\/2018\/05\/Head-1024x557.jpg\" alt=\"\" width=\"840\" height=\"457\" \/><p id=\"caption-attachment-46791\" class=\"wp-caption-text\">Le col du Susten en 2010. Le r\u00e9chauffement climatique global fait non seulement fondre les glaciers, mais provoque aussi des changements profonds dans la flore alpine. L\u2019installation Glashaus (serre) symbolise la vuln\u00e9rabilit\u00e9 de la nature. Sur un banc de gravier o\u00f9 poussent des plantes pionni\u00e8res, la fragile construction en verre a \u00e9t\u00e9 plac\u00e9e devant le Steingletscher, un glacier qui ne cesse de reculer.<\/p><\/div>\n<p><strong>L\u2019art contre les m\u00e9gacentrales, le r\u00e9chauffement climatique et le n\u00e9goce de l\u2019eau<\/strong><\/p>\n<p>Les oeuvres de \u00abl\u2019art pour l\u2019aar\u00bb ne c\u00e9l\u00e8brent pas la beaut\u00e9 des glaciers et des montagnes; elles sont \u00e9minemment politiques. Utilis\u00e9es comme une forme de r\u00e9sistance, elles doivent interpeller, pointer du doigt, irriter et provoquer. En 1995, lorsque KWO retire son grand projet, \u00abl\u2019art pour l\u2019aar\u00bb, devenu entre-temps un groupe bien soud\u00e9 de dix personnes, \u00e9tend son engagement \u00e0 d\u2019autres paysages et probl\u00e8mes importants dans l\u2019espace alpin. Ses membres transposent dans leur art des th\u00e8mes tels que le r\u00e9chauffement climatique, la fonte des glaciers, la surexploitation due \u00e0 la circulation et \u00e0 des pratiques sportives toujours plus absurdes, ou le n\u00e9goce international de l\u2019eau. Ils recourent pour cela \u00e0 des installations visant \u00e0 sensibiliser le public ainsi qu\u2019\u00e0 des actions sur le site menac\u00e9. Qu\u2019est-ce qui motive ce groupe d\u2019artistes h\u00e9t\u00e9roclite \u00e0 assumer ce travail fastidieux et \u00e0 faire de l\u2019art contestataire dans le rude climat des montagnes? Si, pour certains, ce sont des convictions politiques et l\u2019am\u00e9lioration du monde, d\u2019autres veulent relever le d\u00e9fi artistique de s\u2019affirmer face \u00e0 un environnement \u00e9crasant; pour les derniers, c\u2019est surtout l\u2019envie de travailler \u00e0 une oeuvre collective stimulante qui domine. M\u00eame s\u2019il y a parfois des dissensions au sein du groupe, nul ne doute du bien-fond\u00e9 de cet engagement. Les confrontations tournent souvent autour du choix d\u2019un th\u00e8me d\u2019actualit\u00e9 dans cette r\u00e9gion de montagne et de sa transposition artistique plut\u00f4t que sur la l\u00e9gitimit\u00e9 morale ou \u00e9thique de la contestation. Face aux manifestations d\u2019hostilit\u00e9 que suscite notamment leur opposition \u00e0 l\u2019\u00e9nergie hydraulique \u00abpropre\u00bb, ils poursuivent leur objectif: d\u00e9noncer les conflits entre les exigences d\u2019utilisation et les questions \u00e9cologiques.<\/p>\n<p>&nbsp;<\/p>\n<div id=\"attachment_46793\" style=\"width: 710px\" class=\"wp-caption alignright\"><img loading=\"lazy\" decoding=\"async\" aria-describedby=\"caption-attachment-46793\" class=\"wp-image-46793\" src=\"https:\/\/www.greenpeace.ch\/static\/planet4-switzerland-stateless\/2019\/05\/bcdebb3e-bcdebb3e-2011-2012-hingucker-auf-die-bedrohte-landschaft-1-300x199.jpg\" alt=\"\" width=\"700\" height=\"465\" \/><p id=\"caption-attachment-46793\" class=\"wp-caption-text\">Dans des vitrines, KWO visualise son projet d\u2019agrandissement du lac. \u00c0 l\u2019aide de pr\u00e9sentoirs semblables, mais rouges, \u00abl\u2019art pour l\u2019aar\u00bb compl\u00e8te les informations lacunaires: les principaux articles de loi sur la protection de la nature imprim\u00e9s sur des plaques de verre et un appel \u00e0 la protection du site sont plac\u00e9s directement devant le paysage concern\u00e9.<\/p><\/div>\n<p><strong>L\u2019art n\u2019est pas du journalisme, mais un avertissement subversif<\/strong><\/p>\n<p>Depuis le d\u00e9but des ann\u00e9es 1980, des artistes s\u2019engagent avec leurs oeuvres pour la pr\u00e9servation de l\u2019environnement. Ils le font en intervenant sur place ou en attirant l\u2019attention sur un lieu de mani\u00e8re indirecte. Ce militantisme culturel conquiert surtout les villes sous le nom d\u2019artivisme. Le paysage alpin devient lui aussi un v\u00e9ritable terrain de jeu pour les projets artistiques.<br \/>\nLes travaux de \u00abl\u2019art pour l\u2019aar\u00bb se distinguent par le fait que, pour la premi\u00e8re fois, ils d\u00e9noncent directement sur le site concern\u00e9 des abus concrets \u00e0 l\u2019\u00e9gard d\u2019une nature fragile.<br \/>\nQuel est le sens de ces actions complexes \u00e0 c\u00f4t\u00e9 des formes de protestation habituelles et quels en sont les effets, dans le meilleur des cas? L\u2019art n\u2019offre pas de solutions et ne peut sauver ni le paysage alpin ni le monde. Les manifestations, les affiches et les pamphlets font davantage la une de l\u2019actualit\u00e9. L\u2019art dans un paysage de montagne a un caract\u00e8re symbolique: il peut \u00eatre subversif, alarmant, il veut nous ouvrir les yeux, poser des questions et exiger des r\u00e9ponses sur la mani\u00e8re de traiter le paysage et les ressources des r\u00e9gions de montagne. Il peut m\u00eame susciter des r\u00e9actions d\u2019incompr\u00e9hension et, au mieux, inciter \u00e0 la r\u00e9sistance et \u00e0 l\u2019engagement politique. S\u2019il encourage les observateurs critiques \u00e0 se pr\u00e9occuper de l\u2019utilisation souhaitable et de la n\u00e9cessaire protection du monde alpin, l\u2019art contestataire r\u00e9alis\u00e9 sur site aura rempli son objectif. La signification et l\u2019effet de surprise jouent un r\u00f4le essentiel: le randonneur qui, par exemple, est confront\u00e9 \u00e0 un terrain de football sur le col du Grimsel s\u2019en souviendra plus longtemps que de la lecture d\u2019un long article de presse sur l\u2019urgence de prot\u00e9ger les Alpes.<\/p>\n<p>Manifestations artistiques et participants: <a href=\"http:\/\/www.lartpourlaar.ch.\">www.lartpourlaar.ch.<\/a><\/p>\n<p>&nbsp;<\/p>\n<div style=\"background-color: #ecf1f7; color: black; padding: 25px;\">\n<p class=\"p1\"><span class=\"s1\">\u00a0\u00c0 77 ans, l\u2019artiste <strong>Adolf Urweider<\/strong> pr\u00e9side l\u2019association <\/span><span class=\"s1\">Grimsel im Widerstand, fond\u00e9e en 1988 alors que <\/span><span class=\"s1\">les plans de construction d\u2019une monstrueuse centrale <\/span><span class=\"s1\">de pompage-turbinage sur le site venaient d\u2019\u00eatre publi\u00e9s. <\/span><span class=\"s1\">Pendant ses \u00e9tudes d\u2019ing\u00e9nieur, il avait particip\u00e9 <\/span><span class=\"s1\">aux mesures annuelles du glacier d\u2019Unteraar, organis\u00e9es <\/span><span class=\"s1\">par KWO, propri\u00e9taire des lieux. Apr\u00e8s avoir travaill\u00e9 <\/span><span class=\"s1\">plusieurs ann\u00e9es comme arpenteur lors de <\/span><span class=\"s1\">fouilles arch\u00e9ologiques dans le d\u00e9sert du N\u00e9guev, puis <\/span><span class=\"s1\">\u00e9tudi\u00e9 la sculpture \u00e0 la Kunstakademie de Vienne, il <\/span><span class=\"s1\">revient dans sa r\u00e9gion\u00a0 <\/span><span class=\"s1\">natale, l\u2019Oberhasli. Sensible aux <\/span><span class=\"s1\">paysages solitaires, il prendra part, pendant presque <\/span><span class=\"s1\">trente ans, \u00e0 toutes les actions de \u00abl\u2019art pour l\u2019aar\u00bb et <\/span><span class=\"s1\">esp\u00e8re, r\u00e9trospectivement, avoir contribu\u00e9 \u00e0\u00a0 <\/span><span class=\"s1\">une approche <\/span><span class=\"s1\">plus consciente du monde alpin si vuln\u00e9rable.<br \/>\n<\/span><\/p>\n<\/div>\n","protected":false},"excerpt":{"rendered":"<p>Quand on choisit de regarder ailleurs, on facilite les machinations, scandales, irr\u00e9gularit\u00e9s et autres magouilles.<\/p>\n","protected":false},"author":38,"featured_media":27837,"comment_status":"closed","ping_status":"open","sticky":false,"template":"","format":"standard","meta":{"_acf_changed":false,"_planet4_optimize_post_is_variant":false,"_planet4_optimize_experiment_name":"","_planet4_optimize_variant_name":"","ep_exclude_from_search":false,"p4_og_title":"","p4_og_description":"","p4_og_image":"","p4_og_image_id":"","p4_seo_canonical_url":"","p4_campaign_name":"","p4_local_project":"","p4_basket_name":"","p4_department":"","footnotes":""},"categories":[103,104,78],"tags":[60],"p4-page-type":[80],"gpch-article-type":[],"class_list":["post-27834","post","type-post","status-publish","format-standard","has-post-thumbnail","hentry","category-essaipublications","category-magazinesociete-essaipublications","category-publications","tag-qui-sommes-nous","p4-page-type-article-de-magazine"],"acf":[],"_links":{"self":[{"href":"https:\/\/www.greenpeace.ch\/fr\/wp-json\/wp\/v2\/posts\/27834","targetHints":{"allow":["GET"]}}],"collection":[{"href":"https:\/\/www.greenpeace.ch\/fr\/wp-json\/wp\/v2\/posts"}],"about":[{"href":"https:\/\/www.greenpeace.ch\/fr\/wp-json\/wp\/v2\/types\/post"}],"author":[{"embeddable":true,"href":"https:\/\/www.greenpeace.ch\/fr\/wp-json\/wp\/v2\/users\/38"}],"replies":[{"embeddable":true,"href":"https:\/\/www.greenpeace.ch\/fr\/wp-json\/wp\/v2\/comments?post=27834"}],"version-history":[{"count":0,"href":"https:\/\/www.greenpeace.ch\/fr\/wp-json\/wp\/v2\/posts\/27834\/revisions"}],"wp:featuredmedia":[{"embeddable":true,"href":"https:\/\/www.greenpeace.ch\/fr\/wp-json\/wp\/v2\/media\/27837"}],"wp:attachment":[{"href":"https:\/\/www.greenpeace.ch\/fr\/wp-json\/wp\/v2\/media?parent=27834"}],"wp:term":[{"taxonomy":"category","embeddable":true,"href":"https:\/\/www.greenpeace.ch\/fr\/wp-json\/wp\/v2\/categories?post=27834"},{"taxonomy":"post_tag","embeddable":true,"href":"https:\/\/www.greenpeace.ch\/fr\/wp-json\/wp\/v2\/tags?post=27834"},{"taxonomy":"p4-page-type","embeddable":true,"href":"https:\/\/www.greenpeace.ch\/fr\/wp-json\/wp\/v2\/p4-page-type?post=27834"},{"taxonomy":"gpch-article-type","embeddable":true,"href":"https:\/\/www.greenpeace.ch\/fr\/wp-json\/wp\/v2\/gpch-article-type?post=27834"}],"curies":[{"name":"wp","href":"https:\/\/api.w.org\/{rel}","templated":true}]}}