{"id":28214,"date":"2018-08-22T00:00:00","date_gmt":"2018-08-21T22:00:00","guid":{"rendered":"https:\/\/master.greenpeace.ch\/magazin-article-fr\/28214\/des-actions-artistiques-de-greenpeace-en-images\/"},"modified":"2019-05-31T11:12:38","modified_gmt":"2019-05-31T09:12:38","slug":"des-actions-artistiques-de-greenpeace-en-images","status":"publish","type":"post","link":"https:\/\/www.greenpeace.ch\/fr\/article-de-magazine\/28214\/des-actions-artistiques-de-greenpeace-en-images\/","title":{"rendered":"Des actions artistiques de Greenpeace en images"},"content":{"rendered":"<p><strong>L\u2019art peut am\u00e9liorer le monde \u2013 nous en sommes convaincus. Il offre de nombreuses possibilit\u00e9s: il peut sensibiliser, changer les perspectives, mobiliser. Nous avons tout int\u00e9r\u00eat \u00e0 promouvoir l\u2019art comme moyen de prot\u00e9ger l\u2019environnement. Voil\u00e0 pourquoi, cette semaine encore, nous braquons les projecteurs sur des femmes et des hommes qui s\u2019engagent de multiples mani\u00e8res sur le plan artistique.<\/strong><\/p>\n<p><strong>2013:<\/strong> Peu avant le d\u00e9but du concert <em>Classical Highlights<\/em> \u00e0 la Tonhalle de Zurich, une ballerine de Greenpeace a interpr\u00e9t\u00e9 en premi\u00e8re mondiale sa propre version de la<em> Mort du Cygne<\/em>, agonisant dans une nappe d\u2019or noir.<\/p>\n<p><iframe loading=\"lazy\" src=\"https:\/\/www.youtube.com\/embed\/303FzqBEtnM\" width=\"580\" height=\"600\" frameborder=\"0\" allowfullscreen=\"allowfullscreen\"><span style=\"display: inline-block; width: 0px; overflow: hidden; line-height: 0;\" data-mce-type=\"bookmark\" class=\"mce_SELRES_start\">\ufeff<\/span><\/iframe><\/p>\n<p><strong>2014:<\/strong> La Bernoise Christine Lauterburg chante sur l\u2019Oberb\u00e4rgli bernois une \u00abb\u00e9n\u00e9diction d\u2019alpage\u00bb en soutien \u00e0 l\u2019appel de Greenpeace \u00e0 prot\u00e9ger l\u2019Arctique, une prestation aussi impressionnante sur le plan visuel que par son contenu.<\/p>\n<p>&nbsp;<\/p>\n<div id=\"attachment_49580\" style=\"width: 850px\" class=\"wp-caption aligncenter\"><img loading=\"lazy\" decoding=\"async\" aria-describedby=\"caption-attachment-49580\" class=\"wp-image-49580 size-large\" src=\"https:\/\/www.greenpeace.ch\/wp-content\/uploads\/2018\/08\/GP0STOK2X_High_res-1024x681.jpg\" alt=\"\" width=\"840\" height=\"559\" \/><p id=\"caption-attachment-49580\" class=\"wp-caption-text\">\u00a9 Greenpeace \/Nicolas Fojtu<\/p><\/div>\n<p><iframe loading=\"lazy\" src=\"https:\/\/player.vimeo.com\/video\/105121242\" width=\"620\" height=\"600\" frameborder=\"0\" allowfullscreen=\"allowfullscreen\"><\/iframe><\/p>\n<p><strong>2016:<\/strong> Dans le cadre d\u2019une action de Greenpeace, le pianiste et compositeur italien Ludovico Einaudi joue sur la banquise pour d\u00e9noncer la destruction de l\u2019Arctique.<\/p>\n<p><iframe loading=\"lazy\" src=\"https:\/\/www.youtube.com\/embed\/2DLnhdnSUVs\" width=\"580\" height=\"600\" frameborder=\"0\" allowfullscreen=\"allowfullscreen\"><\/iframe><\/p>\n<p><strong>2016:<\/strong> L\u2019artiste britannique Kennard Phillipps a cr\u00e9\u00e9 une nouvelle version du tableau du peintre am\u00e9ricain Andrew Wyeth, <em>Christina\u2019s World<\/em>. Il repr\u00e9sente une jeune fille dans un paysage souill\u00e9 par le p\u00e9trole.<\/p>\n<div id=\"attachment_49583\" style=\"width: 850px\" class=\"wp-caption aligncenter\"><img loading=\"lazy\" decoding=\"async\" aria-describedby=\"caption-attachment-49583\" class=\"wp-image-49583 size-large\" src=\"https:\/\/www.greenpeace.ch\/wp-content\/uploads\/2018\/08\/GP0STP1O4-1024x681-1024x681.jpg\" alt=\"\" width=\"840\" height=\"559\" \/><p id=\"caption-attachment-49583\" class=\"wp-caption-text\">\u00a9 GREENPEACE \/ KENNARD PHILLIPPS<\/p><\/div>\n<p>&nbsp;<\/p>\n<p><strong>Les couleurs de l\u2019avenir<\/strong><\/p>\n<p>Qu\u2019il s\u2019agisse de danse ou d\u2019art visuel \u2013 ces exemples montrent combien l\u2019art peut impr\u00e9gner profond\u00e9ment notre conscience. Il permet, avec des moyens pacifiques et cr\u00e9atifs, de cr\u00e9er des images qui frappent l\u2019imagination du spectateur et le transportent dans des mondes \u00e9trangers, stimulant sa r\u00e9flexion, mais qui, en m\u00eame temps, le font bri\u00e8vement sortir du train-train quotidien. Dans ce sens, Greenpeace continuera de s\u2019engager pour \u2013 et avec l\u2019art. Nous vous recommandons volontiers d\u2019anciens articles du magazine pour vous inspirer, en esp\u00e9rant que ces id\u00e9es seront contagieuses.<\/p>\n","protected":false},"excerpt":{"rendered":"<p>Quand on choisit de regarder ailleurs, on facilite les machinations, scandales, irr\u00e9gularit\u00e9s et autres magouilles.<\/p>\n","protected":false},"author":38,"featured_media":28217,"comment_status":"closed","ping_status":"open","sticky":false,"template":"","format":"standard","meta":{"_acf_changed":false,"_planet4_optimize_post_is_variant":false,"_planet4_optimize_experiment_name":"","_planet4_optimize_variant_name":"","ep_exclude_from_search":false,"p4_og_title":"","p4_og_description":"","p4_og_image":"","p4_og_image_id":"","p4_seo_canonical_url":"","p4_campaign_name":"","p4_local_project":"","p4_basket_name":"","p4_department":"","footnotes":""},"categories":[103,104,78],"tags":[60],"p4-page-type":[80],"gpch-article-type":[],"class_list":["post-28214","post","type-post","status-publish","format-standard","has-post-thumbnail","hentry","category-essaipublications","category-magazinesociete-essaipublications","category-publications","tag-qui-sommes-nous","p4-page-type-article-de-magazine"],"acf":[],"_links":{"self":[{"href":"https:\/\/www.greenpeace.ch\/fr\/wp-json\/wp\/v2\/posts\/28214","targetHints":{"allow":["GET"]}}],"collection":[{"href":"https:\/\/www.greenpeace.ch\/fr\/wp-json\/wp\/v2\/posts"}],"about":[{"href":"https:\/\/www.greenpeace.ch\/fr\/wp-json\/wp\/v2\/types\/post"}],"author":[{"embeddable":true,"href":"https:\/\/www.greenpeace.ch\/fr\/wp-json\/wp\/v2\/users\/38"}],"replies":[{"embeddable":true,"href":"https:\/\/www.greenpeace.ch\/fr\/wp-json\/wp\/v2\/comments?post=28214"}],"version-history":[{"count":0,"href":"https:\/\/www.greenpeace.ch\/fr\/wp-json\/wp\/v2\/posts\/28214\/revisions"}],"wp:featuredmedia":[{"embeddable":true,"href":"https:\/\/www.greenpeace.ch\/fr\/wp-json\/wp\/v2\/media\/28217"}],"wp:attachment":[{"href":"https:\/\/www.greenpeace.ch\/fr\/wp-json\/wp\/v2\/media?parent=28214"}],"wp:term":[{"taxonomy":"category","embeddable":true,"href":"https:\/\/www.greenpeace.ch\/fr\/wp-json\/wp\/v2\/categories?post=28214"},{"taxonomy":"post_tag","embeddable":true,"href":"https:\/\/www.greenpeace.ch\/fr\/wp-json\/wp\/v2\/tags?post=28214"},{"taxonomy":"p4-page-type","embeddable":true,"href":"https:\/\/www.greenpeace.ch\/fr\/wp-json\/wp\/v2\/p4-page-type?post=28214"},{"taxonomy":"gpch-article-type","embeddable":true,"href":"https:\/\/www.greenpeace.ch\/fr\/wp-json\/wp\/v2\/gpch-article-type?post=28214"}],"curies":[{"name":"wp","href":"https:\/\/api.w.org\/{rel}","templated":true}]}}