{"id":28609,"date":"2019-01-23T00:00:00","date_gmt":"2019-01-22T22:00:00","guid":{"rendered":"https:\/\/master.greenpeace.ch\/magazin-article-fr\/28609\/le-monde-vu-den-haut\/"},"modified":"2019-05-31T11:38:16","modified_gmt":"2019-05-31T09:38:16","slug":"le-monde-vu-den-haut","status":"publish","type":"post","link":"https:\/\/www.greenpeace.ch\/fr\/article-de-magazine\/28609\/le-monde-vu-den-haut\/","title":{"rendered":"Le monde vu d&rsquo;en haut"},"content":{"rendered":"<p><strong>\u00ab\u00a0D&rsquo;EN HAUT\u00a0\u00bb vous emm\u00e8ne dans les endroits les plus beaux et en m\u00eame temps les plus menac\u00e9s du monde &#8211; et vous permet de voir notre plan\u00e8te d&rsquo;un point de vue compl\u00e8tement diff\u00e9rent. Voici les photos et les histoires du calendrier de Greenpeace 2019.<\/strong><\/p>\n<p>&nbsp;<\/p>\n<p><img loading=\"lazy\" decoding=\"async\" class=\"wp-image-59439 size-large aligncenter\" src=\"https:\/\/www.greenpeace.ch\/wp-content\/uploads\/2019\/01\/GP02I8V_High_res_k-1024x683.jpg\" alt=\"\" width=\"840\" height=\"560\" \/><\/p>\n<p><strong>Exp\u00e9dition Arctique, 2011<\/strong><\/p>\n<p>Deux chercheurs examinent l\u2019\u00e9paisseur de la glace dans l\u2019Arctique. Ils font partie d\u2019une exp\u00e9dition du navire Arctic Sunrise de Greenpeace, qui \u00e9tudie les effets du r\u00e9chauffement climatique dans la r\u00e9gion autour du p\u00f4le Nord. En effet, l\u2019Arctique est la r\u00e9gion du monde o\u00f9 les temp\u00e9ratures augmentent le plus rapidement.<\/p>\n<p>Grande image: le ph\u00e9nom\u00e8ne du \u00abfinger rafting\u00bb en Arctique. Il se produit lorsque le vent rassemble de minces couches de glace.<\/p>\n<p><img loading=\"lazy\" decoding=\"async\" class=\"wp-image-59441 size-large aligncenter\" src=\"https:\/\/www.greenpeace.ch\/wp-content\/uploads\/2019\/01\/GP0STRLE0_High_res_k-1024x683.jpg\" alt=\"\" width=\"840\" height=\"560\" \/><\/p>\n<p><strong>Exp\u00e9dition Antarctique, 2018<\/strong><\/p>\n<p>Greenpeace recueille des donn\u00e9es en Antarctique et pr\u00e9l\u00e8ve des \u00e9chantillons de plastique dans les couches de neige de la mer de Weddell adjacente. L\u2019objectif de notre campagne est de cr\u00e9er une aire prot\u00e9g\u00e9e de 1,8 million de km\u00b2 dans la r\u00e9gion du p\u00f4le Sud.<\/p>\n<p>Grande image: des manchots Ad\u00e9lie en Antarctique. Ces excellents plongeurs se nourrissent principalement de krill, ces crevettes minuscules victimes de la surp\u00eache.<\/p>\n<p><img loading=\"lazy\" decoding=\"async\" class=\"wp-image-59444 size-large aligncenter\" src=\"https:\/\/www.greenpeace.ch\/wp-content\/uploads\/2019\/01\/GP0227J_High_res_k-1024x683.jpg\" alt=\"\" width=\"840\" height=\"560\" \/><\/p>\n<p><strong>Manifestation contre une plate-forme de forage en Louisiane, 2010<\/strong><\/p>\n<p>Un biologiste marin de Greenpeace et une militante s\u2019engagent contre les plate-formes de forage sur la c\u00f4te du South Pass. On trouve du p\u00e9trole brut qui a \u00e9t\u00e9 rejet\u00e9 jusqu\u2019\u00e0 la c\u00f4te apr\u00e8s l\u2019explosion de la plate-forme p\u00e9troli\u00e8re de Deepwater Horizon le 20 avril 2010. Au total, 780 millions de litres ont \u00e9t\u00e9 d\u00e9vers\u00e9s dans la mer.<\/p>\n<p>Grande image: une nappe de p\u00e9trole brut dans le golfe du Mexique. La pollution caus\u00e9e par le d\u00e9versement de p\u00e9trole a un effet catastrophique sur la flore et la faune marine et sur les activit\u00e9s \u00e9conomiques qui en d\u00e9pendent.<\/p>\n<p><img loading=\"lazy\" decoding=\"async\" class=\"wp-image-59446 size-large aligncenter\" src=\"https:\/\/www.greenpeace.ch\/wp-content\/uploads\/2019\/01\/GP0STR4Q5_High_res_k-1024x683.jpg\" alt=\"\" width=\"840\" height=\"560\" \/><\/p>\n<p><strong>Tour du bassin du Congo en bateau, 2017<\/strong><\/p>\n<p>La for\u00eat du bassin du Congo joue un r\u00f4le fondamental dans la r\u00e9gulation du climat. Son d\u00e9boisement met en danger la nature, les hommes et le climat. Le navire Esperanza de Greenpeace fait escale au Congo dans le cadre de sa tourn\u00e9e en Afrique centrale pour documenter l\u2019abattage de bois perp\u00e9tr\u00e9 par la trentaine de soci\u00e9t\u00e9s foresti\u00e8res internationales actives dans la r\u00e9gion.<\/p>\n<p>Grande image: un radeau flotte dans la for\u00eat du bassin du Congo. C\u2019est l\u2019une des plus grandes for\u00eats tropicales de la plan\u00e8te.<\/p>\n<p><img loading=\"lazy\" decoding=\"async\" class=\"wp-image-59448 size-large aligncenter\" src=\"https:\/\/www.greenpeace.ch\/wp-content\/uploads\/2019\/01\/GP0STQV2C_High_res_k-1024x683.jpg\" alt=\"\" width=\"840\" height=\"560\" \/><\/p>\n<p><strong>Protestation contre une installation de forage \u00e0 Ad\u00e9la\u00efde, 2018<\/strong><\/p>\n<p>Des membres de Greenpeace protestent \u00e0 Ad\u00e9la\u00efde contre le projet de forage de Statoil dans la Grande Baie australienne. La baie est l\u2019une des derni\u00e8res grandes r\u00e9serves de gaz naturel. Elle est \u00e9galement un lieu de naissance et d\u2019alimentation important pour les baleines, qui est gravement menac\u00e9 par le forage p\u00e9trolier.<\/p>\n<p>Grande image: la Grande Baie australienne. 85% de la vie marine qu\u2019on y trouve n\u2019existe dans aucune autre eau du monde.<\/p>\n<p><img loading=\"lazy\" decoding=\"async\" class=\"wp-image-59450 size-large aligncenter\" src=\"https:\/\/www.greenpeace.ch\/wp-content\/uploads\/2019\/01\/GP04X4Z_High_res_k-1024x683.jpg\" alt=\"\" width=\"840\" height=\"560\" \/><\/p>\n<p><strong>Protestation contre le barrage Belo Monte \u00e0 Bras\u00edlia, 2010<\/strong><\/p>\n<p>Des militants de Greenpeace protestent le 20 avril 2010 contre la construction du barrage hydro\u00e9lectrique de Belo Monte au Br\u00e9sil. Entre-temps, Belo Monte a \u00e9t\u00e9 construit, d\u00e9truisant l\u2019habitat des population autochtones et les \u00e9cosyst\u00e8mes de l\u2019Amazonie.<\/p>\n<p>Grande image: le Rio Tapaj\u00f3s au Br\u00e9sil. L\u2019affluent de l\u2019Amazone a \u00e9galement \u00e9t\u00e9 menac\u00e9 par une centrale hydro\u00e9lectrique et sa construction a \u00e9t\u00e9 emp\u00each\u00e9e en 2016, entre autres gr\u00e2ce au travail de Greenpeace.<\/p>\n<p><img loading=\"lazy\" decoding=\"async\" class=\"wp-image-59452 size-large aligncenter\" src=\"https:\/\/www.greenpeace.ch\/wp-content\/uploads\/2019\/01\/GP02KPR_High_res_k-1024x683.jpg\" alt=\"\" width=\"840\" height=\"560\" \/><\/p>\n<p><strong>Excursion en bateau \u00e0 Pomio, 2011<\/strong><\/p>\n<p>En Papouasie-Nouvelle-Guin\u00e9e, le gouvernement enl\u00e8ve des terres aux propri\u00e9taires l\u00e9gitimes. Elle loue ill\u00e9galement une grande partie de la for\u00eat restante \u00e0 des soci\u00e9t\u00e9s transnationales. L\u2019\u00e9quipage du navire Esperanza de Greenpeace et les agriculteurs locaux protestent contre le vol des terres et le d\u00e9boisement.<\/p>\n<p>Grande image: les for\u00eats de Papouasie-Nouvelle-Guin\u00e9e sont parmi les trois plus grandes et les plus diversifi\u00e9es du monde.<\/p>\n<p><img loading=\"lazy\" decoding=\"async\" class=\"wp-image-59454 size-large aligncenter\" src=\"https:\/\/www.greenpeace.ch\/wp-content\/uploads\/2019\/01\/GP04F6W_High_res_k-1024x681.jpg\" alt=\"\" width=\"840\" height=\"559\" \/><\/p>\n<p><strong>R\u00e9union de village \u00e0 Mngeta, 2015<\/strong><\/p>\n<p>Greenpeace rencontre en Tanzanie la population vivant autour de la plantation de riz de 5000 hectares de la soci\u00e9t\u00e9 tanzanienne KPL. Les agriculteurs locaux collaborent dans une sorte de mod\u00e8le de sous-traitance avec la KPL. Depuis, de nombreux habitants se sont retrouv\u00e9s dans une situation financi\u00e8re plus difficile qu\u2019auparavant.<\/p>\n<p>Grande image: la Tanzanie, un pays avec un grand potentiel pour la culture du riz.<\/p>\n<p><img loading=\"lazy\" decoding=\"async\" class=\"aligncenter wp-image-59456 size-large\" src=\"https:\/\/www.greenpeace.ch\/wp-content\/uploads\/2019\/01\/GP0STQIYX_High_res_k-1024x683.jpg\" alt=\"\" width=\"840\" height=\"560\" \/><\/p>\n<p><strong>Collecte de donn\u00e9es en Amazonie, 2018<\/strong><\/p>\n<p>L\u2019Esperanza, navire de la flotte de Greenpeace, entre dans l\u2019Amazone au Br\u00e9sil pour recueillir des donn\u00e9es scientifiques sur le r\u00e9cif corallien. Il s\u2019agit de l\u2019un des plus grands du monde avec une longueur de 970 km et une superficie d\u2019environ 9500 km\u00b2. Les compagnies p\u00e9troli\u00e8res internationales veulent forer dans la r\u00e9gion, ce qui est dangereux pour l\u2019\u00e9cosyst\u00e8me.<\/p>\n<p>Grande image: l\u2019Amazone au Br\u00e9sil. Le long des 6992 km de ce fleuve vivent d\u2019innombrables populations autochtones, dont l\u2019habitat est menac\u00e9 par l\u2019exploitation p\u00e9troli\u00e8re.<\/p>\n<p><img loading=\"lazy\" decoding=\"async\" class=\"wp-image-59458 size-large aligncenter\" src=\"https:\/\/www.greenpeace.ch\/wp-content\/uploads\/2019\/01\/GP0STRDB4_High_res_k-1024x683.jpg\" alt=\"\" width=\"840\" height=\"560\" \/><\/p>\n<p><strong>Action \u00e0 Barrios de Luna, 2017<\/strong><\/p>\n<p>La r\u00e9gion de Castille-et-L\u00e9on en Espagne est marqu\u00e9e par une p\u00e9riode de s\u00e9cheresse, qui s\u2019explique par la mauvaise gestion de l\u2019eau. Des militants Greenpeace attirent l\u2019attention sur la situation avec une banni\u00e8re de 1500 m\u00b2 sur le pont du r\u00e9servoir Barrio de Luna.<\/p>\n<p>Grande image: le Parc national de Do\u00f1ana en Andalousie. Outre cette r\u00e9serve naturelle, de nombreuses autres r\u00e9gions sont touch\u00e9es par la s\u00e9cheresse.<\/p>\n<p><img loading=\"lazy\" decoding=\"async\" class=\"wp-image-59435 size-large aligncenter\" src=\"https:\/\/www.greenpeace.ch\/wp-content\/uploads\/2019\/01\/GP01T77_High_res_k-1024x683.jpg\" alt=\"\" width=\"840\" height=\"560\" \/><\/p>\n<p><strong>Recherches au Groenland, 2009<\/strong><\/p>\n<p>L\u2019Arctic Sunrise de Greenpeace et son \u00e9quipage sont au Groenland pour d\u00e9montrer l\u2019impact du r\u00e9chauffement climatique sur les glaciers Petermann et Humboldt. Des \u00e9chantillons pr\u00e9lev\u00e9s sur d\u2019autres glaciers du Groenland montrent des traces de plomb et de cadmium, qui acc\u00e9l\u00e8rent la fonte des glaciers.<\/p>\n<p>Grande image: une banquise au Groenland. La cryoconite noire (de la poussi\u00e8re min\u00e9rale et de la suie) absorbe la chaleur et fait fondre la glace au Groenland plus rapidement.<\/p>\n<p><img loading=\"lazy\" decoding=\"async\" class=\"wp-image-59460 size-large aligncenter\" src=\"https:\/\/www.greenpeace.ch\/wp-content\/uploads\/2019\/01\/GP0STOCAV_High_res_k-1024x683.jpg\" alt=\"\" width=\"840\" height=\"560\" \/><\/p>\n<p><strong>R\u00e9colte de donn\u00e9es dans l\u2019oc\u00e9an Arctique, 2012<\/strong><\/p>\n<p>Greenpeace mesure les couches de glace de l\u2019oc\u00e9an Arctique pour attirer l\u2019attention sur les cons\u00e9quences du r\u00e9chauffement climatique dans la r\u00e9gion du p\u00f4le Nord. Depuis le d\u00e9but des mesures en 1979, la banquise est aujourd\u2019hui au niveau le plus mince jamais atteint. Sans protection du climat, il y aura des \u00e9t\u00e9s sans glace dans l\u2019Arctique au cours de la prochaine d\u00e9cennie.<\/p>\n<p>Grande image: des champs de glace dans l\u2019Arctique. La r\u00e9gion arctique est un organe vital pour la plan\u00e8te, car elle refroidit l\u2019atmosph\u00e8re terrestre et r\u00e9gule le syst\u00e8me m\u00e9t\u00e9orologique.<\/p>\n<p>&nbsp;<\/p>\n<p style=\"background-color: #ecf1f7; color: black; padding: 25px;\"><strong>Piero Good<\/strong> est un artiste et photographe ind\u00e9pendant. La nature et l&rsquo;environnement jouent un r\u00f4le central dans ses projets artistiques. Son int\u00e9r\u00eat r\u00e9side dans la compr\u00e9hension des circonstances donn\u00e9es afin de pouvoir enfin interagir. Il est co-fondateur du magazine de photographie Pirlo.<br \/>\n<strong>Danielle M\u00fcller<\/strong> a \u00e9tudi\u00e9 le journalisme et la communication d&rsquo;entreprise \u00e0 Berlin et s&rsquo;int\u00e9resse actuellement \u00e0 Greenpeace. La B\u00e2loise de 27 ans est toujours sur la selle de son v\u00e9lo de course et ne dit jamais non \u00e0 un bon documentaire environnemental sur Netflix.<\/p>\n","protected":false},"excerpt":{"rendered":"<p>Quand on choisit de regarder ailleurs, on facilite les machinations, scandales, irr\u00e9gularit\u00e9s et autres magouilles.<\/p>\n","protected":false},"author":23,"featured_media":28620,"comment_status":"closed","ping_status":"open","sticky":false,"template":"","format":"standard","meta":{"_acf_changed":false,"_planet4_optimize_post_is_variant":false,"_planet4_optimize_experiment_name":"","_planet4_optimize_variant_name":"","ep_exclude_from_search":false,"p4_og_title":"","p4_og_description":"","p4_og_image":"","p4_og_image_id":"","p4_seo_canonical_url":"","p4_campaign_name":"","p4_local_project":"","p4_basket_name":"","p4_department":"","footnotes":""},"categories":[103,104,78],"tags":[60],"p4-page-type":[80],"gpch-article-type":[],"class_list":["post-28609","post","type-post","status-publish","format-standard","has-post-thumbnail","hentry","category-essaipublications","category-magazinesociete-essaipublications","category-publications","tag-qui-sommes-nous","p4-page-type-article-de-magazine"],"acf":[],"_links":{"self":[{"href":"https:\/\/www.greenpeace.ch\/fr\/wp-json\/wp\/v2\/posts\/28609","targetHints":{"allow":["GET"]}}],"collection":[{"href":"https:\/\/www.greenpeace.ch\/fr\/wp-json\/wp\/v2\/posts"}],"about":[{"href":"https:\/\/www.greenpeace.ch\/fr\/wp-json\/wp\/v2\/types\/post"}],"author":[{"embeddable":true,"href":"https:\/\/www.greenpeace.ch\/fr\/wp-json\/wp\/v2\/users\/23"}],"replies":[{"embeddable":true,"href":"https:\/\/www.greenpeace.ch\/fr\/wp-json\/wp\/v2\/comments?post=28609"}],"version-history":[{"count":0,"href":"https:\/\/www.greenpeace.ch\/fr\/wp-json\/wp\/v2\/posts\/28609\/revisions"}],"wp:featuredmedia":[{"embeddable":true,"href":"https:\/\/www.greenpeace.ch\/fr\/wp-json\/wp\/v2\/media\/28620"}],"wp:attachment":[{"href":"https:\/\/www.greenpeace.ch\/fr\/wp-json\/wp\/v2\/media?parent=28609"}],"wp:term":[{"taxonomy":"category","embeddable":true,"href":"https:\/\/www.greenpeace.ch\/fr\/wp-json\/wp\/v2\/categories?post=28609"},{"taxonomy":"post_tag","embeddable":true,"href":"https:\/\/www.greenpeace.ch\/fr\/wp-json\/wp\/v2\/tags?post=28609"},{"taxonomy":"p4-page-type","embeddable":true,"href":"https:\/\/www.greenpeace.ch\/fr\/wp-json\/wp\/v2\/p4-page-type?post=28609"},{"taxonomy":"gpch-article-type","embeddable":true,"href":"https:\/\/www.greenpeace.ch\/fr\/wp-json\/wp\/v2\/gpch-article-type?post=28609"}],"curies":[{"name":"wp","href":"https:\/\/api.w.org\/{rel}","templated":true}]}}