{"id":35844,"date":"2019-09-02T16:12:10","date_gmt":"2019-09-02T14:12:10","guid":{"rendered":"https:\/\/www.greenpeace.ch\/?p=35844"},"modified":"2024-01-17T14:31:12","modified_gmt":"2024-01-17T13:31:12","slug":"bons-parlementaires-climat","status":"publish","type":"post","link":"https:\/\/www.greenpeace.ch\/fr\/story-fr\/35844\/bons-parlementaires-climat\/","title":{"rendered":"Suisse: Choisir les bons parlementaires pour le climat"},"content":{"rendered":"\n<p><strong>La 50\u00e8me l\u00e9gislature du Parlement Suisse a \u00e9t\u00e9 marqu\u00e9e par un recul de notre pays sur les questions environnementales et climatiques. C&rsquo;est particuli\u00e8rement inqui\u00e9tant pour l&rsquo;avenir. Afin de motiver les \u00e9lecteurs \u00e0 aller voter le 20 octobre pour des candidats prenant enfin les questions environnementales au s\u00e9rieux, l&rsquo;Alliance environnement lance une nouvelle campagne pour la promotion de l&rsquo;<\/strong><a href=\"https:\/\/ecorating.ch\/fr\"><strong>Ecorating<\/strong><\/a><strong>. <\/strong><\/p>\n\n<p>Avec les \u00e9lections f\u00e9d\u00e9rales qui auront lieu cet automne, on\nvoit soudainement presque tous les partis politiques se pr\u00e9occuper du climat et\nde l&rsquo;environnement. Tout le monde souhaite augmenter ses chances d&rsquo;obtenir un\nsi\u00e8ge au Conseil national ou au Conseil des Etats en accordant ses promesses \u00e9lectorales\navec les tendances du moment. Au moment de voter, l&rsquo;\u00e9lecteur qui se soucie\nv\u00e9ritablement des questions environnementales devra faire la part de choses et chercher\n\u00e0 voir quel candidat est v\u00e9ritablement digne de confiance sur l&rsquo;\u00e9cologie. <\/p>\n\n<p>Comme il est difficile de trier le bon grain de l&rsquo;ivraie, les\nprincipales organisations environnementales de Suisse, r\u00e9unies au sein de\nl&rsquo;Alliance environnement, ont examin\u00e9 les partis et \u00e9valu\u00e9 le comportement de\nvote de tous les parlementaires lors de la derni\u00e8re l\u00e9gislature. Les r\u00e9sultats permettent\nd&rsquo;identifier les partis et les parlementaires qui prennent au s\u00e9rieux la\nprotection du climat.<\/p>\n\n<ul class=\"wp-block-list\"><li>Les Verts, le Parti socialiste , le Parti evang\u00e9lique\nsuisse et les Verts lib\u00e9raux ont presque toujours soutenu les pr\u00e9occupations\nenvironnementales au Parlement. <\/li><li>Pr\u00e8s des deux tiers du Parti bourgeois\nd\u00e9mocratique ont soutenu les pr\u00e9occupations environnementales, et les parlementaires\nont adopt\u00e9 lors de la derni\u00e8re l\u00e9gislature un positionnement beaucoup plus\nrespectueux de l&rsquo;environnement qu&rsquo;auparavant.<\/li><li>Le Parti d\u00e9mocrate-chr\u00e9tien a vot\u00e9 pour\nl&rsquo;environnement dans environ la moiti\u00e9 des cas. Cependant, les diff\u00e9rences au\nsein du parti entre les parlementaires sont importantes.<\/li><li>Le Parti lib\u00e9ral-radical a vot\u00e9 contre les\npr\u00e9occupations environnementales pr\u00e8s de quatre fois sur cinq. Les diff\u00e9rences\nentre les diff\u00e9rents Conseils nationaux sont tr\u00e8s importantes. <\/li><li>L&rsquo;UDC s&rsquo;est presque syst\u00e9matiquement prononc\u00e9\ncontre l&rsquo;environnement lors de la derni\u00e8re l\u00e9gislature. &nbsp;<\/li><\/ul>\n\n<p><strong>La l\u00e9gislature 2015-2019 a \u00e9t\u00e9 marqu\u00e9e par un net recul en mati\u00e8re de protection de l&rsquo;environnement. Voici quelques exemples illustrant le retard pris par la Suisse sur des sujets qui sont d&rsquo;une importance fondamentale: <\/strong><\/p>\n\n<p><strong>Climat: <\/strong>Le Parlement n&rsquo;est pas parvenu \u00e0 d\u00e9finir des mesures permettant d&rsquo;atteindre l&rsquo;objectif de l&rsquo;accord de Paris. La loi sur le CO2 a \u00e9t\u00e9 tellement \u00e9dulcor\u00e9e au Conseil national que m\u00eame les parlementaires respectueux de l&rsquo;environnement ne pouvaient plus l&rsquo;approuver. <\/p>\n\n<p><br><strong>Agriculture:<\/strong> Chaque ann\u00e9e, plus de 2000 tonnes de pesticides sont pulv\u00e9ris\u00e9s en Suisse avec des cons\u00e9quences consid\u00e9rables pour la nature, l&rsquo;environnement et la sant\u00e9 humaine. Toutefois, le Conseil national, en particulier les repr\u00e9sentants des agriculteurs au Parlement, s&rsquo;est oppos\u00e9 jusqu&rsquo;\u00e0 pr\u00e9sent \u00e0 toute mesure efficace visant \u00e0 r\u00e9duire l&rsquo;utilisation des pesticides. <\/p>\n\n<p><br><strong>Biodiversit\u00e9:<\/strong> Les attaques contre la protection des esp\u00e8ces ont aussi marqu\u00e9 la derni\u00e8re l\u00e9gislature avec plusieurs initiatives populistes. Citons les exemples de l&rsquo;initiative \u00ab\u00a0Loup. La r\u00e9cr\u00e9ation est termin\u00e9e!\u00a0\u00bb (adopt\u00e9e par le Conseil national avec 101 voix contre 83), la demande de retrait du trait\u00e9 de Berne sur le commerce international des esp\u00e8ces animales et v\u00e9g\u00e9tales sauvages menac\u00e9es, et enfin la r\u00e9vision d\u00e9sastreuse de la Loi f\u00e9d\u00e9rale sur la chasse et la protection des mammif\u00e8res et oiseaux sauvages. <\/p>\n\n<p><br><strong>Eau potable:<\/strong> Le Conseil national s&rsquo;est efforc\u00e9 de limiter la taille des cours d&rsquo;eau \u00e0 prot\u00e9ger. Heureusement, le Conseil des Etats est parvenu \u00e0 limiter les d\u00e9g\u00e2ts ici et l\u00e0. Cependant, les attaques sur les eaux se poursuivent. Le Conseil national, par exemple, d\u00e9bat actuellement de l&rsquo;assouplissement des exigences environnementales pour le renouvellement des concessions hydro\u00e9lectriques. <\/p>\n\n<p><br><strong>Transports:<\/strong> Les efforts de certains parlementaires ont fait que le nouveau fond routier FORTA soit financ\u00e9 par l&rsquo;ensemble de la population et non plus seulement de ceux qui poss\u00e8dent une automobile, ce qui est contraire au principe du pollueur-payeur. M\u00eame apr\u00e8s le d\u00e9but du d\u00e9bat sur le climat en mars dernier, le Conseil national n&rsquo;a pas h\u00e9sit\u00e9 \u00e0 approuver trois projets routiers nationaux suppl\u00e9mentaires pour lesquels la gestion et les co\u00fbts n&rsquo;\u00e9taient pas encore connus. <\/p>\n\n<p><\/p>\n\n<h2 class=\"wp-block-heading\">All you can&rsquo;t eat &#8211; all you can vote<\/h2>\n\n<p class=\"is-style-accent-1\">Dans le futur, l&rsquo;augmentation des temp\u00e9ratures, la s\u00e9cheresse, les p\u00e9nuries d&rsquo;eau, la diminution de la biodiversit\u00e9, etc. changeront fondamentalement l&rsquo;agriculture. La production d&rsquo;aliment va se compliquer et de nombreux produits vont devenir rares ou m\u00eame disparaitre. L&rsquo;Alliance environnement, dont font partie Greenpeace Suisse et les principales organisations environnementales du pays, lance la campagne \u00ab\u00a0All you can&rsquo;t eat\u00a0\u00bb afin de montrer \u00e0 quel point le r\u00e9chauffement climatique pourrait toucher les suisses dans leurs habitudes quotidiennes. Les grands chefs Markus Burkhard et Julien Pansier ont \u00e9labor\u00e9 des menus, bas\u00e9 sur des plats populaires suisses, mais avec seulement avec les ingr\u00e9dients disponibles en Suisse si la crise climatique n&rsquo;est pas \u00e9vit\u00e9e. <br><a href=\"https:\/\/www.allyoucanteat.ch\/?lang=fr\"><strong>D\u00e9couvrez les recettes et les quelques gestes importants pour obtenir un parlement respectueux du climat et de l&rsquo;environnement \u00e0 l&rsquo;avenir.<\/strong><\/a><\/p>\n","protected":false},"excerpt":{"rendered":"<p>La 50\u00e8me l\u00e9gislature du Parlement Suisse a \u00e9t\u00e9 marqu\u00e9e par un recul de notre pays sur les questions environnementales et climatiques. C&rsquo;est particuli\u00e8rement inqui\u00e9tant pour l&rsquo;avenir. Afin de motiver les&hellip;<\/p>\n","protected":false},"author":37,"featured_media":35862,"comment_status":"closed","ping_status":"closed","sticky":false,"template":"","format":"standard","meta":{"_acf_changed":false,"_planet4_optimize_post_is_variant":false,"_planet4_optimize_experiment_name":"","_planet4_optimize_variant_name":"","ep_exclude_from_search":false,"p4_og_title":"","p4_og_description":"<p>La 50\u00e8me l\u00e9gislature du Parlement Suisse a \u00e9t\u00e9 marqu\u00e9e par un recul de notre pays sur les questions environnementales et climatiques. C'est particuli\u00e8rement inqui\u00e9tant pour l'avenir.<\/p>","p4_og_image":"","p4_og_image_id":"","p4_seo_canonical_url":"","p4_campaign_name":"","p4_local_project":"","p4_basket_name":"","p4_department":"","footnotes":""},"categories":[22],"tags":[132,136,58],"p4-page-type":[77],"gpch-article-type":[],"class_list":["post-35844","post","type-post","status-publish","format-standard","has-post-thumbnail","hentry","category-non-classifiee","tag-initiative-glaciers","tag-justice-climatique","tag-climat","p4-page-type-story-fr"],"acf":[],"_links":{"self":[{"href":"https:\/\/www.greenpeace.ch\/fr\/wp-json\/wp\/v2\/posts\/35844","targetHints":{"allow":["GET"]}}],"collection":[{"href":"https:\/\/www.greenpeace.ch\/fr\/wp-json\/wp\/v2\/posts"}],"about":[{"href":"https:\/\/www.greenpeace.ch\/fr\/wp-json\/wp\/v2\/types\/post"}],"author":[{"embeddable":true,"href":"https:\/\/www.greenpeace.ch\/fr\/wp-json\/wp\/v2\/users\/37"}],"replies":[{"embeddable":true,"href":"https:\/\/www.greenpeace.ch\/fr\/wp-json\/wp\/v2\/comments?post=35844"}],"version-history":[{"count":1,"href":"https:\/\/www.greenpeace.ch\/fr\/wp-json\/wp\/v2\/posts\/35844\/revisions"}],"predecessor-version":[{"id":105639,"href":"https:\/\/www.greenpeace.ch\/fr\/wp-json\/wp\/v2\/posts\/35844\/revisions\/105639"}],"wp:featuredmedia":[{"embeddable":true,"href":"https:\/\/www.greenpeace.ch\/fr\/wp-json\/wp\/v2\/media\/35862"}],"wp:attachment":[{"href":"https:\/\/www.greenpeace.ch\/fr\/wp-json\/wp\/v2\/media?parent=35844"}],"wp:term":[{"taxonomy":"category","embeddable":true,"href":"https:\/\/www.greenpeace.ch\/fr\/wp-json\/wp\/v2\/categories?post=35844"},{"taxonomy":"post_tag","embeddable":true,"href":"https:\/\/www.greenpeace.ch\/fr\/wp-json\/wp\/v2\/tags?post=35844"},{"taxonomy":"p4-page-type","embeddable":true,"href":"https:\/\/www.greenpeace.ch\/fr\/wp-json\/wp\/v2\/p4-page-type?post=35844"},{"taxonomy":"gpch-article-type","embeddable":true,"href":"https:\/\/www.greenpeace.ch\/fr\/wp-json\/wp\/v2\/gpch-article-type?post=35844"}],"curies":[{"name":"wp","href":"https:\/\/api.w.org\/{rel}","templated":true}]}}