{"id":36363,"date":"2019-09-16T16:52:27","date_gmt":"2019-09-16T14:52:27","guid":{"rendered":"https:\/\/www.greenpeace.ch\/?p=36363"},"modified":"2019-09-16T16:55:17","modified_gmt":"2019-09-16T14:55:17","slug":"le-changement-cest-a-nous-de-le-faire","status":"publish","type":"post","link":"https:\/\/www.greenpeace.ch\/fr\/article-de-magazine\/36363\/le-changement-cest-a-nous-de-le-faire\/","title":{"rendered":"\u00abLe changement, c\u2019est \u00e0 nous de le faire\u00bb"},"content":{"rendered":"\n<p><strong>Hannes Blaser est un militant de Extinction Rebellion Switzerland. Dans l&rsquo;interview, le Berner parle du club, comment il imagine le monde dans 50 ans et jusqu&rsquo;o\u00f9 il peut aller dans la d\u00e9sob\u00e9issance civile.<\/strong><\/p>\n\n<p><em>Hannes, comment as-tu entendu parler de \u00abExtinction Rebellion\u00bb?<\/em><\/p>\n\n<p>Pour moi, l\u2019environnement a toujours \u00e9t\u00e9 une grande pr\u00e9occupation. Quand j\u2019ai entendu parler de cette association non-violente, qui fait de la d\u00e9sob\u00e9issance civile, qui n\u2019est ni de droite ni de gauche, et qui pratique la d\u00e9mocratie de base, j\u2019ai trouv\u00e9 \u00e7a g\u00e9nial&nbsp;! Avec ma compagne, nous \u00e9tions enthousiastes et nous avons voulu fonder un groupe XR suisse sur Facebook. Comme ce groupe existait d\u00e9j\u00e0, je leur ai \u00e9crit pour leur sugg\u00e9rer d\u2019organiser une r\u00e9union XR suisse. C\u2019est comme \u00e7a que les choses se sont mises en route.<\/p>\n\n<figure class=\"wp-block-image\"><img loading=\"lazy\" decoding=\"async\" width=\"962\" height=\"640\" src=\"https:\/\/www.greenpeace.ch\/static\/planet4-switzerland-stateless\/2019\/09\/6e743b3c-imagjvjvhje2.jpeg\" alt=\"\" class=\"wp-image-36365\" srcset=\"https:\/\/www.greenpeace.ch\/static\/planet4-switzerland-stateless\/2019\/09\/6e743b3c-imagjvjvhje2.jpeg 962w, https:\/\/www.greenpeace.ch\/static\/planet4-switzerland-stateless\/2019\/09\/6e743b3c-imagjvjvhje2-300x200.jpeg 300w, https:\/\/www.greenpeace.ch\/static\/planet4-switzerland-stateless\/2019\/09\/6e743b3c-imagjvjvhje2-768x511.jpeg 768w, https:\/\/www.greenpeace.ch\/static\/planet4-switzerland-stateless\/2019\/09\/6e743b3c-imagjvjvhje2-510x340.jpeg 510w\" sizes=\"auto, (max-width: 962px) 100vw, 962px\" \/><figcaption>Hannes est engag\u00e9 dans l&rsquo;environnement depuis sa jeunesse. (\u00a9 Hannes Blaser)<\/figcaption><\/figure>\n\n<p><em>Par\nrapport \u00e0 d\u2019autres organisations environnementales comme Greenpeace, qu\u2019est-ce\nqui est diff\u00e9rent chez vous?<\/em><\/p>\n\n<p>La grande diff\u00e9rence est que nous n\u2019offrons pas de solutions. Nous ne faisons que d\u00e9noncer les probl\u00e8mes, c\u2019est-\u00e0-dire attirer l\u2019attention des gens, les informer et les inviter \u00e0 s\u2019impliquer. L\u2019objectif est de parvenir \u00e0 un changement de syst\u00e8me pacifique par le biais d\u2019un processus d\u00e9mocratique. Il est important de rappeler que nous agissons toujours de mani\u00e8re non-violente. <\/p>\n\n<p><em>Comment vous financez-vous?<\/em><\/p>\n\n<p>\u00c0 travers des\ndons. Il n\u2019y aura jamais de permanents salari\u00e9s chez nous. Notre engagement se\nfait par conviction absolue. Je me sentais tellement impuissant, ne pouvant rien\nfaire pour le climat. Maintenant, j\u2019ai trouv\u00e9 une forme d\u2019engagement qui me\ndonne l\u2019impression de faire bouger les choses. Notre cause avance, et cela me\nsuffit, je n\u2019ai aucun besoin de r\u00e9mun\u00e9ration. <\/p>\n\n<p><em>Vos actions sont dirig\u00e9es contre le gouvernement. Pourquoi?<\/em><\/p>\n\n<p>Nous\ntravaillons avec le rapport du GIEC, qui dit clairement que les valeurs\nactuelles d\u00e9passent d\u00e9j\u00e0 le quintuple du pire sc\u00e9nario. Il est temps que le\ngouvernement suisse endosse ses responsabilit\u00e9s, et dise la v\u00e9rit\u00e9 sur l\u2019\u00e9tat\ndu climat. Il faut que la panique \u00e9clate, sinon il ne se passera rien, et il\nsera trop tard. En m\u00eame temps, nous voulons renforcer la capacit\u00e9 d\u2019agir de la\npopulation. Pour \u00eatre en mesure d\u2019agir et d\u2019assumer ses responsabilit\u00e9s, il\nfaut \u00eatre inform\u00e9.<\/p>\n\n<p><em>Vous faites aussi appel \u00e0 la responsabilit\u00e9\nindividuelle?<\/em><\/p>\n\n<p>Nous disons\nhaut et fort que les \u00abautres\u00bb, \u00e7a n\u2019existe pas. Ce ne sont pas les politiciens\nqui feront le travail pour nous. Le changement, c\u2019est \u00e0 nous de le faire. Nous\ndevons prendre nos responsabilit\u00e9s envers les g\u00e9n\u00e9rations futures et la\nplan\u00e8te. XR agit concr\u00e8tement, au lieu distribuer des \u00abJ\u2019aime\u00bb sur Facebook, ou\nd\u2019avoir des discussions le soir au caf\u00e9. Nous assumons nos responsabilit\u00e9s, et\nnous demandons aux politiciens de se r\u00e9veiller. Parce qu\u2019actuellement, la Constitution\nf\u00e9d\u00e9rale bafou\u00e9e. <\/p>\n\n<p><em>Jusqu\u2019o\u00f9 es-tu pr\u00eat \u00e0 aller, en mati\u00e8re de\nd\u00e9sob\u00e9issance civile?<\/em><\/p>\n\n<p>Tr\u00e8s loin.\nNotre syst\u00e8me ne fonctionne pas. Il est en \u00e9chec total. Alors pourquoi\ndevrions-nous respecter les principes de ce syst\u00e8me d\u00e9faillant? Tant que notre\naction est non-violente, tout est permis. Et je dis bien \u00abtout\u00bb. <\/p>\n\n<p><em>Qu\u2019est-ce qui te pla\u00eet le plus, chez Extinction\nRebellion?<\/em><\/p>\n\n<p>Extinction Rebellion est un mouvement r\u00e9aliste. Nous sommes ceux qui ne vivent plus dans l\u2019utopie. Ce qui est bien, c\u2019est que m\u00eame si je roule en voiture et que je mange de la viande, je suis quand m\u00eame consid\u00e9r\u00e9 comme un militant en faveur du climat. Personne n\u2019est de trop, pour faire avancer la protection du climat. Il ne faut pas penser en termes d\u2019\u00e9tiquette politique. Nous sommes simplement une population. <\/p>\n\n<p><em>Quel effet esp\u00e8res-tu obtenir par ton\nengagement?<\/em><\/p>\n\n<p>Si jamais\nj\u2019ai des enfants, j\u2019aimerais pourvoir les regarder dans les yeux et leur dire\nque j\u2019ai fait tout mon possible. Je suis un optimiste absolu. Je pense que nous\npouvons encore r\u00e9ussir la transition. L\u2019humanit\u00e9 a du g\u00e9nie. Nous avons besoin\ndes \u00eatres humains. J\u2019adore l\u2019\u00eatre humain, c\u2019est une tr\u00e8s belle cr\u00e9ature. Je ne\ncomprends pas les gens qui disent qu\u2019il faut exterminer l\u2019humanit\u00e9. Bien s\u00fbr,\nc\u2019est stupide ce que les humains ont fait \u00e0 la plan\u00e8te. Il faut changer de cap.\nSi on se retrouve dans une impasse, alors il faut faire demi-tour et chercher\nun autre chemin, au lieu de foncer droit dans le mur. <\/p>\n\n<p><em>Fais-tu attention \u00e0 la protection du climat\ndans ta vie quotidienne?<\/em><\/p>\n\n<p>Je vis tr\u00e8s\nsimplement. Je ne jette pas grand-chose. Cela fait longtemps que je ne fais\nplus de grands voyages, et je ne reprendrai plus l\u2019avion jusqu\u2019\u00e0 ce qu\u2019il\nexiste une alternative \u00e9cologique. Je me d\u00e9place encore en voiture, mais pour\ndes raisons professionnelles. Mais ma voiture a actuellement 289 000 kilom\u00e8tres\nau compteur et j\u2019esp\u00e8re bien qu\u2019elle tiendra jusqu\u2019\u00e0 un demi-million. J\u2019utilise\ntous les appareils jusqu\u2019\u00e0 ce qu\u2019ils soient totalement hors service, y compris\nmon t\u00e9l\u00e9phone portable. Je n\u2019ai pas besoin d\u2019avoir toujours le mod\u00e8le le plus\nr\u00e9cent. C\u2019est tout simple, mais cela peut faire la diff\u00e9rence. Il n\u2019est pas\npossible de red\u00e9finir le monde du jour au lendemain.<\/p>\n\n<p><em>Quel est ton plus grand espoir pour la Suisse?<\/em><\/p>\n\n<p>La Suisse\n\u00e9tait autrefois le pays le plus vert et le plus innovant. Aujourd\u2019hui, elle\ntra\u00eene les pieds. Mon espoir, c\u2019est que la Suisse rejoigne la t\u00eate du\nmouvement. Je veux \u00e0 nouveau \u00eatre fier de la Suisse. Nous aurions pu aller\ntellement plus loin, en tant que pays.<\/p>\n\n<p><em>Pour parler d\u2019avenir,\ncomment te vois-tu, \u00e0 l\u2019\u00e2ge de 70 ans?<\/em><\/p>\n\n<p>Je me vois dans\nun monde super-technologique, o\u00f9 tout fonctionne de mani\u00e8re durable et\n\u00e9cologique, et o\u00f9 l\u2019\u00e9nergie est gratuite. Nous serons en symbiose avec la\nplan\u00e8te, au lieu de nous comporter comme des parasites, et tout le monde pourra\nse nourrir gratuitement. Tout le monde aura acc\u00e8s \u00e0 tout. Je suis confiant que\nle monde sera ainsi, quand j\u2019aurai 70 ans.<\/p>\n\n<p><em>Tu ne te vois pas comme quelqu\u2019un d\u2019utopique\u2026?<\/em> <\/p>\n\n<p>Je pense que c\u2019est faisable. Scientifiquement et techniquement, c\u2019est possible. Il ne manque que la volont\u00e9 et l\u2019\u00e9lan de la population. Si nous avons la volont\u00e9 d\u2019aller dans ce sens, alors nous atteindrons notre but. Nous ne faisons que commencer. Je pense que le chemin sera long et difficile, mais nous n\u2019abandonnerons pas.  <\/p>\n\n<p><a href=\"https:\/\/www.greenpeace.ch\/fr\/publication\/36346\/greenpeace-magazine-03-19\/\" target=\"_blank\" rel=\"noreferrer noopener\" aria-label=\"Voici (\u00f6ffnet in neuem Tab)\">Voici<\/a> le magazine entier sur le climat.<a rel=\"noreferrer noopener\" target=\"_blank\" href=\"https:\/\/www.facebook.com\/share.php?u=http%3A%2F%2Fbit.ly%2F2LwYmos\"><br><\/a><\/p>\n","protected":false},"excerpt":{"rendered":"<p>Hannes Blaser est un militant de Extinction Rebellion Switzerland. Dans l&rsquo;interview, le Berner parle du club, comment il imagine le monde dans 50 ans et jusqu&rsquo;o\u00f9 il peut aller dans la d\u00e9sob\u00e9issance civile.<\/p>\n","protected":false},"author":49,"featured_media":36364,"comment_status":"closed","ping_status":"closed","sticky":false,"template":"","format":"standard","meta":{"_acf_changed":false,"_planet4_optimize_post_is_variant":false,"_planet4_optimize_experiment_name":"","_planet4_optimize_variant_name":"","ep_exclude_from_search":false,"p4_og_title":"","p4_og_description":"","p4_og_image":"","p4_og_image_id":"","p4_seo_canonical_url":"","p4_campaign_name":"","p4_local_project":"","p4_basket_name":"","p4_department":"","footnotes":""},"categories":[101],"tags":[58],"p4-page-type":[80],"gpch-article-type":[],"class_list":["post-36363","post","type-post","status-publish","format-standard","has-post-thumbnail","hentry","category-magazine-climatpublications","tag-climat","p4-page-type-article-de-magazine"],"acf":[],"_links":{"self":[{"href":"https:\/\/www.greenpeace.ch\/fr\/wp-json\/wp\/v2\/posts\/36363","targetHints":{"allow":["GET"]}}],"collection":[{"href":"https:\/\/www.greenpeace.ch\/fr\/wp-json\/wp\/v2\/posts"}],"about":[{"href":"https:\/\/www.greenpeace.ch\/fr\/wp-json\/wp\/v2\/types\/post"}],"author":[{"embeddable":true,"href":"https:\/\/www.greenpeace.ch\/fr\/wp-json\/wp\/v2\/users\/49"}],"replies":[{"embeddable":true,"href":"https:\/\/www.greenpeace.ch\/fr\/wp-json\/wp\/v2\/comments?post=36363"}],"version-history":[{"count":0,"href":"https:\/\/www.greenpeace.ch\/fr\/wp-json\/wp\/v2\/posts\/36363\/revisions"}],"wp:featuredmedia":[{"embeddable":true,"href":"https:\/\/www.greenpeace.ch\/fr\/wp-json\/wp\/v2\/media\/36364"}],"wp:attachment":[{"href":"https:\/\/www.greenpeace.ch\/fr\/wp-json\/wp\/v2\/media?parent=36363"}],"wp:term":[{"taxonomy":"category","embeddable":true,"href":"https:\/\/www.greenpeace.ch\/fr\/wp-json\/wp\/v2\/categories?post=36363"},{"taxonomy":"post_tag","embeddable":true,"href":"https:\/\/www.greenpeace.ch\/fr\/wp-json\/wp\/v2\/tags?post=36363"},{"taxonomy":"p4-page-type","embeddable":true,"href":"https:\/\/www.greenpeace.ch\/fr\/wp-json\/wp\/v2\/p4-page-type?post=36363"},{"taxonomy":"gpch-article-type","embeddable":true,"href":"https:\/\/www.greenpeace.ch\/fr\/wp-json\/wp\/v2\/gpch-article-type?post=36363"}],"curies":[{"name":"wp","href":"https:\/\/api.w.org\/{rel}","templated":true}]}}