{"id":41598,"date":"2020-02-19T10:49:26","date_gmt":"2020-02-19T08:49:26","guid":{"rendered":"https:\/\/www.greenpeace.ch\/?p=41598"},"modified":"2020-02-19T11:12:54","modified_gmt":"2020-02-19T09:12:54","slug":"tout-est-mort","status":"publish","type":"post","link":"https:\/\/www.greenpeace.ch\/fr\/article-de-magazine\/41598\/tout-est-mort\/","title":{"rendered":"Tout est mort"},"content":{"rendered":"\n<p><strong>Sept hommes de la tribu des Tenharim sont en route dans leur r\u00e9gion de l\u2019ouest de l\u2019Amazonie br\u00e9silienne. Ils se d\u00e9placent torse nu, avec leurs parures de plumes et leurs pantalons en jeans. \u00c0 l\u2019aide d\u2019un t\u00e9l\u00e9phone portable, ils veulent rendre compte des d\u00e9g\u00e2ts caus\u00e9s par les feux de for\u00eat et de brousse sur leurs terres. Depuis le mois d\u2019ao\u00fbt, les incendies se sont calm\u00e9s dans certaines r\u00e9gions, mais ont repris dans d\u2019autres.<\/strong><\/p>\n\n<p>L\u2019\u00e9t\u00e9 dernier, les incendies dans la for\u00eat amazonienne attirent l\u2019attention du public mondial, les journalistes affluent. Mais l\u2019int\u00e9r\u00eat des m\u00e9dias retombe vite. Pourtant les feux continuent, m\u00eame s\u2019ils ont perdu en intensit\u00e9 gr\u00e2ce aux fortes pr\u00e9cipitations et aux mesures ponctuelles ordonn\u00e9es par le gouvernement br\u00e9silien, apr\u00e8s de longues h\u00e9sitations.<\/p>\n\n<figure class=\"wp-block-image size-large  caption-style-blue-overlay caption-alignment-center\"><img loading=\"lazy\" decoding=\"async\" width=\"1024\" height=\"683\" src=\"https:\/\/www.greenpeace.ch\/static\/planet4-switzerland-stateless\/2020\/02\/720a1f0f-gp0stttl7_medium_res-1024x683.jpg\" alt=\"\" class=\"wp-image-41606\" srcset=\"https:\/\/www.greenpeace.ch\/static\/planet4-switzerland-stateless\/2020\/02\/720a1f0f-gp0stttl7_medium_res-1024x683.jpg 1024w, https:\/\/www.greenpeace.ch\/static\/planet4-switzerland-stateless\/2020\/02\/720a1f0f-gp0stttl7_medium_res-300x200.jpg 300w, https:\/\/www.greenpeace.ch\/static\/planet4-switzerland-stateless\/2020\/02\/720a1f0f-gp0stttl7_medium_res-768x512.jpg 768w, https:\/\/www.greenpeace.ch\/static\/planet4-switzerland-stateless\/2020\/02\/720a1f0f-gp0stttl7_medium_res-510x340.jpg 510w, https:\/\/www.greenpeace.ch\/static\/planet4-switzerland-stateless\/2020\/02\/720a1f0f-gp0stttl7_medium_res.jpg 1200w\" sizes=\"auto, (max-width: 1024px) 100vw, 1024px\" \/><figcaption> <strong>Photo : Victor Moriyama \/ Greenpeace<\/strong> <\/figcaption><\/figure>\n\n<p>Les vid\u00e9os prises par les Tenharim datent de fin septembre. On y voit des feux cr\u00e9pitants, des souches d\u2019arbres carbonis\u00e9es et des cendres portant les empreintes d\u2019animaux en fuite. Ou encore un tatou calcin\u00e9, qui s\u2019\u00e9tait r\u00e9fugi\u00e9 sous la racine d\u2019un arbre. Le groupe s\u2019arr\u00eate devant un palmier-b\u00e2che, dont le fruit est tr\u00e8s courant dans le bassin amazonien. S\u2019il vient \u00e0 manquer, les tapirs, les tatous, les cochons sauvages et les perroquets ne peuvent plus se nourrir, explique l\u2019un des hommes: \u00abIl ne reste plus rien ici, tout est mort\u00bb.<\/p>\n\n<p>Le peuple des Tenharim compte encore environ un millier de membres, qui vivent sur un p\u00e9rim\u00e8tre un peu plus petit que le canton du Valais. Pour eux, il est \u00e9vident que de nombreux incendies ont \u00e9t\u00e9 allum\u00e9s par des criminels qui veulent s\u2019approprier leurs terres. Comme les autres peuples autochtones menac\u00e9s, les Tenharim ne re\u00e7oivent aucune aide ext\u00e9rieure. C\u2019est pourquoi ils ont mis sur pied leur propre brigade pour combattre les incendies. Une t\u00e2che difficile, \u00e9tant donn\u00e9 la superficie de leur r\u00e9serve.<\/p>\n\n<h3 class=\"wp-block-heading\"><strong>Incendies criminels via WhatsApp<\/strong><\/h3>\n\n<p>Les autochtones sont les principales victimes de la politique anti-\u00e9cologique du pr\u00e9sident Jair Bolsonaro. Ce dernier a annonc\u00e9 vouloir ouvrir les r\u00e9serves et l\u2019ensemble de la r\u00e9gion amazonienne \u00e0 l\u2019exploitation \u00e9conomique. Sa rh\u00e9torique encourage l\u2019industrie foresti\u00e8re, la prospection aurif\u00e8re, l\u2019agriculture industrielle et l\u2019\u00e9levage du b\u00e9tail \u00e0 accaparer les terres en toute ill\u00e9galit\u00e9, souvent de mani\u00e8re extr\u00eamement brutale. D\u00e9but octobre, des b\u00fbcherons ont d\u00e9truit un poste de l\u2019autorit\u00e9 de protection des autochtones (nomm\u00e9e Funai) dans la r\u00e9serve de Karipuna, situ\u00e9e dans l\u2019\u00c9tat de Rond\u00f4nia, la zone indig\u00e8ne du Br\u00e9sil la plus menac\u00e9e par les incendies de for\u00eat. \u00c9pargn\u00e9e par la d\u00e9forestation jusqu\u2019en 2014, cette r\u00e9gion a entre-temps vu dispara\u00eetre 20 km<sup>2<\/sup> de for\u00eat.<\/p>\n\n<p>Ces r\u00e9cits t\u00e9moignent des ravages que subit la r\u00e9gion amazonienne du Br\u00e9sil depuis quelques mois. L\u2019ann\u00e9e 2019 entrera dans l\u2019histoire comme l\u2019une de plus d\u00e9vastatrices pour la for\u00eat amazonienne. Au cours des neuf premiers mois, le nombre d\u2019incendies dans la for\u00eat pluviale a progress\u00e9 de 41% par rapport \u00e0 2018, les feux \u00e9tant la cons\u00e9quence directe du d\u00e9boisement.<\/p>\n\n<p>Les incendies sont souvent le fait de structures mafieuses li\u00e9es \u00e0 des sp\u00e9culateurs, des faussaires de documents et des agents pr\u00eate-noms. \u00c0 Novo Progresso, dans l\u2019\u00c9tat de Par\u00e1, quelque soixante-dix grands propri\u00e9taires fonciers ont ainsi organis\u00e9 une \u00abJourn\u00e9e du feu\u00bb, utilisant WhatsApp pour coordonner leurs projets d\u2019incendies criminels. Le minist\u00e8re public a men\u00e9 une enqu\u00eate, mais aucune arrestation n\u2019a eu lieu \u00e0 ce jour. Par contre, le journaliste local qui a rendu l\u2019affaire publique se voit menac\u00e9. Ad\u00e9cio Piran envisage d\u2019abandonner ses enqu\u00eates sur les atteintes environnementales. \u00abJ\u2019ai peur d\u2019\u00eatre assassin\u00e9\u00bb, confie-t-il.<\/p>\n\n<p>Si le nombre total d\u2019incendies a diminu\u00e9 en septembre, les feux ont augment\u00e9 dans les \u00e9cosyst\u00e8mes de la savane du Cerrado et des marais du Pantanal, au sud de la for\u00eat amazonienne. Il en va de m\u00eame dans l\u2019\u00c9tat d\u2019Amazonie, qui abrite la plus grande zone de for\u00eat tropicale du Br\u00e9sil. Les derni\u00e8res donn\u00e9es de l\u2019Institut de recherche spatiale sont alarmantes: en septembre, la d\u00e9forestation au Br\u00e9sil a augment\u00e9 de pr\u00e8s de 100% par rapport \u00e0 2018. C\u2019est dans ces zones d\u00e9bois\u00e9es que risquent de se produire les prochains incendies. Si la for\u00eat amazonienne n\u2019est plus \u00e0 l\u2019ordre du jour des m\u00e9dias, sa destruction se poursuit \u00e0 plein r\u00e9gime\u2026<\/p>\n\n<figure class=\"wp-block-image size-large  caption-style-blue-overlay caption-alignment-center\"><img loading=\"lazy\" decoding=\"async\" width=\"1024\" height=\"683\" src=\"https:\/\/www.greenpeace.ch\/static\/planet4-switzerland-stateless\/2020\/02\/5b0abb1b-gp0sttser_medium_res-1024x683.jpg\" alt=\"\" class=\"wp-image-41608\" srcset=\"https:\/\/www.greenpeace.ch\/static\/planet4-switzerland-stateless\/2020\/02\/5b0abb1b-gp0sttser_medium_res-1024x683.jpg 1024w, https:\/\/www.greenpeace.ch\/static\/planet4-switzerland-stateless\/2020\/02\/5b0abb1b-gp0sttser_medium_res-300x200.jpg 300w, https:\/\/www.greenpeace.ch\/static\/planet4-switzerland-stateless\/2020\/02\/5b0abb1b-gp0sttser_medium_res-768x512.jpg 768w, https:\/\/www.greenpeace.ch\/static\/planet4-switzerland-stateless\/2020\/02\/5b0abb1b-gp0sttser_medium_res-510x340.jpg 510w, https:\/\/www.greenpeace.ch\/static\/planet4-switzerland-stateless\/2020\/02\/5b0abb1b-gp0sttser_medium_res.jpg 1200w\" sizes=\"auto, (max-width: 1024px) 100vw, 1024px\" \/><figcaption>Photo: Victor Moriyama \/ Greenpeace<\/figcaption><\/figure>\n\n<h2 class=\"wp-block-heading\"><strong>Cinq questions \u00e0 &#8230;<\/strong><\/h2>\n\n<h3 class=\"wp-block-heading\"><strong>\u00c9tabli au Br\u00e9sil depuis quatre ans, Oliver Salge est coordinateur de la campagne internationale de Greenpeace en Amazonie.<\/strong><\/h3>\n\n<p><strong>Entretien<\/strong>: Danielle M\u00fcller<\/p>\n\n<p><strong>Oliver Salge, quel impact a eu l\u2019\u00e9cho m\u00e9diatique provoqu\u00e9 dans le monde entier par les feux de for\u00eat en Amazonie br\u00e9silienne?<\/strong><\/p>\n\n<p>La r\u00e9ponse m\u00e9diatique mondiale est \u00e0 la hauteur de l\u2019importance de la for\u00eat amazonienne pour la r\u00e9gulation du climat mondial. Surtout au moment o\u00f9 certains dirigeants politiques se permettent de nier la r\u00e9alit\u00e9 du changement climatique d\u2019origine anthropique et ne font pas grand-chose pour r\u00e9duire les \u00e9missions de gaz \u00e0 effet de serre.<\/p>\n\n<p><strong>Le tourbillon m\u00e9diatique a-t-il chang\u00e9 des choses au Br\u00e9sil?<\/strong><\/p>\n\n<p>Le gouvernement du pr\u00e9sident Bolsonaro n\u2019a pas chang\u00e9 sa politique hostile \u00e0 la for\u00eat amazonienne et \u00e0 ses habitants autochtones, mais il a clairement pris note de la d\u00e9gradation de l\u2019image du Br\u00e9sil \u00e0 l\u2019\u00e9chelle mondiale. Plusieurs entreprises ont menac\u00e9 de mettre fin \u00e0 leurs contrats avec le Br\u00e9sil en raison des incendies et du d\u00e9boisement.<\/p>\n\n<p><strong>Quel avenir pour la for\u00eat amazonienne sous Bolsonaro?<\/strong><\/p>\n\n<p>L\u2019objectif d\u00e9clar\u00e9 du gouvernement est de sacrifier les for\u00eats \u00e0 la production de min\u00e9raux, d\u2019\u00e9nergie ou de produits agricoles.<\/p>\n\n<p><strong>Que fait Greenpeace Br\u00e9sil pour prot\u00e9ger la for\u00eat tropicale d\u2019Amazonie?<\/strong><\/p>\n\n<p>Ces derniers mois, Greenpeace Br\u00e9sil a travaill\u00e9 en particulier sur les effets n\u00e9gatifs de la politique anti-environnementale du gouvernement actuel. Nous coop\u00e9rons avec des peuples autochtones et des communaut\u00e9s traditionnelles et soutenons leur travail de surveillance des for\u00eats, afin de d\u00e9noncer les crimes environnementaux.<\/p>\n\n<p><strong>Que pouvons-nous faire en Europe pour prot\u00e9ger la for\u00eat tropicale?<\/strong><\/p>\n\n<p>Au niveau individuel, nous pouvons manger moins de viande. Les fourrages pour les poules et les porcs proviennent souvent de r\u00e9gions appartenant \u00e0 la for\u00eat pluviale. \u00c0 l\u2019\u00e9chelle des gouvernements europ\u00e9ens, il faut enfin des lois qui interdisent l\u2019importation de produits issus de la destruction des for\u00eats tropicales.<\/p>\n","protected":false},"excerpt":{"rendered":"<p>L\u2019\u00e9t\u00e9 dernier, les incendies dans la for\u00eat amazonienne attirent l\u2019attention du public mondial, les journalistes affluent. Mais l\u2019int\u00e9r\u00eat des m\u00e9dias retombe vite. Pourtant les feux continuent.<\/p>\n","protected":false},"author":44,"featured_media":41601,"comment_status":"closed","ping_status":"closed","sticky":false,"template":"","format":"standard","meta":{"_acf_changed":false,"_planet4_optimize_post_is_variant":false,"_planet4_optimize_experiment_name":"","_planet4_optimize_variant_name":"","ep_exclude_from_search":false,"p4_og_title":"","p4_og_description":"","p4_og_image":"","p4_og_image_id":"","p4_seo_canonical_url":"","p4_campaign_name":"not set","p4_local_project":"","p4_basket_name":"not set","p4_department":"","footnotes":""},"categories":[79,99],"tags":[58,66],"p4-page-type":[80],"gpch-article-type":[],"class_list":["post-41598","post","type-post","status-publish","format-standard","has-post-thumbnail","hentry","category-magazine","category-magazinepublications","tag-climat","tag-forets","p4-page-type-article-de-magazine"],"acf":[],"_links":{"self":[{"href":"https:\/\/www.greenpeace.ch\/fr\/wp-json\/wp\/v2\/posts\/41598","targetHints":{"allow":["GET"]}}],"collection":[{"href":"https:\/\/www.greenpeace.ch\/fr\/wp-json\/wp\/v2\/posts"}],"about":[{"href":"https:\/\/www.greenpeace.ch\/fr\/wp-json\/wp\/v2\/types\/post"}],"author":[{"embeddable":true,"href":"https:\/\/www.greenpeace.ch\/fr\/wp-json\/wp\/v2\/users\/44"}],"replies":[{"embeddable":true,"href":"https:\/\/www.greenpeace.ch\/fr\/wp-json\/wp\/v2\/comments?post=41598"}],"version-history":[{"count":0,"href":"https:\/\/www.greenpeace.ch\/fr\/wp-json\/wp\/v2\/posts\/41598\/revisions"}],"wp:featuredmedia":[{"embeddable":true,"href":"https:\/\/www.greenpeace.ch\/fr\/wp-json\/wp\/v2\/media\/41601"}],"wp:attachment":[{"href":"https:\/\/www.greenpeace.ch\/fr\/wp-json\/wp\/v2\/media?parent=41598"}],"wp:term":[{"taxonomy":"category","embeddable":true,"href":"https:\/\/www.greenpeace.ch\/fr\/wp-json\/wp\/v2\/categories?post=41598"},{"taxonomy":"post_tag","embeddable":true,"href":"https:\/\/www.greenpeace.ch\/fr\/wp-json\/wp\/v2\/tags?post=41598"},{"taxonomy":"p4-page-type","embeddable":true,"href":"https:\/\/www.greenpeace.ch\/fr\/wp-json\/wp\/v2\/p4-page-type?post=41598"},{"taxonomy":"gpch-article-type","embeddable":true,"href":"https:\/\/www.greenpeace.ch\/fr\/wp-json\/wp\/v2\/gpch-article-type?post=41598"}],"curies":[{"name":"wp","href":"https:\/\/api.w.org\/{rel}","templated":true}]}}