{"id":45768,"date":"2020-04-29T10:24:30","date_gmt":"2020-04-29T08:24:30","guid":{"rendered":"https:\/\/www.greenpeace.ch\/?p=45768"},"modified":"2021-04-28T11:04:01","modified_gmt":"2021-04-28T09:04:01","slug":"covid-19-une-sortie-de-crise-durable-permet-de-creer-jusqua-70000-emplois","status":"publish","type":"post","link":"https:\/\/www.greenpeace.ch\/fr\/communique-de-presse\/45768\/covid-19-une-sortie-de-crise-durable-permet-de-creer-jusqua-70000-emplois\/","title":{"rendered":"Covid-19: une sortie de crise durable permet de cr\u00e9er jusqu&rsquo;\u00e0 70&rsquo;000 emplois"},"content":{"rendered":"\n<p><strong>Une analyse r\u00e9alis\u00e9e sur le mandat d&rsquo;energie-wende-ja et de Greenpeace Suisse montre les avantages d&rsquo;une relance de l&rsquo;\u00e9conomie respectueuse des enjeux climatiques de la Suisse. Avec un programme d&rsquo;impulsion de 16 milliards de francs et un programme de soutien \u00e0 la demande de 15 milliards de francs, environ 70 000 emplois peuvent \u00eatre cr\u00e9\u00e9s tout en mettant la Suisse sur les rails pour tenir les engagements de l&rsquo;Accord de Paris. Une application coh\u00e9rente de la v\u00e9rit\u00e9 des prix permet de r\u00e9duire les besoins en r\u00e9glementations et augmente consid\u00e9rablement l&rsquo;efficacit\u00e9 du programme de relance \u00e9conomique. Les investissements du programme d&rsquo;impulsion permettent de r\u00e9aliser des \u00e9conomies de plusieurs milliards de francs suisses par an pendant la prochaine d\u00e9cennie, en r\u00e9duisant l&rsquo;impact sur l&rsquo;environnement et la sant\u00e9, les co\u00fbts climatiques futurs et la d\u00e9pendance aux \u00e9nergies fossiles. Les deux auteurs, le Dr Ruedi Meier, pr\u00e9sident d&rsquo;energie-wende-ja et Walter Ott, \u00e9conomiste et ing\u00e9nieur \u00e9lectricien, sont convaincus qu&rsquo;une relance \u00e9conomique permettant d&rsquo;\u00e9voluer vers une \u00e9conomie bas carbone constitue un investissement positif pour surmonter la crise du coronavirus.<\/strong><\/p>\n\n<p>Le Conseil f\u00e9d\u00e9ral a pris des mesures imm\u00e9diates et appropri\u00e9es pour un montant de plus de 60 milliards de francs en faveur des secteurs, des entreprises et des travailleurs directement touch\u00e9s par la crise pour faire face \u00e0 la pand\u00e9mie du Covid-19. Certains secteurs d\u2019activit\u00e9, tels que l&rsquo;\u00e9conomie num\u00e9rique avec le t\u00e9l\u00e9travail, la vid\u00e9oconf\u00e9rence, l&rsquo;apprentissage en ligne ou les entreprises de logistique tireront des avantages de cette situation. Cependant, il serait illusoire de croire que les \u00e9normes probl\u00e8mes d&#8217;emploi g\u00e9n\u00e9r\u00e9s par le confinement pourraient \u00eatre r\u00e9solus uniquement par ces innovations.<\/p>\n\n<p>Les experts proposent un soutien \u00e0 la demande et un programme d&rsquo;impulsion cibl\u00e9 pour la p\u00e9riode 2020-2030, qui permettra \u00e0 la fois de cr\u00e9er des emplois et de r\u00e9duire les \u00e9missions de CO2. Dans le cas des b\u00e2timents, une nouvelle augmentation de l&rsquo;efficacit\u00e9 \u00e9nerg\u00e9tique ainsi qu&rsquo;un remplacement accru des syst\u00e8mes de chauffage fonctionnant avec des combustibles fossiles par des syst\u00e8mes utilisant des \u00e9nergies renouvelables seront encourag\u00e9s. Une expansion massive de la production de l&rsquo;\u00e9nergie solaire est \u00e9galement n\u00e9cessaire. Dans le domaine de la mobilit\u00e9, il faut am\u00e9liorer les transports publics gr\u00e2ce \u00e0 la num\u00e9risation et cr\u00e9er plus d&rsquo;espace pour la marche et le v\u00e9lo tout en augmentant le nombre de bornes de recharge \u00e9lectriques. L&rsquo;\u00e9conomie doit \u00e9galement \u00eatre davantage soutenue dans ses efforts pour atteindre plus de durabilit\u00e9.<\/p>\n\n<p><strong>Taxer le carbone pour compenser la chute des cours du p\u00e9trole<\/strong><\/p>\n\n<p>Les experts postulent que les conditions-cadres devraient \u00eatre adapt\u00e9es afin d&rsquo;appliquer la v\u00e9rit\u00e9 des prix de mani\u00e8re plus rigoureuse, r\u00e9duisant ainsi le co\u00fbt des subventions et de la bureaucratie. L&rsquo;augmentation de la taxe sur le CO2 \u00e0 150 francs par tonne de CO2 doit permettre de porter le prix des combustibles fossiles au niveau de d\u00e9but 2020 et d&rsquo;\u00e9viter de fausses incitations aux investissements dans le secteur. La redistribution des revenus assurera la compatibilit\u00e9 sociale et \u00e9conomique.<\/p>\n\n<p>Les mesures d&rsquo;urgence, apppliqu\u00e9es jusqu&rsquo;\u00e0 pr\u00e9sent, et les deux paquets de mesures (soutien de la demande et programme d&rsquo;impulsion 2020-2030) doivent \u00eatre financ\u00e9s par une cr\u00e9ation de monnaie \u00e0 hauteur de 100 milliards de francs par la Conf\u00e9d\u00e9ration et la Banque nationale suisse (BNS). Cela doit permettre d&rsquo;\u00e9viter une explosion de la dette publique, qui s&rsquo;accompagnerait in\u00e9vitablement d&rsquo;une r\u00e9duction des prestations et de la menace d&rsquo;une augmentation des imp\u00f4ts. L&rsquo;argent de la BNS profite ainsi directement \u00e0 l&rsquo;\u00e9conomie r\u00e9elle.<\/p>\n\n<p>Greenpeace Suisse a command\u00e9 cette analyse afin de soutenir les demandes de la p\u00e9tition \u00ab\u00a0<a href=\"http:\/\/Covid-19: le soutien apport\u00e9 \u00e0 l'\u00e9conomie doit tenir compte du climat\" target=\"_blank\" rel=\"noreferrer noopener\">Covid-19: le soutien apport\u00e9 \u00e0 l&rsquo;\u00e9conomie doit tenir compte du climat<\/a>\u00ab\u00a0. Ces revendications ont \u00e9t\u00e9 cosign\u00e9es par plus de 20 000 personnes et le texte sera symboliquement remis au Parlement suisse \u00e0 la veille de l&rsquo;ouverture de la session extraordinaire consacr\u00e9e \u00e0 la pand\u00e9mie lors d&rsquo;<a href=\"https:\/\/www.greenpeace.ch\/fr\/agir\/green-recovery-now\/\" target=\"_blank\" rel=\"noreferrer noopener\">une manifestation en ligne<\/a>. \u00ab\u00a0Ce programme permet de mettre la Suisse sur la voie d&rsquo;une \u00e9conomie respectueuse du climat au moment o\u00f9 elle en a le plus besoin\u00a0\u00bb, commente Georg Klingler, expert des questions climatiques pour Greenpeace Suisse. \u00ab\u00a0Cela permet aussi de garantir des b\u00e9n\u00e9fices \u00e0 long terme qui d\u00e9passent largement les co\u00fbts. Ralentir les efforts climatiques du pays, c&rsquo;est aller contre les int\u00e9r\u00eats de nos enfants. Investissons dans une relance durable et pr\u00e9parons-nous ainsi mieux aux crises futures\u00a0\u00bb.<\/p>\n\n<p><strong>Documentation:<\/strong><\/p>\n\n<p>Les documents relatifs \u00e0 cette analyse sont disponibles sur les sites <a href=\"http:\/\/www.greenpeace.ch\/covid-expertise\" target=\"_blank\" rel=\"noreferrer noopener\">www.greenpeace.ch\/covid-expertise<\/a> et <a href=\"http:\/\/www.energie-wende-ja.ch\" target=\"_blank\" rel=\"noreferrer noopener\">www.energie-wende-ja.ch<\/a>. (Le rapport et son r\u00e9sum\u00e9, ainsi que les fiches th\u00e9matiques d\u00e9taill\u00e9es des mesures sont en allemand)<\/p>\n\n<p><strong>Plus d&rsquo;informations :<\/strong><\/p>\n\n<p>Dr. Ruedi Meier, Pr\u00e9sident d&rsquo;energie-Wende-ja, ruedi.meier@bluewin.ch, 079 406 56 27. www.ruedimeier.ch<\/p>\n\n<p>Walter Ott, consultant principal pour les questions \u00e9conomiques et \u00e9nerg\u00e9tiques, ott.walter@pop.agri.ch, 079 317 88 15<\/p>\n\n<p>Georg Klingler, charg\u00e9 de campagne climat pour Greenpeace Suisse, georg.klingler@greenpeace.org, 079 785 07 38<\/p>\n","protected":false},"excerpt":{"rendered":"<p>Une analyse r\u00e9alis\u00e9e sur le mandat d&rsquo;energie-wende-ja et de Greenpeace Suisse montre les avantages d&rsquo;une relance de l&rsquo;\u00e9conomie respectueuse des enjeux climatiques de la Suisse.<\/p>\n","protected":false},"author":37,"featured_media":45775,"comment_status":"closed","ping_status":"closed","sticky":false,"template":"","format":"standard","meta":{"_acf_changed":false,"_planet4_optimize_post_is_variant":false,"_planet4_optimize_experiment_name":"","_planet4_optimize_variant_name":"","ep_exclude_from_search":false,"p4_og_title":"","p4_og_description":"","p4_og_image":"","p4_og_image_id":"","p4_seo_canonical_url":"","p4_campaign_name":"not set","p4_local_project":"not set","p4_basket_name":"not set","p4_department":"","footnotes":""},"categories":[22],"tags":[114,132,58],"p4-page-type":[73],"gpch-article-type":[],"class_list":["post-45768","post","type-post","status-publish","format-standard","has-post-thumbnail","hentry","category-non-classifiee","tag-finance-durable","tag-initiative-glaciers","tag-climat","p4-page-type-communique-de-presse"],"acf":[],"_links":{"self":[{"href":"https:\/\/www.greenpeace.ch\/fr\/wp-json\/wp\/v2\/posts\/45768","targetHints":{"allow":["GET"]}}],"collection":[{"href":"https:\/\/www.greenpeace.ch\/fr\/wp-json\/wp\/v2\/posts"}],"about":[{"href":"https:\/\/www.greenpeace.ch\/fr\/wp-json\/wp\/v2\/types\/post"}],"author":[{"embeddable":true,"href":"https:\/\/www.greenpeace.ch\/fr\/wp-json\/wp\/v2\/users\/37"}],"replies":[{"embeddable":true,"href":"https:\/\/www.greenpeace.ch\/fr\/wp-json\/wp\/v2\/comments?post=45768"}],"version-history":[{"count":0,"href":"https:\/\/www.greenpeace.ch\/fr\/wp-json\/wp\/v2\/posts\/45768\/revisions"}],"wp:featuredmedia":[{"embeddable":true,"href":"https:\/\/www.greenpeace.ch\/fr\/wp-json\/wp\/v2\/media\/45775"}],"wp:attachment":[{"href":"https:\/\/www.greenpeace.ch\/fr\/wp-json\/wp\/v2\/media?parent=45768"}],"wp:term":[{"taxonomy":"category","embeddable":true,"href":"https:\/\/www.greenpeace.ch\/fr\/wp-json\/wp\/v2\/categories?post=45768"},{"taxonomy":"post_tag","embeddable":true,"href":"https:\/\/www.greenpeace.ch\/fr\/wp-json\/wp\/v2\/tags?post=45768"},{"taxonomy":"p4-page-type","embeddable":true,"href":"https:\/\/www.greenpeace.ch\/fr\/wp-json\/wp\/v2\/p4-page-type?post=45768"},{"taxonomy":"gpch-article-type","embeddable":true,"href":"https:\/\/www.greenpeace.ch\/fr\/wp-json\/wp\/v2\/gpch-article-type?post=45768"}],"curies":[{"name":"wp","href":"https:\/\/api.w.org\/{rel}","templated":true}]}}