{"id":52133,"date":"2020-05-03T20:48:30","date_gmt":"2020-05-03T18:48:30","guid":{"rendered":"https:\/\/www.greenpeace.ch\/?p=52133"},"modified":"2020-05-03T20:48:33","modified_gmt":"2020-05-03T18:48:33","slug":"manifestation-en-ligne","status":"publish","type":"post","link":"https:\/\/www.greenpeace.ch\/fr\/communique-de-presse\/52133\/manifestation-en-ligne\/","title":{"rendered":"Covid-19: Des milliers de Suisses manifestent ensemble pour le climat malgr\u00e9 le confinement"},"content":{"rendered":"\n<p><strong>Plus de 2\u2019000 personnes ont pris part \u00e0 la manifestation en ligne #GreenRecoveryNow, pour une sortie de crise solidaire et durable, organis\u00e9e par Greenpeace Suisse. A la veille de l\u2019ouverture de la session extraordinaire du Parlement suisse, ce succ\u00e8s souligne l\u2019importance de ne pas perdre de vue les questions environnementales et sociales dans la mise en oeuvre de la relance \u00e9conomique apr\u00e8s la crise du coronavirus. C\u2019est d\u2019ailleurs la revendication principale de la p\u00e9tition lanc\u00e9e en mars par Greenpeace, et dont les plus de 22\u2019000 paraphes ont \u00e9t\u00e9 symboliquement remis au Parlement \u00e0 l\u2019occasion de cette manifestation en ligne. De nombreuses autres initiatives citoyennes allant dans le m\u00eame sens ont \u00e9merg\u00e9 ces derni\u00e8res semaines en Suisse.<\/strong><\/p>\n\n<p>Pr\u00e9sent\u00e9e par Alexia Tissi\u00e8res, une m\u00e9dia-activiste tr\u00e8s engag\u00e9e de Suisse romande et G\u00fclsha Adilji, une personnalit\u00e9 de la t\u00e9l\u00e9vision al\u00e9manique, la manifestation #GreenRecoveryNow se pr\u00e9sente comme une gigantesque vid\u00e9oconf\u00e9rence interactive, qui permet aux manifestants de se rassembler, de se voir et de s\u2019exprimer, sans enfreindre les r\u00e8gles de distanciation sociale. Plus de 2\u2019000 personnes ont ainsi pris part \u00e0 ce rassemblement \u00e0 la fois festif et militant, ponctu\u00e9 par des interventions d\u2019experts, des performances artistiques et des activit\u00e9s collectives.<\/p>\n\n<p>Les manifestants, ainsi que les quelque 22&rsquo;000 personnes qui soutiennent la p\u00e9tition \u00ab\u00a0<a href=\"https:\/\/www.greenpeace.ch\/fr\/agir\/covid19-economie-climat\/\" target=\"_blank\" rel=\"noreferrer noopener\">Covid-19: le soutien apport\u00e9 \u00e0 l&rsquo;\u00e9conomie doit tenir compte du climat<\/a>\u00ab\u00a0, demandent au Conseil f\u00e9d\u00e9ral, au Parlement et aux gouvernements cantonaux de mettre \u00e0 profit la reconstruction de l&rsquo;\u00e9conomie apr\u00e8s le d\u00e9confinement pour s&rsquo;engager sur la voie de la durabilit\u00e9 et de la protection du climat. Ils demandent explicitement que le soutien aux secteurs et aux entreprises qui \u00e9mettent beaucoup de gaz \u00e0 effet de serre, comme le secteur de l&rsquo;aviation, soit li\u00e9 \u00e0 des engagements contraignants sur la protection du climat. En outre, l&rsquo;abandon progressif des \u00e9nergies fossiles devrait \u00eatre acc\u00e9l\u00e9r\u00e9e par des investissements cibl\u00e9s, l&rsquo;agriculture devrait \u00eatre rendue plus r\u00e9sistante aux crises et la place financi\u00e8re suisse devrait devenir un pilier de la durabilit\u00e9. Apr\u00e8s tout, les acteurs de la place financi\u00e8re suisse financent toujours un r\u00e9chauffement climatique de 4 \u00e0 6\u00b0C cinq ans apr\u00e8s la Conf\u00e9rence de Paris sur le climat.<\/p>\n\n<p>\u00ab\u00a0La manifestation en ligne ainsi que les nombreuses prises de position de ces derni\u00e8res semaines ont montr\u00e9 une fois de plus que le mouvement climatique suisse est et restera tr\u00e8s fort\u00a0\u00bb, d\u00e9clare Georg Klingler, expert des questions climatiques de Greenpeace Suisse. \u00ab\u00a0Nous continuerons \u00e0 travailler jusqu&rsquo;\u00e0 ce qu&rsquo;une solution politique \u00e0 la crise climatique \u00e9merge qui soit \u00e0 la fois d\u00e9cisive et scientifiquement fond\u00e9e. Nous devons nous attaquer \u00e0 la question climatique et utiliser l&rsquo;argent de nos imp\u00f4ts \u00e0 bon escient pour l&rsquo;avenir de nos enfants. En investissant dans une meilleure protection du climat, nous pouvons cr\u00e9er des dizaines de milliers d&#8217;emplois et mettre enfin la Suisse sur les bons rails pour remplir les engagements pris dans l&rsquo;Accord de Paris\u00a0\u00bb.<\/p>\n\n<p>Retrouvez des photos et des vid\u00e9os de la manifestation sur <a href=\"http:\/\/media.greenpeace.org\/shoot\/27MDHUQZBF1\" target=\"_blank\" rel=\"noreferrer noopener\">media.greenpeace.org\/shoot\/27MDHUQZBF1<\/a><\/p>\n\n<p><strong>Plus d\u2019informations:<\/strong><br>Georg Klingler, charg\u00e9 de campagne climat pour Greenpeace Suisse, +41 79 785 07 38, georg.klingler@greenpeace.org, (R\u00e9ponse en allemand)<br>Mathias Schlegel, porte-parole pour Greenpeace Suisse, +41 79 794 61 23, mathias.schlegel@greenpeace.org<\/p>\n","protected":false},"excerpt":{"rendered":"<p>Plus de 2\u2019000 personnes ont pris part \u00e0 la manifestation en ligne #GreenRecoveryNow, pour une sortie de crise solidaire et durable, organis\u00e9e par Greenpeace Suisse.<\/p>\n","protected":false},"author":37,"featured_media":43636,"comment_status":"closed","ping_status":"closed","sticky":false,"template":"","format":"standard","meta":{"_acf_changed":false,"_planet4_optimize_post_is_variant":false,"_planet4_optimize_experiment_name":"","_planet4_optimize_variant_name":"","ep_exclude_from_search":false,"p4_og_title":"","p4_og_description":"","p4_og_image":"","p4_og_image_id":"","p4_seo_canonical_url":"","p4_campaign_name":"not set","p4_local_project":"not set","p4_basket_name":"not set","p4_department":"","footnotes":""},"categories":[22],"tags":[114,132,136,58],"p4-page-type":[73],"gpch-article-type":[],"class_list":["post-52133","post","type-post","status-publish","format-standard","has-post-thumbnail","hentry","category-non-classifiee","tag-finance-durable","tag-initiative-glaciers","tag-justice-climatique","tag-climat","p4-page-type-communique-de-presse"],"acf":[],"_links":{"self":[{"href":"https:\/\/www.greenpeace.ch\/fr\/wp-json\/wp\/v2\/posts\/52133","targetHints":{"allow":["GET"]}}],"collection":[{"href":"https:\/\/www.greenpeace.ch\/fr\/wp-json\/wp\/v2\/posts"}],"about":[{"href":"https:\/\/www.greenpeace.ch\/fr\/wp-json\/wp\/v2\/types\/post"}],"author":[{"embeddable":true,"href":"https:\/\/www.greenpeace.ch\/fr\/wp-json\/wp\/v2\/users\/37"}],"replies":[{"embeddable":true,"href":"https:\/\/www.greenpeace.ch\/fr\/wp-json\/wp\/v2\/comments?post=52133"}],"version-history":[{"count":0,"href":"https:\/\/www.greenpeace.ch\/fr\/wp-json\/wp\/v2\/posts\/52133\/revisions"}],"wp:featuredmedia":[{"embeddable":true,"href":"https:\/\/www.greenpeace.ch\/fr\/wp-json\/wp\/v2\/media\/43636"}],"wp:attachment":[{"href":"https:\/\/www.greenpeace.ch\/fr\/wp-json\/wp\/v2\/media?parent=52133"}],"wp:term":[{"taxonomy":"category","embeddable":true,"href":"https:\/\/www.greenpeace.ch\/fr\/wp-json\/wp\/v2\/categories?post=52133"},{"taxonomy":"post_tag","embeddable":true,"href":"https:\/\/www.greenpeace.ch\/fr\/wp-json\/wp\/v2\/tags?post=52133"},{"taxonomy":"p4-page-type","embeddable":true,"href":"https:\/\/www.greenpeace.ch\/fr\/wp-json\/wp\/v2\/p4-page-type?post=52133"},{"taxonomy":"gpch-article-type","embeddable":true,"href":"https:\/\/www.greenpeace.ch\/fr\/wp-json\/wp\/v2\/gpch-article-type?post=52133"}],"curies":[{"name":"wp","href":"https:\/\/api.w.org\/{rel}","templated":true}]}}