{"id":57346,"date":"2020-07-31T08:10:07","date_gmt":"2020-07-31T06:10:07","guid":{"rendered":"https:\/\/www.greenpeace.ch\/?p=57346"},"modified":"2020-07-31T08:22:35","modified_gmt":"2020-07-31T06:22:35","slug":"projection-pontdu-diable-crise-opportunite-de-batir-des-ponts","status":"publish","type":"post","link":"https:\/\/www.greenpeace.ch\/fr\/communique-de-presse\/57346\/projection-pontdu-diable-crise-opportunite-de-batir-des-ponts\/","title":{"rendered":"Projection vid\u00e9o au Pont du Diable : la crise, une opportunit\u00e9 de b\u00e2tir des ponts"},"content":{"rendered":"\n<p>Gorges de Sch\u00f6llenen \/ Uri, le 31 juillet 2020 &#8211; <strong>Des militants Greenpeace ont projet\u00e9 jeudi soir sur le l\u00e9gendaire Pont du Diable un arc-en-ciel et des messages de la chanteuse romande&nbsp;<a href=\"https:\/\/1708.seu.cleverreach.com\/cp\/39736456\/c5813a70c753-1fi6bkl\">Licia Chery<\/a>&nbsp;ainsi que du duo al\u00e9manique&nbsp;<a href=\"https:\/\/1708.seu.cleverreach.com\/cp\/39736457\/c5813a70c753-1fi6bkl\">Patti Basler<\/a>&nbsp;&amp;&nbsp;<a href=\"https:\/\/1708.seu.cleverreach.com\/cp\/39736458\/c5813a70c753-1fi6bkl\">Philippe Kuhn<\/a>. \u00c0 l\u2019approche de la f\u00eate nationale, ils ont rappel\u00e9 que la pand\u00e9mie de coronavirus est aussi l\u2019occasion d\u2019un changement de soci\u00e9t\u00e9, illustrant ainsi les r\u00e9sultats d\u2019une enqu\u00eate de Greenpeace Suisse sur le confinement.<\/strong><\/p>\n\n<p>A quelques heures du 1er ao\u00fbt, les d\u00e9fenseurs de l\u2019environnement ont projet\u00e9 un arc-en-ciel sur le Pont du Diable dans le canton d\u2019Uri \u00e0 la fronti\u00e8re du Tessin, mettant ainsi en lumi\u00e8re que cette pand\u00e9mie est aussi une occasion de repenser notre soci\u00e9t\u00e9, de b\u00e2tir des ponts entre les individus et avec la nature. La crise climatique et le d\u00e9clin de la biodiversit\u00e9 ne peuvent \u00eatre endigu\u00e9es qu\u2019en surmontant les foss\u00e9s de plus en plus profonds qui se creusent au sein de nos soci\u00e9t\u00e9s.&nbsp;<\/p>\n\n<p>La pand\u00e9mie et le confinement ont-ils \u00e9t\u00e9 un \u00e9l\u00e9ment d\u00e9clencheur, l\u2019opportunit\u00e9 de construire une Suisse plus juste sur un plan \u00e9cologique et social ? Une chose est claire : la pand\u00e9mie nous montre \u00e0 quel point nous sommes vuln\u00e9rables, \u00e0 quel point notre soci\u00e9t\u00e9 et notre monde sont vuln\u00e9rables. Comme toujours dans les situations difficiles, il y a cependant \u00e9galement des exp\u00e9riences et des enseignements qui nous aident \u00e0 avancer en tant qu&rsquo;individus et en tant que soci\u00e9t\u00e9. Les militants ont bas\u00e9 leur projection sur une&nbsp;<a href=\"https:\/\/1708.seu.cleverreach.com\/cp\/39736459\/c5813a70c753-1fi6bkl\">enqu\u00eate en ligne<\/a>&nbsp;men\u00e9e par Greenpeace Suisse juste \u00e0 la fin du confinement, \u00e0 laquelle 6\u2019000 personnes ont particip\u00e9. L&rsquo;organisation environnementale cherchait \u00e0 savoir comment cette p\u00e9riode a \u00e9t\u00e9 per\u00e7ue par le public et les changements que cette exp\u00e9rience sans pr\u00e9c\u00e9dent a provoqu\u00e9s.&nbsp;<\/p>\n\n<p><strong>Les Suisses ont manqu\u00e9 de peu de choses<\/strong><br>A la lecture des r\u00e9ponses, il s\u2019av\u00e8re que la plupart des personnes interrog\u00e9es ont manqu\u00e9 de contacts sociaux avec leur famille et leurs amis, mais de pas grand-chose d\u2019autre. Un grand nombre de participants ont m\u00eame qualifi\u00e9 la situation de positive : ils ont per\u00e7u la nature de mani\u00e8re plus intense, ont eu davantage de temps pour leurs enfants ou ont simplement appr\u00e9ci\u00e9 le calme suite \u00e0 la diminution du trafic. Beaucoup ont consid\u00e9rablement ralenti leur rythme de vie pendant le confinement. Une r\u00e9flexion sur la vie en g\u00e9n\u00e9ral ou sur leur propre situation a \u00e9t\u00e9 mentionn\u00e9e \u00e0 de nombreuses reprises.&nbsp;<\/p>\n\n<p>L&rsquo;artiste genevoise Licia Chery s\u2019est inspir\u00e9e des r\u00e9ponses pour cr\u00e9er la chanson&nbsp;<a href=\"https:\/\/1708.seu.cleverreach.com\/cp\/39736460\/c5813a70c753-1fi6bkl\">L&rsquo;\u00c9treinte<\/a>&nbsp;dont voici un extrait : \u00ab&nbsp;<em>Comment ne pas voir, comment ne pas croire, comment ne pas savoir? Le monde s&rsquo;est tu l&rsquo;espace d&rsquo;un instant. Le fleuve a parl\u00e9. Avons-nous \u00e9cout\u00e9? Calmons-nous, reposons-nous, ressour\u00e7ons-nous, \u00e9coutons-nous. La nature parle, les in\u00e9galit\u00e9s parlent, le ras-le-bol parle. Ecoutons-l\u00e0, \u00e9coutons-les, \u00e9coutons-nous<\/em>&nbsp;\u00bb. Quant au duo de cabarettistes Patti Basler &amp; Philippe Kuhn, ils ont \u00e9labor\u00e9&nbsp;<a href=\"https:\/\/1708.seu.cleverreach.com\/cp\/39736461\/c5813a70c753-1fi6bkl\">une oeuvre<\/a>&nbsp;originale : \u00ab<em>In der dunkelsten Stunde, isoliert in euren Wohnungen wie Helvetia in Europa, da schien es an nichts zu mangeln&#8230; Was man am meisten vermisse, sei weder die Hitze des Verbrennungsmotors, noch die Schw\u00fcle der Ferienreise. Nur die W\u00e4rme eines lieben Menschen<\/em>&nbsp;\u00bb.<\/p>\n\n<p>L\u2019organisation Greenpeace est convaincue qu&rsquo;il faut repenser la soci\u00e9t\u00e9, imaginer de nouveaux modes de vie en commun qui surmontent les clivages \u00e9cologiques et sociaux. Apr\u00e8s l\u2019\u00e9preuve de cette pand\u00e9mie et compte tenu des crises du climat et de la biodiversit\u00e9, un retour \u00e0 la vie d\u2019avant ne peut \u00eatre une option s\u00e9rieuse.<\/p>\n\n<p><strong>Documents<\/strong><br><a href=\"https:\/\/1708.seu.cleverreach.com\/cp\/39736462\/c5813a70c753-1fi6bkl\">Vid\u00e9o et photos de la projection<\/a><br><a href=\"https:\/\/1708.seu.cleverreach.com\/cp\/39736463\/c5813a70c753-1fi6bkl\">Synth\u00e8se de l&rsquo;enqu\u00eate<\/a>&nbsp;de Greenpeace Suisse<br>Les cr\u00e9ations (en vid\u00e9o) de&nbsp;<a href=\"https:\/\/1708.seu.cleverreach.com\/cp\/39736460\/c5813a70c753-1fi6bkl\">Licia Chery<\/a>&nbsp;et de&nbsp;<a href=\"https:\/\/1708.seu.cleverreach.com\/cp\/39736461\/c5813a70c753-1fi6bkl\">Patti Basler &amp; Philippe Kuhn<\/a><\/p>\n\n<p><strong>Contacts<\/strong><br>Licia Chery, auteure-compositrice-interpr\u00e8te,&nbsp;<a href=\"mailto:cerise@liciachery.com\">cerise@liciachery.com<\/a><\/p>\n\n<p>Florian Kasser, charg\u00e9 de campagne pour Greenpeace Suisse<br>+41 76 345 26 55,&nbsp;<a href=\"mailto:florian.kasser@greenpeace.org\">florian.kasser@greenpeace.org<\/a><\/p>\n\n<p>Fanny Eternod, porte-parole pour Greenpeace Suisse<br>+41 78 662 07 31,&nbsp;<a href=\"mailto:fanny.eternod@greenpeace.org\">fanny.eternod@greenpeace.org<\/a><\/p>\n","protected":false},"excerpt":{"rendered":"<p>Des militants Greenpeace ont projet\u00e9 sur le Pont du Diable un arc-en-ciel et des messages de la chanteuse romande Licia Chery ainsi que du duo al\u00e9manique Patti Basler &#038; Philippe Kuhn. \u00c0 l\u2019approche de la f\u00eate nationale, ils ont rappel\u00e9 que la pand\u00e9mie de coronavirus est aussi l\u2019occasion d\u2019un changement de soci\u00e9t\u00e9, illustrant ainsi les r\u00e9sultats d\u2019une enqu\u00eate de Greenpeace Suisse sur le confinement.<\/p>\n","protected":false},"author":76,"featured_media":57350,"comment_status":"closed","ping_status":"closed","sticky":false,"template":"","format":"standard","meta":{"_acf_changed":false,"_planet4_optimize_post_is_variant":false,"_planet4_optimize_experiment_name":"","_planet4_optimize_variant_name":"","ep_exclude_from_search":false,"p4_og_title":"","p4_og_description":"","p4_og_image":"","p4_og_image_id":"","p4_seo_canonical_url":"","p4_campaign_name":"not set","p4_local_project":"not set","p4_basket_name":"not set","p4_department":"","footnotes":""},"categories":[22],"tags":[60],"p4-page-type":[73],"gpch-article-type":[],"class_list":["post-57346","post","type-post","status-publish","format-standard","has-post-thumbnail","hentry","category-non-classifiee","tag-qui-sommes-nous","p4-page-type-communique-de-presse"],"acf":[],"_links":{"self":[{"href":"https:\/\/www.greenpeace.ch\/fr\/wp-json\/wp\/v2\/posts\/57346","targetHints":{"allow":["GET"]}}],"collection":[{"href":"https:\/\/www.greenpeace.ch\/fr\/wp-json\/wp\/v2\/posts"}],"about":[{"href":"https:\/\/www.greenpeace.ch\/fr\/wp-json\/wp\/v2\/types\/post"}],"author":[{"embeddable":true,"href":"https:\/\/www.greenpeace.ch\/fr\/wp-json\/wp\/v2\/users\/76"}],"replies":[{"embeddable":true,"href":"https:\/\/www.greenpeace.ch\/fr\/wp-json\/wp\/v2\/comments?post=57346"}],"version-history":[{"count":0,"href":"https:\/\/www.greenpeace.ch\/fr\/wp-json\/wp\/v2\/posts\/57346\/revisions"}],"wp:featuredmedia":[{"embeddable":true,"href":"https:\/\/www.greenpeace.ch\/fr\/wp-json\/wp\/v2\/media\/57350"}],"wp:attachment":[{"href":"https:\/\/www.greenpeace.ch\/fr\/wp-json\/wp\/v2\/media?parent=57346"}],"wp:term":[{"taxonomy":"category","embeddable":true,"href":"https:\/\/www.greenpeace.ch\/fr\/wp-json\/wp\/v2\/categories?post=57346"},{"taxonomy":"post_tag","embeddable":true,"href":"https:\/\/www.greenpeace.ch\/fr\/wp-json\/wp\/v2\/tags?post=57346"},{"taxonomy":"p4-page-type","embeddable":true,"href":"https:\/\/www.greenpeace.ch\/fr\/wp-json\/wp\/v2\/p4-page-type?post=57346"},{"taxonomy":"gpch-article-type","embeddable":true,"href":"https:\/\/www.greenpeace.ch\/fr\/wp-json\/wp\/v2\/gpch-article-type?post=57346"}],"curies":[{"name":"wp","href":"https:\/\/api.w.org\/{rel}","templated":true}]}}