{"id":68157,"date":"2021-06-01T11:34:31","date_gmt":"2021-06-01T09:34:31","guid":{"rendered":"https:\/\/www.greenpeace.ch\/?p=68157"},"modified":"2021-06-01T13:01:55","modified_gmt":"2021-06-01T11:01:55","slug":"traces-du-climat","status":"publish","type":"post","link":"https:\/\/www.greenpeace.ch\/fr\/story-fr\/68157\/traces-du-climat\/","title":{"rendered":"Traces du climat : une randonn\u00e9e fascinante \u00e0 travers la Suisse"},"content":{"rendered":"\n<p>Cette semaine, des militants climatiques se lancent dans une aventure hors du commun: \u00a0traverser la Suisse \u00e0 pieds sur les traces du r\u00e9chauffement climatique. Ils vont faire des \u00e9tapes dans tout le pays et animeront des activit\u00e9s et \u00e9v\u00e9nements ax\u00e9s sur les solutions \u00e0 la crise climatique. Cela permettra de mettre en lumi\u00e8re les nombreuses initiatives innovantes lanc\u00e9es en Suisse et les personnes qui les portent.<\/p>\n\n<p>La travers\u00e9e d\u00e9marre le 1er juin, dans le canton des Grisons, \u00e0 Ilanz. Elle se terminera \u00e0 Gen\u00e8ve, le 12 juillet. Entre les deux, il y a des centaines de kilom\u00e8tres, qui seront tous parcourus \u00e0 pied, par \u00e9tapes soigneusement planifi\u00e9es de quatre \u00e0 sept heures par jour. <a rel=\"noreferrer noopener\" href=\"https:\/\/klimaspuren.ch\/fr\/participer\/\" target=\"_blank\">Nous pouvons tous participer \u00e0 la marche ou profiter des \u00e9tapes.<\/a> <\/p>\n\n<p>Greenpeace Suisse est un partenaire de ce projet et participe \u00e0 l&rsquo;organisation de certains \u00e9v\u00e9nements. Georg Klingler, notre charg\u00e9 de campagne climat, participera \u00e0 une table ronde autour du th\u00e8me du tourisme \u00e0 l&rsquo;heure du r\u00e9chauffement climatique le 3 juin \u00e0 Coire.&nbsp; Le 8 juin, \u00e0 Trogen, Alexandra Gavilano, notre charg\u00e9e de campagne agriculture et climat, participe \u00e0 une table ronde concernant les votations du 13 juin et la n\u00e9cessit\u00e9 de changer le mod\u00e8le agricole actuel. Enfin, le 26 juin, Peter Haberstich, notre charg\u00e9 de campagne finance et climat, prend part \u00e0 une table ronde \u00e0 Soleure.<\/p>\n\n<p>Au total, il y a plus de 40 \u00e9v\u00e9nements et \u00e9tapes. <a rel=\"noreferrer noopener\" href=\"https:\/\/klimaspuren.ch\/route\/\" target=\"_blank\">Avec la carte de l&rsquo;itin\u00e9raire chacun peut facilement trouver les \u00e9v\u00e9nements qui se d\u00e9roulent pr\u00e8s de chez lui.<\/a> Il y a notamment des \u00e9tapes tr\u00e8s int\u00e9ressantes en Suisse romande. Le 3 juillet, par exemple, la marche fait \u00e9tape \u00e0 Cressier, vers midi, afin de s&rsquo;interroger sur l&rsquo;avenir de la raffinerie et du secteur p\u00e9trolier en Suisse. Le 7 juillet, les marcheurs visiteront la r\u00e9serve naturelle de la Grande Cari\u00e7aie \u00e0 Champ Pittet, pr\u00e8s d&rsquo;Yverdon, mais aussi le parc \u00e9olien du Mollendruz. Le lendemain ils feront \u00e9tape au Mormont afin de revenir sur le dossier de la carri\u00e8re d&rsquo;Holcim et de l&rsquo;occupation du site par des militants. L&rsquo;exp\u00e9dition se terminera \u00e0 Gen\u00e8ve le 12 juillet avec une conf\u00e9rence et un banquet.<\/p>\n\n<p>Les traces du climat est un projet porteur d&rsquo;espoir qui montre que la Suisse est pleine de solutions.<\/p>\n","protected":false},"excerpt":{"rendered":"<p>Cette semaine, des militants climatiques se lancent dans une aventure hors du commun:  traverser la Suisse \u00e0 pieds sur les traces du r\u00e9chauffement climatique. Ils vont faire des \u00e9tapes dans tout le pays et animeront des activit\u00e9s et \u00e9v\u00e9nements ax\u00e9s sur les solutions \u00e0 la crise climatique.<\/p>\n","protected":false},"author":37,"featured_media":68171,"comment_status":"closed","ping_status":"closed","sticky":false,"template":"","format":"standard","meta":{"_acf_changed":false,"_planet4_optimize_post_is_variant":false,"_planet4_optimize_experiment_name":"","_planet4_optimize_variant_name":"","ep_exclude_from_search":false,"p4_og_title":"","p4_og_description":"","p4_og_image":"","p4_og_image_id":"","p4_seo_canonical_url":"","p4_campaign_name":"not set","p4_local_project":"not set","p4_basket_name":"not set","p4_department":"","footnotes":""},"categories":[22],"tags":[58],"p4-page-type":[77],"gpch-article-type":[],"class_list":["post-68157","post","type-post","status-publish","format-standard","has-post-thumbnail","hentry","category-non-classifiee","tag-climat","p4-page-type-story-fr"],"acf":[],"_links":{"self":[{"href":"https:\/\/www.greenpeace.ch\/fr\/wp-json\/wp\/v2\/posts\/68157","targetHints":{"allow":["GET"]}}],"collection":[{"href":"https:\/\/www.greenpeace.ch\/fr\/wp-json\/wp\/v2\/posts"}],"about":[{"href":"https:\/\/www.greenpeace.ch\/fr\/wp-json\/wp\/v2\/types\/post"}],"author":[{"embeddable":true,"href":"https:\/\/www.greenpeace.ch\/fr\/wp-json\/wp\/v2\/users\/37"}],"replies":[{"embeddable":true,"href":"https:\/\/www.greenpeace.ch\/fr\/wp-json\/wp\/v2\/comments?post=68157"}],"version-history":[{"count":0,"href":"https:\/\/www.greenpeace.ch\/fr\/wp-json\/wp\/v2\/posts\/68157\/revisions"}],"wp:featuredmedia":[{"embeddable":true,"href":"https:\/\/www.greenpeace.ch\/fr\/wp-json\/wp\/v2\/media\/68171"}],"wp:attachment":[{"href":"https:\/\/www.greenpeace.ch\/fr\/wp-json\/wp\/v2\/media?parent=68157"}],"wp:term":[{"taxonomy":"category","embeddable":true,"href":"https:\/\/www.greenpeace.ch\/fr\/wp-json\/wp\/v2\/categories?post=68157"},{"taxonomy":"post_tag","embeddable":true,"href":"https:\/\/www.greenpeace.ch\/fr\/wp-json\/wp\/v2\/tags?post=68157"},{"taxonomy":"p4-page-type","embeddable":true,"href":"https:\/\/www.greenpeace.ch\/fr\/wp-json\/wp\/v2\/p4-page-type?post=68157"},{"taxonomy":"gpch-article-type","embeddable":true,"href":"https:\/\/www.greenpeace.ch\/fr\/wp-json\/wp\/v2\/gpch-article-type?post=68157"}],"curies":[{"name":"wp","href":"https:\/\/api.w.org\/{rel}","templated":true}]}}