{"id":70285,"date":"2021-07-09T11:30:57","date_gmt":"2021-07-09T09:30:57","guid":{"rendered":"https:\/\/www.greenpeace.ch\/article-de-magazine\/70285\/willkommen-bei-der-finance-greenwashing-show\/"},"modified":"2021-07-12T16:11:28","modified_gmt":"2021-07-12T14:11:28","slug":"greenwashing-investissements-plus-propres","status":"publish","type":"post","link":"https:\/\/www.greenpeace.ch\/fr\/story-fr\/70285\/greenwashing-investissements-plus-propres\/","title":{"rendered":"Greenwashing: Pour des investissements encore plus propres!"},"content":{"rendered":"\n<p><strong>T\u00e2ches de p\u00e9trole, traces de d\u00e9forestation, atteintes aux libert\u00e9s fondamentales: Greenwashing est l\u00e0 pour vous.<\/strong><\/p>\n\n<p id=\"video\"><strong>L&rsquo;offre en fonds d&rsquo;investissement dits durables est en plein essor. A quoi peuvent ressembler les publicit\u00e9s pour vanter les avantages de ces produits financiers et app\u00e2ter les investisseurs potentiels?&nbsp; \u00c0 \u00e7a?<\/strong><a name=\"video\"><\/a><\/p>\n\n<figure class=\"wp-block-embed is-type-video is-provider-youtube wp-block-embed-youtube wp-embed-aspect-16-9 wp-has-aspect-ratio\"><div class=\"wp-block-embed__wrapper\">\n<lite-youtube style=\"background-image: url('https:\/\/i.ytimg.com\/vi\/n8zK1xKRfU8\/hqdefault.jpg');\" videoid=\"n8zK1xKRfU8\" params=\"rel=0&#038;enablejsapi=1&#038;origin=https%3A%2F%2Fwww.greenpeace.ch&#038;cc_load_policy=1\"><\/lite-youtube>\n<\/div><\/figure>\n\n<h2 class=\"wp-block-heading\"><strong>Tout est super, tout est vert &#8211; o\u00f9 est le probl\u00e8me ?<\/strong><\/h2>\n\n<p>Non, tout n&rsquo;est pas super, et encore moins vert. La place financi\u00e8re suisse a un probl\u00e8me majeur : les fonds de placement dits durables ne le sont pas vraiment. <strong><a href=\"https:\/\/www.greenpeace.ch\/fr\/publication\/69237\/fonds-investissements-durables\/\">Une \u00e9tude<\/a> r\u00e9alis\u00e9e pour le compte de Greenpeace Suisse et Greenpeace Luxembourg, qui a examin\u00e9 un \u00e9chantillon repr\u00e9sentatif de fonds \u00ab\u00a0durables\u00a0\u00bb, n&rsquo;a pas pu d\u00e9montrer un impact durable significatif sur l&rsquo;\u00e9conomie.<\/strong><\/p>\n\n<p>Ce r\u00e9sultat surprendra m\u00eame les banquiers. Apr\u00e8s tout, la plupart d&rsquo;entre eux sont d&rsquo;avis qu&rsquo;ils sont sur la bonne voie. De nombreux fonds durables tiennent compte des crit\u00e8res dits ESG (environnement, social, gouvernance). Mais dans la grande majorit\u00e9 des cas, cette orientation n&rsquo;est pas suffisamment compl\u00e8te ou coh\u00e9rente pour g\u00e9n\u00e9rer r\u00e9ellement un impact durable.<\/p>\n\n<h2 class=\"wp-block-heading\"><strong>Durable = moins 1,5\u00b0C<\/strong><\/h2>\n\n<p>La place financi\u00e8re suisse est le plus grand gestionnaire d&rsquo;actifs au monde. Il existe donc un grand potentiel dans la conception de produits d&rsquo;investissement durables pour stimuler r\u00e9ellement la transformation de l&rsquo;\u00e9conomie. En effet, il faut promouvoir plus fortement les \u00e9nergies renouvelables, mettre en place de nouvelles m\u00e9thodes de construction, enrayer l&rsquo;effondrement de la biodiversit\u00e9, etc.<\/p>\n\n<p>Pour que cela se produise, il faudrait toutefois que l&rsquo;on sache clairement quel impact les fonds d&rsquo;investissement dits durables ont r\u00e9ellement sur l&rsquo;environnement et la soci\u00e9t\u00e9. Et pour cela, il faudrait que l&rsquo;impact climatique des affaires soutenues par ces fonds soient rendus publiques.<\/p>\n\n<p>Il est clair qu&rsquo;un fonds d&rsquo;investissement <strong>ne peut \u00eatre durable que s&rsquo;il est respectueux du climat. <\/strong>Concr\u00e8tement, cela signifie qu&rsquo;un fonds d&rsquo;investissement durable doit au minimum <strong>\u00eatre compatible avec les objectifs de l&rsquo;accord de Paris sur le climat<\/strong> et l&rsquo;objectif de limiter le r\u00e9chauffement de la plan\u00e8te \u00e0 1,5 degr\u00e9. Les objectifs de d\u00e9veloppement des Nations unies doivent \u00e9galement \u00eatre respect\u00e9s.<\/p>\n\n<h2 class=\"wp-block-heading\"><strong>Lettre ouverte<\/strong><\/h2>\n\n<p>Merci de signer et de faire signer notre lettre ouverte adress\u00e9es au Parlement et au Conseil f\u00e9d\u00e9ral pour faire en sorte que <strong>les investissements durables puissent effectivement r\u00e9allouer le capital vers des activit\u00e9s v\u00e9ritablement durables \u00e0 l&rsquo;avenir.\u00a0<\/strong> Des experts de renom soutiennent ces demandes en tant que premiers signataires.<\/p>\n\n<div class=\"wp-block-buttons is-layout-flex wp-block-buttons-is-layout-flex\">\n<div class=\"wp-block-button is-style-secondary\"><a class=\"wp-block-button__link\" href=\"https:\/\/www.greenpeace.ch\/fr\/agir\/lettre-ouverte-climat\/\" target=\"_blank\" rel=\"noreferrer noopener\">Signez la lettre ouverte<\/a><\/div>\n<\/div>\n","protected":false},"excerpt":{"rendered":"<p>T\u00e2ches de p\u00e9trole, traces de d\u00e9forestation, atteintes aux libert\u00e9s fondamentales: Greenwashing est l\u00e0 pour vous.<\/p>\n","protected":false},"author":99,"featured_media":70301,"comment_status":"closed","ping_status":"closed","sticky":false,"template":"","format":"standard","meta":{"_acf_changed":false,"_planet4_optimize_post_is_variant":false,"_planet4_optimize_experiment_name":"","_planet4_optimize_variant_name":"","ep_exclude_from_search":false,"p4_og_title":"","p4_og_description":"","p4_og_image":"","p4_og_image_id":"","p4_seo_canonical_url":"","p4_campaign_name":"not set","p4_local_project":"not set","p4_basket_name":"not set","p4_department":"","footnotes":""},"categories":[22],"tags":[114],"p4-page-type":[77],"gpch-article-type":[],"class_list":["post-70285","post","type-post","status-publish","format-standard","has-post-thumbnail","hentry","category-non-classifiee","tag-finance-durable","p4-page-type-story-fr"],"acf":[],"_links":{"self":[{"href":"https:\/\/www.greenpeace.ch\/fr\/wp-json\/wp\/v2\/posts\/70285","targetHints":{"allow":["GET"]}}],"collection":[{"href":"https:\/\/www.greenpeace.ch\/fr\/wp-json\/wp\/v2\/posts"}],"about":[{"href":"https:\/\/www.greenpeace.ch\/fr\/wp-json\/wp\/v2\/types\/post"}],"author":[{"embeddable":true,"href":"https:\/\/www.greenpeace.ch\/fr\/wp-json\/wp\/v2\/users\/99"}],"replies":[{"embeddable":true,"href":"https:\/\/www.greenpeace.ch\/fr\/wp-json\/wp\/v2\/comments?post=70285"}],"version-history":[{"count":0,"href":"https:\/\/www.greenpeace.ch\/fr\/wp-json\/wp\/v2\/posts\/70285\/revisions"}],"wp:featuredmedia":[{"embeddable":true,"href":"https:\/\/www.greenpeace.ch\/fr\/wp-json\/wp\/v2\/media\/70301"}],"wp:attachment":[{"href":"https:\/\/www.greenpeace.ch\/fr\/wp-json\/wp\/v2\/media?parent=70285"}],"wp:term":[{"taxonomy":"category","embeddable":true,"href":"https:\/\/www.greenpeace.ch\/fr\/wp-json\/wp\/v2\/categories?post=70285"},{"taxonomy":"post_tag","embeddable":true,"href":"https:\/\/www.greenpeace.ch\/fr\/wp-json\/wp\/v2\/tags?post=70285"},{"taxonomy":"p4-page-type","embeddable":true,"href":"https:\/\/www.greenpeace.ch\/fr\/wp-json\/wp\/v2\/p4-page-type?post=70285"},{"taxonomy":"gpch-article-type","embeddable":true,"href":"https:\/\/www.greenpeace.ch\/fr\/wp-json\/wp\/v2\/gpch-article-type?post=70285"}],"curies":[{"name":"wp","href":"https:\/\/api.w.org\/{rel}","templated":true}]}}