{"id":74889,"date":"2021-10-15T07:50:00","date_gmt":"2021-10-15T05:50:00","guid":{"rendered":"https:\/\/www.greenpeace.ch\/?p=74889"},"modified":"2021-10-12T14:05:00","modified_gmt":"2021-10-12T12:05:00","slug":"amazonie-vivre-pres-incendies","status":"publish","type":"post","link":"https:\/\/www.greenpeace.ch\/fr\/story-fr\/74889\/amazonie-vivre-pres-incendies\/","title":{"rendered":"Exp\u00e9dition en Amazonie : La dure r\u00e9alit\u00e9 de ceux qui vivent pr\u00e8s des incendies"},"content":{"rendered":"\n<p><strong>Les incendies et la d\u00e9forestation en Amazonie ont un impact d\u00e9vastateur sur la for\u00eat, la biodiversit\u00e9 et le climat mondial. Nous avons vu des nouvelles, des articles et des documentaires \u00e0 ce sujet. Mais on parle peu de l&rsquo;impact de cette destruction sur la vie des habitants de la r\u00e9gion. Pour moi, il n&rsquo;y a pas d&rsquo;exp\u00e9rience plus riche que d&rsquo;\u00eatre sur le terrain, de parler \u00e0 ces gens et d&rsquo;entendre leur r\u00e9alit\u00e9, parfois tr\u00e8s dure.<\/strong><\/p>\n\n<figure class=\"wp-block-image size-full\"><img loading=\"lazy\" decoding=\"async\" width=\"1024\" height=\"683\" src=\"https:\/\/www.greenpeace.ch\/wp-content\/uploads\/2021\/10\/c3db8796-a\u0301rea-queimada-ramal-km-12_la\u0301brea_nilmar-lage-14-1024x683-1.jpeg\" alt=\"\" class=\"wp-image-74892\" srcset=\"https:\/\/www.greenpeace.ch\/static\/planet4-switzerland-stateless\/2021\/10\/c3db8796-a\u0301rea-queimada-ramal-km-12_la\u0301brea_nilmar-lage-14-1024x683-1.jpeg 1024w, https:\/\/www.greenpeace.ch\/static\/planet4-switzerland-stateless\/2021\/10\/c3db8796-a\u0301rea-queimada-ramal-km-12_la\u0301brea_nilmar-lage-14-1024x683-1-300x200.jpeg 300w, https:\/\/www.greenpeace.ch\/static\/planet4-switzerland-stateless\/2021\/10\/c3db8796-a\u0301rea-queimada-ramal-km-12_la\u0301brea_nilmar-lage-14-1024x683-1-768x512.jpeg 768w, https:\/\/www.greenpeace.ch\/static\/planet4-switzerland-stateless\/2021\/10\/c3db8796-a\u0301rea-queimada-ramal-km-12_la\u0301brea_nilmar-lage-14-1024x683-1-510x340.jpeg 510w\" sizes=\"auto, (max-width: 1024px) 100vw, 1024px\" \/><figcaption>Cristiane Mazzetti, charg\u00e9e de campagne pour Greenpeace Br\u00e9sil, traverse une zone r\u00e9cemment br\u00fbl\u00e9e dans le sud de l&rsquo;Amazonie. \u00a9 Nilmar Lage \/ Greenpeace<\/figcaption><\/figure>\n\n<p>Pendant une semaine, j&rsquo;ai voyag\u00e9 avec une \u00e9quipe de Greenpeace Br\u00e9sil dans quelques municipalit\u00e9s de l&rsquo;Amazonie pour documenter la d\u00e9vastation, permise par le gouvernement de Bolsonaro, dans la r\u00e9gion.<\/p>\n\n<p>Nous avons commenc\u00e9 notre voyage \u00e0 Porto Velho. Le jour de notre arriv\u00e9e, la ville venait de recevoir la premi\u00e8re pluie cons\u00e9quente depuis plusieurs semaines. \u00a0\u00bb La semaine derni\u00e8re, nous ne pouvions m\u00eame pas voir le ciel, maintenant nous pouvons juste parce qu&rsquo;il a plu la semaine derni\u00e8re \u00ab\u00a0, ont d\u00e9clar\u00e9 les personnes qui vivent l\u00e0. La fum\u00e9e, qui emp\u00eache les habitants de la ville de voir le ciel et de respirer un air de bonne qualit\u00e9, est l&rsquo;une des raisons pour lesquelles nous nous sommes rendus sur place.<\/p>\n\n<figure class=\"wp-block-image size-full\"><img loading=\"lazy\" decoding=\"async\" width=\"1024\" height=\"767\" src=\"https:\/\/www.greenpeace.ch\/wp-content\/uploads\/2021\/10\/d11e227d-rio-madeira-queimada-ao-fundo_porto-velho_nilmar-lage-1024x767-1.jpeg\" alt=\"\" class=\"wp-image-74896\" srcset=\"https:\/\/www.greenpeace.ch\/static\/planet4-switzerland-stateless\/2021\/10\/d11e227d-rio-madeira-queimada-ao-fundo_porto-velho_nilmar-lage-1024x767-1.jpeg 1024w, https:\/\/www.greenpeace.ch\/static\/planet4-switzerland-stateless\/2021\/10\/d11e227d-rio-madeira-queimada-ao-fundo_porto-velho_nilmar-lage-1024x767-1-300x225.jpeg 300w, https:\/\/www.greenpeace.ch\/static\/planet4-switzerland-stateless\/2021\/10\/d11e227d-rio-madeira-queimada-ao-fundo_porto-velho_nilmar-lage-1024x767-1-768x575.jpeg 768w, https:\/\/www.greenpeace.ch\/static\/planet4-switzerland-stateless\/2021\/10\/d11e227d-rio-madeira-queimada-ao-fundo_porto-velho_nilmar-lage-1024x767-1-454x340.jpeg 454w\" sizes=\"auto, (max-width: 1024px) 100vw, 1024px\" \/><figcaption>On peut voir un foyer d&rsquo;incendie au loin, pr\u00e8s de la ville de Porto Velho. \u00c0 cette \u00e9poque de l&rsquo;ann\u00e9e, le ciel de la ville est g\u00e9n\u00e9ralement couvert de fum\u00e9e provenant des incendies en Amazonie. \u00a9 Nilmar Lage \/ Greenpeace<\/figcaption><\/figure>\n\n<p>Lors de notre visite \u00e0 Porto Velho, nous avons voulu comprendre comment les incendies affectent la sant\u00e9 et le bien-\u00eatre de la population. Nous avons interrog\u00e9 des chercheurs de l&rsquo;Institut de recherche en sant\u00e9 publique Fiocruz, de l&rsquo;Agence de surveillance sanitaire de l&rsquo;\u00c9tat Agevisa et un m\u00e9decin de l&rsquo;h\u00f4pital pour enfants local. Tous ont soulign\u00e9 que les incendies affectent la sant\u00e9 de la population, en particulier celle des enfants et des personnes \u00e2g\u00e9es, qui sont plus vuln\u00e9rables. Mais ils ont \u00e9galement soulign\u00e9 que la fum\u00e9e n&rsquo;affecte pas seulement les personnes vivant pr\u00e8s des incendies, mais aussi les personnes \u00e9loign\u00e9es, car la pollution se d\u00e9place avec le vent.<\/p>\n\n<p>Tous les habitants de Porto Velho parlent de la fum\u00e9e qui recouvre la ville chaque ann\u00e9e. Pendant les quelques jours o\u00f9 nous \u00e9tions l\u00e0, m\u00eame avec la pluie, nous avons vu des feux tr\u00e8s pr\u00e8s de la ville et l&rsquo;air \u00e9tait encore tr\u00e8s sec. Je ne pouvais m&#8217;emp\u00eacher de penser que c&rsquo;\u00e9tait inconcevable : une humidit\u00e9 aussi faible dans une ville situ\u00e9e juste \u00e0 c\u00f4t\u00e9 de la for\u00eat tropicale.<\/p>\n\n<p>Aidez-nous \u00e0 prot\u00e9ger l&rsquo;Amazonie et \u00e0 am\u00e9liorer les conditions de vie de la population br\u00e9silienne gr\u00e2ce \u00e0 un parrainage des for\u00eats.<\/p>\n\n<div class=\"wp-block-buttons is-layout-flex wp-block-buttons-is-layout-flex\">\n<div class=\"wp-block-button is-style-secondary\"><a class=\"wp-block-button__link\">Parrainer les for\u00eats<\/a><\/div>\n<\/div>\n","protected":false},"excerpt":{"rendered":"<p>Les incendies et la d\u00e9forestation en Amazonie ont un impact d\u00e9vastateur sur la for\u00eat, la biodiversit\u00e9 et le climat mondial. Nous avons vu des nouvelles, des articles et des documentaires \u00e0 ce sujet. Mais on parle peu de l&rsquo;impact de cette destruction sur la vie des habitants de la r\u00e9gion.<\/p>\n","protected":false},"author":38,"featured_media":74891,"comment_status":"closed","ping_status":"closed","sticky":false,"template":"","format":"standard","meta":{"_acf_changed":false,"_planet4_optimize_post_is_variant":false,"_planet4_optimize_experiment_name":"","_planet4_optimize_variant_name":"","ep_exclude_from_search":false,"p4_og_title":"","p4_og_description":"","p4_og_image":"","p4_og_image_id":"","p4_seo_canonical_url":"","p4_campaign_name":"not set","p4_local_project":"not set","p4_basket_name":"not set","p4_department":"","footnotes":""},"categories":[22],"tags":[66],"p4-page-type":[77],"gpch-article-type":[],"class_list":["post-74889","post","type-post","status-publish","format-standard","has-post-thumbnail","hentry","category-non-classifiee","tag-forets","p4-page-type-story-fr"],"acf":[],"_links":{"self":[{"href":"https:\/\/www.greenpeace.ch\/fr\/wp-json\/wp\/v2\/posts\/74889","targetHints":{"allow":["GET"]}}],"collection":[{"href":"https:\/\/www.greenpeace.ch\/fr\/wp-json\/wp\/v2\/posts"}],"about":[{"href":"https:\/\/www.greenpeace.ch\/fr\/wp-json\/wp\/v2\/types\/post"}],"author":[{"embeddable":true,"href":"https:\/\/www.greenpeace.ch\/fr\/wp-json\/wp\/v2\/users\/38"}],"replies":[{"embeddable":true,"href":"https:\/\/www.greenpeace.ch\/fr\/wp-json\/wp\/v2\/comments?post=74889"}],"version-history":[{"count":0,"href":"https:\/\/www.greenpeace.ch\/fr\/wp-json\/wp\/v2\/posts\/74889\/revisions"}],"wp:featuredmedia":[{"embeddable":true,"href":"https:\/\/www.greenpeace.ch\/fr\/wp-json\/wp\/v2\/media\/74891"}],"wp:attachment":[{"href":"https:\/\/www.greenpeace.ch\/fr\/wp-json\/wp\/v2\/media?parent=74889"}],"wp:term":[{"taxonomy":"category","embeddable":true,"href":"https:\/\/www.greenpeace.ch\/fr\/wp-json\/wp\/v2\/categories?post=74889"},{"taxonomy":"post_tag","embeddable":true,"href":"https:\/\/www.greenpeace.ch\/fr\/wp-json\/wp\/v2\/tags?post=74889"},{"taxonomy":"p4-page-type","embeddable":true,"href":"https:\/\/www.greenpeace.ch\/fr\/wp-json\/wp\/v2\/p4-page-type?post=74889"},{"taxonomy":"gpch-article-type","embeddable":true,"href":"https:\/\/www.greenpeace.ch\/fr\/wp-json\/wp\/v2\/gpch-article-type?post=74889"}],"curies":[{"name":"wp","href":"https:\/\/api.w.org\/{rel}","templated":true}]}}