{"id":77091,"date":"2021-11-16T05:00:00","date_gmt":"2021-11-16T04:00:00","guid":{"rendered":"https:\/\/www.greenpeace.ch\/?p=77091"},"modified":"2025-06-25T14:33:34","modified_gmt":"2025-06-25T12:33:34","slug":"demarche-environnement-suisse","status":"publish","type":"post","link":"https:\/\/www.greenpeace.ch\/fr\/story-fr\/77091\/demarche-environnement-suisse\/","title":{"rendered":"Droit \u00e0 la r\u00e9paration : une d\u00e9marche en faveur de l\u2019environnement largement soutenue par la population suisse"},"content":{"rendered":"\n<p><strong><strong>La crise environnementale actuelle est la cons\u00e9quence directe d\u2019une surexploitation des ressources et d\u2019une surproduction de d\u00e9chets. A l\u2019approche du Black Friday, un sondage de GFS-Z\u00fcrich indique pourtant que la population suisse est clairement dispos\u00e9e \u00e0 r\u00e9parer ou faire r\u00e9parer davantage ses biens d\u00e9fectueux au lieu d\u2019en racheter de nouveaux. Une approche positive pour prot\u00e9ger l\u2019environnement qui se heurte \u00e0 divers obstacles&nbsp;: 76% des personnes interrog\u00e9es rel\u00e8vent le co\u00fbt \u00e9lev\u00e9 des r\u00e9parations et 72% l\u2019impossibilit\u00e9 technique (pi\u00e8ces de rechange indisponibles, etc.). Greenpeace Suisse demande donc l\u2019introduction d\u2019un droit \u00e0 la r\u00e9paration, afin de permettre \u00e0 chacun\u00b7e de choisir o\u00f9, \u00e0 quel prix et dans quelle mesure un objet d\u00e9fectueux doit pouvoir \u00eatre r\u00e9par\u00e9.<\/strong><\/strong><\/p>\n<div class=\"action-divider\">\n\t\t\t<p class=\"action-divider-text\"><span class=\"dashicons-before no-icon\"><\/span> Faites entendre votre voix pour le droit \u00e0 la r\u00e9paration!<\/p>\n\t\t<div class=\"wp-block-buttons is-content-justification-center is-layout-flex wp-container-core-buttons-is-layout-1 wp-block-buttons-is-layout-flex\">\n\t\t\t<div class=\"wp-block-button is-style-cta\"><a class=\"wp-block-button__link wp-element-button\" href=\"https:\/\/www.greenpeace.ch\/fr\/agir\/droit-reparation\/\" target=\"_self\">Signez la p\u00e9tition<\/a><\/div>\n\t\t<\/div>\n\t<\/div>\n\n<p>Le Black Friday et son cort\u00e8ge d\u2019offres promotionnelles est devenu l\u2019un des embl\u00e8mes de notre soci\u00e9t\u00e9 de surconsommation. Dans un syst\u00e8me o\u00f9 tout est constamment remplac\u00e9 par du neuf, la r\u00e9paration semble \u00eatre tomb\u00e9e en d\u00e9su\u00e9tude. Loin de l\u2019image poussi\u00e9reuse qu\u2019on veut bien lui donner, la r\u00e9paration est une solution d\u2019avenir. Elle permet de prolonger la dur\u00e9e de vie d\u2019un bien et ainsi d\u2019\u00e9viter l\u2019utilisation de nouvelles ressources tout en diminuant la quantit\u00e9 de d\u00e9chets. Cette d\u00e9marche s\u2019inscrit au c\u0153ur de l\u2019\u00e9conomie circulaire, trop souvent cantonn\u00e9e dans notre pays au seul recyclage qui a atteint ses limites.&nbsp;<\/p>\n\n<h2 class=\"wp-block-heading\"><strong><strong>Un soutien cons\u00e9quent des Suisses en faveur de la r\u00e9paration<\/strong><\/strong><\/h2>\n\n<p>Un sondage repr\u00e9sentatif r\u00e9alis\u00e9 par l\u2019institut GFS-Zurich en octobre indique que la population suisse est dispos\u00e9e \u00e0 r\u00e9parer davantage ses biens de consommation d\u00e9fectueux. Quelle que soit la cat\u00e9gorie, les sond\u00e9\u00b7e\u00b7s montrent une propension importante \u00e0 r\u00e9parer davantage (87% les montres et bijoux, 75% le mobilier, 70% les appareils m\u00e9nagers, 69% les smartphones, 56% les v\u00eatements et chaussures, 52% les jouets).&nbsp;<\/p>\n\n<h2 class=\"wp-block-heading\"><strong><strong>Obstacles \u00e0 surmonter et mesures \u00e0 prendre<\/strong><\/strong><\/h2>\n\n<p>De nombreux freins bloquent encore l&rsquo;acc\u00e8s \u00e0 la r\u00e9paration et l&#8217;emp\u00eachent de devenir une tendance de fond. En premier lieu, le prix \u00e9lev\u00e9 des r\u00e9parations, un argument mentionn\u00e9 par 76% des personnes interrog\u00e9es. Second obstacle pour 72% des sond\u00e9\u00b7e\u00b7s, l\u2019impossibilit\u00e9 technique : entre le manque de pi\u00e8ces de rechanges ou d\u2019outils sp\u00e9cifiques et l\u2019utilisation de colle qui emp\u00eache tout d\u00e9montage, les raisons sont multiples. A cela s\u2019ajoute qu\u2019il est difficile d\u2019organiser une r\u00e9paration (56%). Trouver un prestataire et arranger la prise en charge de l\u2019appareil n\u00e9cessite davantage de temps qu\u2019une simple commande en ligne pour un objet neuf.<\/p>\n\n<p>Corollaire direct \u00e0 ces obstacles, les mesures en faveur de la r\u00e9parabilit\u00e9 des produits rencontrent un accueil tr\u00e8s favorable aupr\u00e8s du public. 93% approuvent l\u2019id\u00e9e que les pi\u00e8ces de rechange soient mises \u00e0 disposition pendant dix ans au moins apr\u00e8s l\u2019achat. La Suisse a fait un premier pas en ce sens en reprenant pour six groupes de produits les dispositions de l&rsquo;Union europ\u00e9enne qui obligent fabricants et distributeurs \u00e0 garantir la disponibilit\u00e9 des pi\u00e8ces de rechange. 94% sont favorables \u00e0 un soutien financier en faveur de la r\u00e9paration, 91% d\u2019accord pour obliger fabricants et distributeurs \u00e0 mettre des appareils r\u00e9parables sur le march\u00e9. Ici, la Suisse ne conna\u00eet pas de disposition l\u00e9gale en ce sens, rel\u00e9guant le pays \u00e0 la tra\u00eene en comparaison europ\u00e9enne. Ils sont m\u00eame 88% \u00e0 affirmer \u00eatre pr\u00eats \u00e0 payer plus pour un appareil ou un objet s\u2019ils ont la certitude qu\u2019il est r\u00e9parable, un plaidoyer en faveur d\u2019une d\u00e9claration du degr\u00e9 de r\u00e9parabilit\u00e9.<\/p>\n\n<h2 class=\"wp-block-heading\"><strong><strong>Droit \u00e0 la r\u00e9paration<\/strong><\/strong><\/h2>\n\n<p>Ces r\u00e9sultats attestent d\u2019un large soutien de la population \u00e0 des changements dans ce domaine. La Suisse ayant malheureusement une empreinte \u00e9cologique tr\u00e8s \u00e9lev\u00e9e en comparaison internationale, augmenter la dur\u00e9e de vie des biens de consommation est une contribution importante \u00e0 la protection de l\u2019environnement. \u00ab&nbsp;R\u00e9parer nos objets et nos appareils est l\u2019une des solutions pour prolonger leur dur\u00e9e de vie et constitue un pilier central d\u2019une \u00e9conomie dite circulaire, o\u00f9 l\u2019on cherche \u00e0 r\u00e9duire l\u2019utilisation de ressources et d\u2019\u00e9nergie. Nous appelons l\u2019ensemble des acteurs du syst\u00e8me \u00e0 garantir un droit \u00e0 la r\u00e9paration et \u00e0 contribuer ainsi significativement \u00e0 cette circularit\u00e9. Cela constituerait en soi un progr\u00e8s majeur en mati\u00e8re de gestion de nos ressources&nbsp;\u00bb indique Florian Kasser, expert z\u00e9ro d\u00e9chet pour Greenpeace Suisse.&nbsp;<\/p>\n\n<p>Greenpeace Suisse lance d\u00e8s \u00e0 pr\u00e9sent sa campagne pour l\u2019introduction d\u2019un droit \u00e0 la r\u00e9paration et demande aux d\u00e9cideurs politiques, fabricants et distributeurs de produits de&nbsp;:<\/p>\n\n<ul class=\"wp-block-list\"><li>garantir la mise sur le march\u00e9 de produits r\u00e9parables&nbsp;;&nbsp;<\/li><li>garantir un acc\u00e8s aux pi\u00e8ces de rechange et aux informations techniques&nbsp;;<\/li><li>encourager une culture du r\u00e9parable.<\/li><\/ul>\n\n<p>Greenpeace plaide pour que le droit \u00e0 la r\u00e9paration s\u2019inscrive dans la r\u00e9vision de la Loi sur la protection de l\u2019environnement, mise en consultation par la Commission de l\u2019environnement du Conseil national d\u00e9but novembre. Cette r\u00e9vision devrait poser les jalons d\u2019une \u00e9conomie circulaire et ainsi faire \u00e9voluer la gestion des ressources et des d\u00e9chets.&nbsp;<\/p>\n\n<p>De son c\u00f4t\u00e9, le grand public est invit\u00e9 \u00e0 signer la p\u00e9tition. Si consommer de mani\u00e8re r\u00e9fl\u00e9chie (\u00ab\u00a0en ai-je vraiment besoin?\u00a0\u00bb) est la premi\u00e8re \u00e9tape pour contrer la surconsommation, r\u00e9parer est un levier important pour passer d&rsquo;une culture du tout jetable \u00e0 une revalorisation des produits.&nbsp;<\/p>\n\n<div class=\"wp-block-buttons is-layout-flex wp-block-buttons-is-layout-flex\">\n<div class=\"wp-block-button is-style-secondary\"><a class=\"wp-block-button__link\" href=\"https:\/\/www.greenpeace.ch\/fr\/agir\/droit-reparation\/\">Signez la p\u00e9tition<\/a><\/div>\n<\/div>\n\n<p><\/p>\n","protected":false},"excerpt":{"rendered":"<p>La crise environnementale actuelle est la cons\u00e9quence directe d\u2019une surexploitation des ressources et d\u2019une surproduction de d\u00e9chets. A l\u2019approche du Black Friday, un sondage de GFS-Z\u00fcrich indique pourtant que la population suisse est clairement dispos\u00e9e \u00e0 r\u00e9parer ou faire r\u00e9parer davantage ses biens d\u00e9fectueux au lieu d\u2019en racheter de nouveaux. <\/p>\n","protected":false},"author":50,"featured_media":77086,"comment_status":"closed","ping_status":"closed","sticky":false,"template":"","format":"standard","meta":{"_acf_changed":false,"_planet4_optimize_post_is_variant":false,"_planet4_optimize_experiment_name":"","_planet4_optimize_variant_name":"","ep_exclude_from_search":false,"p4_og_title":"","p4_og_description":"","p4_og_image":"","p4_og_image_id":"","p4_seo_canonical_url":"","p4_campaign_name":"not set","p4_local_project":"not set","p4_basket_name":"not set","p4_department":"","footnotes":""},"categories":[22,149],"tags":[74],"p4-page-type":[77],"gpch-article-type":[],"class_list":["post-77091","post","type-post","status-publish","format-standard","has-post-thumbnail","hentry","category-non-classifiee","category-zero-waste-fr","tag-zero-dechet","p4-page-type-story-fr"],"acf":[],"_links":{"self":[{"href":"https:\/\/www.greenpeace.ch\/fr\/wp-json\/wp\/v2\/posts\/77091","targetHints":{"allow":["GET"]}}],"collection":[{"href":"https:\/\/www.greenpeace.ch\/fr\/wp-json\/wp\/v2\/posts"}],"about":[{"href":"https:\/\/www.greenpeace.ch\/fr\/wp-json\/wp\/v2\/types\/post"}],"author":[{"embeddable":true,"href":"https:\/\/www.greenpeace.ch\/fr\/wp-json\/wp\/v2\/users\/50"}],"replies":[{"embeddable":true,"href":"https:\/\/www.greenpeace.ch\/fr\/wp-json\/wp\/v2\/comments?post=77091"}],"version-history":[{"count":1,"href":"https:\/\/www.greenpeace.ch\/fr\/wp-json\/wp\/v2\/posts\/77091\/revisions"}],"predecessor-version":[{"id":121324,"href":"https:\/\/www.greenpeace.ch\/fr\/wp-json\/wp\/v2\/posts\/77091\/revisions\/121324"}],"wp:featuredmedia":[{"embeddable":true,"href":"https:\/\/www.greenpeace.ch\/fr\/wp-json\/wp\/v2\/media\/77086"}],"wp:attachment":[{"href":"https:\/\/www.greenpeace.ch\/fr\/wp-json\/wp\/v2\/media?parent=77091"}],"wp:term":[{"taxonomy":"category","embeddable":true,"href":"https:\/\/www.greenpeace.ch\/fr\/wp-json\/wp\/v2\/categories?post=77091"},{"taxonomy":"post_tag","embeddable":true,"href":"https:\/\/www.greenpeace.ch\/fr\/wp-json\/wp\/v2\/tags?post=77091"},{"taxonomy":"p4-page-type","embeddable":true,"href":"https:\/\/www.greenpeace.ch\/fr\/wp-json\/wp\/v2\/p4-page-type?post=77091"},{"taxonomy":"gpch-article-type","embeddable":true,"href":"https:\/\/www.greenpeace.ch\/fr\/wp-json\/wp\/v2\/gpch-article-type?post=77091"}],"curies":[{"name":"wp","href":"https:\/\/api.w.org\/{rel}","templated":true}]}}