{"id":78483,"date":"2021-12-06T06:00:00","date_gmt":"2021-12-06T05:00:00","guid":{"rendered":"https:\/\/www.greenpeace.ch\/article-de-magazine\/78483\/greenpeace-schweiz-erstellt-ihre-erste-gemeinwohlbilanz\/"},"modified":"2022-12-07T11:25:29","modified_gmt":"2022-12-07T10:25:29","slug":"greenpeace-premier-bilan-commun","status":"publish","type":"post","link":"https:\/\/www.greenpeace.ch\/fr\/story-fr\/78483\/greenpeace-premier-bilan-commun\/","title":{"rendered":"Greenpeace Suisse \u00e9tablit son premier bilan de bien commun"},"content":{"rendered":"\n<p><strong><strong><strong>C&rsquo;est la premi\u00e8re fois que Greenpeace Suisse a \u00e9tabli un <\/strong><a href=\"https:\/\/gwoe.ch\/resume-en-francais\/\"><strong>bilan pour le bien commun<\/strong><\/a><strong> sur les ann\u00e9es 2019 et 2020. Nous voulions savoir jusqu&rsquo;\u00e0 quel point nous tenons nous-m\u00eames en tant qu&rsquo;organisation ce que nous exigeons des autres en tant qu&rsquo;organisation \u00e9cologiste&nbsp;: durabilit\u00e9 \u00e9cologique, justice sociale, dignit\u00e9 de la personne humaine et beaucoup d&rsquo;autres sujets.&nbsp;<\/strong><\/strong><\/strong><\/p>\n\n<p>&nbsp;Nous avons aussi voulu d\u00e9terminer quels sont les secteurs dans lesquels nous pouvons nous am\u00e9liorer. Greenpeace veut \u00e9galement \u00eatre pionni\u00e8re en la mati\u00e8re et s&rsquo;engager pour un mod\u00e8le \u00e9conomique et de r\u00e9flexion qui ne se concentre pas sur les gains en capitaux, mais le bien commun et le fait que toute la population vive bien. Nous voulons une transformation en direction d&rsquo;un avenir viable pour toutes et tous dans les <a href=\"https:\/\/www.stockholmresilience.org\/research\/planetary-boundaries.html\">limites plan\u00e9taires<\/a>.<\/p>\n\n<p>Le mauvais pilotage fondamental du syst\u00e8me \u00e9conomique actuel est une des causes des probl\u00e8mes environnementaux plan\u00e9taires, le fait de mesurer le succ\u00e8s \u00e9conomique uniquement aux gains en capitaux ou en fonction d&rsquo;autres param\u00e8tres financiers. L&rsquo;argent \u00e9tait un outil \u00e9conomique, il est devenu le but de l&rsquo;\u00e9conomie avec des cons\u00e9quences fatales pour la population humaine et son environnement. Le succ\u00e8s financier et la maximisation des profits \u00e0 tous les niveaux ne doivent plus \u00eatre le seul but de l&rsquo;\u00e9conomie.&nbsp;<\/p>\n\n<p>L&rsquo;augmentation du bien commun, d&rsquo;une vie agr\u00e9able, doit \u00eatre au centre des activit\u00e9s \u00e9conomiques. En se basant sur les valeurs que sont la solidarit\u00e9, la dignit\u00e9 de la personne, la durabilit\u00e9 \u00e9cologique, la justice sociale, la transparence et la participation, l&rsquo;\u00e9conomie du bien commun a d\u00e9velopp\u00e9 un mod\u00e8le qui a de l&rsquo;avenir et que Greenpeace consid\u00e8re comme \u00e9tant digne d&rsquo;\u00eatre soutenu.<\/p>\n\n<p>C&rsquo;est pour cela que nous avons d\u00e9cid\u00e9 pour la premi\u00e8re d&rsquo;\u00e9tablir un bilan pour le bien commun. Les r\u00e9sultats se trouvent dans la <a href=\"https:\/\/www.greenpeace.ch\/static\/planet4-switzerland-stateless\/2021\/12\/0a824972-2021_kurzfassung_gemeinwohlbilanz_gpch_franz_def.pdf\"><strong>version abr\u00e9g\u00e9e<\/strong><\/a> de notre premier bilan pour le bien commun. Le bilan complet de Greenpeace pour le bien commun est disponible sur demande en format PDF <em>(uniquement en allemand)<\/em>. Merci de contacter&nbsp;: <a href=\"http:\/\/.\/mailto%C2%A0:ahauri@greenpeace.org\">ahauri@greenpeace.org<\/a> ou <a href=\"http:\/\/.\/mailto%C2%A0:info@greenpeace.org\">info@greenpeace.ch<\/a><\/p>\n","protected":false},"excerpt":{"rendered":"<p>C&rsquo;est la premi\u00e8re fois que Greenpeace Suisse a \u00e9tabli un bilan pour le bien commun sur les ann\u00e9es 2019 et 2020. <\/p>\n","protected":false},"author":89,"featured_media":78281,"comment_status":"closed","ping_status":"closed","sticky":false,"template":"","format":"standard","meta":{"_acf_changed":false,"_planet4_optimize_post_is_variant":false,"_planet4_optimize_experiment_name":"","_planet4_optimize_variant_name":"","ep_exclude_from_search":false,"p4_og_title":"","p4_og_description":"","p4_og_image":"","p4_og_image_id":"","p4_seo_canonical_url":"","p4_campaign_name":"not set","p4_local_project":"not set","p4_basket_name":"not set","p4_department":"","footnotes":""},"categories":[22],"tags":[230,60],"p4-page-type":[77],"gpch-article-type":[],"class_list":["post-78483","post","type-post","status-publish","format-standard","has-post-thumbnail","hentry","category-non-classifiee","tag-change-fr","tag-qui-sommes-nous","p4-page-type-story-fr"],"acf":[],"_links":{"self":[{"href":"https:\/\/www.greenpeace.ch\/fr\/wp-json\/wp\/v2\/posts\/78483","targetHints":{"allow":["GET"]}}],"collection":[{"href":"https:\/\/www.greenpeace.ch\/fr\/wp-json\/wp\/v2\/posts"}],"about":[{"href":"https:\/\/www.greenpeace.ch\/fr\/wp-json\/wp\/v2\/types\/post"}],"author":[{"embeddable":true,"href":"https:\/\/www.greenpeace.ch\/fr\/wp-json\/wp\/v2\/users\/89"}],"replies":[{"embeddable":true,"href":"https:\/\/www.greenpeace.ch\/fr\/wp-json\/wp\/v2\/comments?post=78483"}],"version-history":[{"count":0,"href":"https:\/\/www.greenpeace.ch\/fr\/wp-json\/wp\/v2\/posts\/78483\/revisions"}],"wp:featuredmedia":[{"embeddable":true,"href":"https:\/\/www.greenpeace.ch\/fr\/wp-json\/wp\/v2\/media\/78281"}],"wp:attachment":[{"href":"https:\/\/www.greenpeace.ch\/fr\/wp-json\/wp\/v2\/media?parent=78483"}],"wp:term":[{"taxonomy":"category","embeddable":true,"href":"https:\/\/www.greenpeace.ch\/fr\/wp-json\/wp\/v2\/categories?post=78483"},{"taxonomy":"post_tag","embeddable":true,"href":"https:\/\/www.greenpeace.ch\/fr\/wp-json\/wp\/v2\/tags?post=78483"},{"taxonomy":"p4-page-type","embeddable":true,"href":"https:\/\/www.greenpeace.ch\/fr\/wp-json\/wp\/v2\/p4-page-type?post=78483"},{"taxonomy":"gpch-article-type","embeddable":true,"href":"https:\/\/www.greenpeace.ch\/fr\/wp-json\/wp\/v2\/gpch-article-type?post=78483"}],"curies":[{"name":"wp","href":"https:\/\/api.w.org\/{rel}","templated":true}]}}