{"id":79688,"date":"2022-01-18T13:47:05","date_gmt":"2022-01-18T12:47:05","guid":{"rendered":"https:\/\/www.greenpeace.ch\/?p=79688"},"modified":"2025-05-05T12:05:31","modified_gmt":"2025-05-05T10:05:31","slug":"felix-tenger-reparer","status":"publish","type":"post","link":"https:\/\/www.greenpeace.ch\/fr\/story-fr\/79688\/felix-tenger-reparer\/","title":{"rendered":"Felix Tenger : r\u00e9parer pour sortir de la culture du jetable"},"content":{"rendered":"\n<p><em>\u00ab\u00a0Je veux montrer aux gens qu&rsquo;il est possible de faire autrement\u00a0\u00bb.<\/em><\/p>\n\n<p><strong>Dans le cadre de notre campagne pour un droit \u00e0 la r\u00e9paration et \u00e0 une consommation respectueuse de notre plan\u00e8te, nous sommes all\u00e9s \u00e0 la d\u00e9couverte de ces passionn\u00e9\u00b7e\u00b7s qui s\u2019engagent au quotidien pour pr\u00e9server nos ressources, car nous consommons trop &#8211; et jetons trop. L&rsquo;\u00e9conomie circulaire est un levier important pour sortir de cette culture du jetable. Pour ce deuxi\u00e8me portrait, rencontre avec Felix Tenger, b\u00e9n\u00e9vole au Repair Caf\u00e9 de Suhr en Argovie.<\/strong><\/p>\n\n<h2 class=\"wp-block-heading\"><strong><strong>TROIS QUESTIONS \u00c0 FELIX&nbsp;<\/strong><\/strong><\/h2>\n\n<ul class=\"is-style-accent-info\"><li><strong>Qu\u2019est-ce que vous faites ?&nbsp;<\/strong><ul><li>\u00abAu Repair Caf\u00e9 de Suhr, je r\u00e9pare b\u00e9n\u00e9volement dix fois par an toutes sortes d&rsquo;objets: v\u00e9los, mixeurs, meubles.\u00bb<\/li><\/ul><\/li><li><strong>Pourquoi?&nbsp;<\/strong><ul><li>\u00abJ\u2019aime bricoler. Et je veux montrer aux gens qu&rsquo;il est possible de faire autrement. On n&rsquo;est pas oblig\u00e9 de tout jeter tout de suite et de racheter du neuf.\u00bb\n<\/li><\/ul><\/li><li><strong>Que faudrait-il \u00e0 votre avis pour davantage de r\u00e9parations?\n<\/strong><ul><li>\u00abTr\u00e8s clairement, l&rsquo;industrie doit \u00eatre oblig\u00e9e de rendre ses appareils r\u00e9parables. Les obstacles \u00e0 la r\u00e9paration et l&rsquo;obsolescence programm\u00e9e devraient \u00eatre interdits.\u00bb\n<\/li><\/ul><\/li><\/ul>\n\n<figure class=\"wp-block-image size-large\"><img loading=\"lazy\" decoding=\"async\" width=\"683\" height=\"1024\" src=\"https:\/\/www.greenpeace.ch\/static\/planet4-switzerland-stateless\/2022\/01\/04e52957-greenpeace-repair-2558-683x1024.jpg\" alt=\"\" class=\"wp-image-79691\" srcset=\"https:\/\/www.greenpeace.ch\/static\/planet4-switzerland-stateless\/2022\/01\/04e52957-greenpeace-repair-2558-683x1024.jpg 683w, https:\/\/www.greenpeace.ch\/static\/planet4-switzerland-stateless\/2022\/01\/04e52957-greenpeace-repair-2558-200x300.jpg 200w, https:\/\/www.greenpeace.ch\/static\/planet4-switzerland-stateless\/2022\/01\/04e52957-greenpeace-repair-2558-768x1152.jpg 768w, https:\/\/www.greenpeace.ch\/static\/planet4-switzerland-stateless\/2022\/01\/04e52957-greenpeace-repair-2558-1024x1536.jpg 1024w, https:\/\/www.greenpeace.ch\/static\/planet4-switzerland-stateless\/2022\/01\/04e52957-greenpeace-repair-2558-1365x2048.jpg 1365w, https:\/\/www.greenpeace.ch\/static\/planet4-switzerland-stateless\/2022\/01\/04e52957-greenpeace-repair-2558-911x1366.jpg 911w, https:\/\/www.greenpeace.ch\/static\/planet4-switzerland-stateless\/2022\/01\/04e52957-greenpeace-repair-2558-227x340.jpg 227w, https:\/\/www.greenpeace.ch\/static\/planet4-switzerland-stateless\/2022\/01\/04e52957-greenpeace-repair-2558-scaled.jpg 1707w\" sizes=\"auto, (max-width: 683px) 100vw, 683px\" \/><figcaption>\u00a9Jo\u00ebl Hunn<\/figcaption><\/figure>\n\n<p>Presque tous les mois, Felix Tenger se rend \u00e0 v\u00e9lo de son domicile dans le Mittelland bernois \u00e0 l&rsquo;\u00e9cole de Suhr dans le canton d\u2019Argovie. Il passe plus de trois bonnes heures sur la route. \u00abCela prend du temps, mais je fais ainsi de l&rsquo;exercice &#8211; et c\u2019est toujours une nouvelle aventure\u00bb, raconte en riant ce repr\u00e9sentant \u00e0 la retraite.<\/p>\n\n<p>C\u2019est gr\u00e2ce \u00e0 sa compagne que Felix d\u00e9couvre en 2019 le Repair Caf\u00e9 de Suhr. Il y participe depuis lors lui aussi b\u00e9n\u00e9volement. Dix \u00e0 quinze b\u00e9n\u00e9voles \u00e2g\u00e9\u00b7e\u00b7s de 40 \u00e0 70 ans r\u00e9parent chaque mois les appareils d\u00e9fectueux des visiteurs. Jouets, v\u00eatements, rideaux, ordinateurs, machines \u00e0 caf\u00e9, mixeurs, objets \u00e0 valeur sentimentale ou usuels comme des meubles Ikea sont apport\u00e9s ici pour \u00eatre r\u00e9par\u00e9s. Cela ne fonctionne pas toujours, mais la plupart du temps.<\/p>\n<div class=\"action-divider\">\n\t\t\t<p class=\"action-divider-text\"><span class=\"dashicons-before no-icon\"><\/span> Faites entendre votre voix pour le droit \u00e0 la r\u00e9paration!<\/p>\n\t\t<div class=\"wp-block-buttons is-content-justification-center is-layout-flex wp-container-core-buttons-is-layout-1 wp-block-buttons-is-layout-flex\">\n\t\t\t<div class=\"wp-block-button is-style-cta\"><a class=\"wp-block-button__link wp-element-button\" href=\"https:\/\/www.greenpeace.ch\/fr\/agir\/droit-reparation\/\" target=\"_self\">Signez la p\u00e9tition<\/a><\/div>\n\t\t<\/div>\n\t<\/div>\n\n<p><meta charset=\"utf-8\"><strong>Un r\u00e9parateur enthousiaste<\/strong><\/p>\n\n<p>L&rsquo;enthousiasme de Felix pour le bricolage est palpable: \u00abil faut toujours essayer, parfois l&rsquo;astuce d\u00e9cisive se trouve sur Internet. Il peut arriver que nous r\u00e9parions une machine \u00e0 caf\u00e9 \u00e0 trois : six yeux voient plus clair et nos discussions permettent d\u2019avancer\u00bb explique l\u2019espi\u00e8gle retrait\u00e9. Ce qui fait plaisir, c&rsquo;est justement le travail d&rsquo;\u00e9quipe et de toujours apprendre quelque chose de nouveau.<\/p>\n\n<p><strong>Obstacles \u00e0 la r\u00e9paration<\/strong><\/p>\n\n<p>Le Repair Caf\u00e9 de Suhr b\u00e9n\u00e9ficie de bonnes conditions: la commune soutient l&rsquo;initiative et met \u00e0 disposition les ateliers de l&rsquo;\u00e9cole &#8211; y compris les plans de travail et les machines. Stephan Wicki, qui organise le Repair Caf\u00e9 de Suhr avec sa femme Tanja, ach\u00e8te les petites pi\u00e8ces de rechange et les outils sp\u00e9ciaux souvent n\u00e9cessaires. Les frais sont pay\u00e9s par les dons des visiteurs.<\/p>\n\n<p>Les r\u00e9parations sont souvent laborieuses : les b\u00e9n\u00e9voles passent en moyenne 1h30 par objet. Le plus grand d\u00e9fi se pr\u00e9sente d\u00e8s le d\u00e9part : souvent, les bo\u00eetiers ne s\u2019ouvrent pas facilement. \u00abDe nombreux grands producteurs font de leur mieux pour \u00e9viter toute r\u00e9paration, contrairement aux petites entreprises, souvent meilleures\u00bb r\u00e9sume Felix. Parfois, c\u2019est un outil sp\u00e9cifique, une bonne astuce ou alors beaucoup de patience et d\u2019envie de trouver des solutions qui peuvent aider. La grande majorit\u00e9 des bo\u00eetiers peuvent tout de m\u00eame \u00eatre ouverts. Il s&rsquo;agit ensuite de localiser le d\u00e9faut et trouver comment y rem\u00e9dier.<\/p>\n\n<figure class=\"wp-block-image size-large\"><img loading=\"lazy\" decoding=\"async\" width=\"1024\" height=\"683\" src=\"https:\/\/www.greenpeace.ch\/static\/planet4-switzerland-stateless\/2022\/01\/c7f987b8-greenpeace-repair-2361-1024x683.jpg\" alt=\"\" class=\"wp-image-79727\" srcset=\"https:\/\/www.greenpeace.ch\/static\/planet4-switzerland-stateless\/2022\/01\/c7f987b8-greenpeace-repair-2361-1024x683.jpg 1024w, https:\/\/www.greenpeace.ch\/static\/planet4-switzerland-stateless\/2022\/01\/c7f987b8-greenpeace-repair-2361-300x200.jpg 300w, https:\/\/www.greenpeace.ch\/static\/planet4-switzerland-stateless\/2022\/01\/c7f987b8-greenpeace-repair-2361-768x512.jpg 768w, https:\/\/www.greenpeace.ch\/static\/planet4-switzerland-stateless\/2022\/01\/c7f987b8-greenpeace-repair-2361-1536x1024.jpg 1536w, https:\/\/www.greenpeace.ch\/static\/planet4-switzerland-stateless\/2022\/01\/c7f987b8-greenpeace-repair-2361-2048x1366.jpg 2048w, https:\/\/www.greenpeace.ch\/static\/planet4-switzerland-stateless\/2022\/01\/c7f987b8-greenpeace-repair-2361-510x340.jpg 510w\" sizes=\"auto, (max-width: 1024px) 100vw, 1024px\" \/><figcaption><meta charset=\"utf-8\">Avec sa femme Tanja, Stephan Wicki g\u00e8re les Repair Caf\u00e9s \u00e0 Suhr. \u00a9Jo\u00ebl Hunn<\/figcaption><\/figure>\n\n<p><strong>Des r\u00e9parations appr\u00e9ci\u00e9es<\/strong><\/p>\n\n<p>Il est agr\u00e9able de constater \u00e0 quel point le public se r\u00e9jouit des r\u00e9parations r\u00e9ussies. Felix se souvient d&rsquo;une jeune femme qui voulait r\u00e9parer le mixeur d\u00e9fectueux que sa maman lui avait offert. Tellement contente de la r\u00e9paration, elle lui a encore \u00e9crit pour le remercier chaleureusement apr\u00e8s coup.<\/p>\n\n<p>La pand\u00e9mie limite malheureusement ces rencontres. Alors qu&rsquo;avant le Covid-19, chacun\u00b7e pouvait bricoler et donner un coup de main, les appareils et objets doivent actuellement \u00eatre d\u00e9pos\u00e9 et r\u00e9cup\u00e9r\u00e9s une fois r\u00e9par\u00e9s. Felix le regrette : \u00ab les gens ne peuvent plus suivre le processus de r\u00e9paration. Avant, nous pouvions transmettre nos connaissances en mati\u00e8re de r\u00e9paration \u00bb. Ce partage de connaissances est un atout important des Repair Caf\u00e9s, souhaitons qu&rsquo;\u00e0 l&rsquo;avenir b\u00e9n\u00e9voles et visiteurs pourront \u00e0 nouveau r\u00e9parer ensemble.<\/p>\n\n<p>Nous remercions Felix et tous les b\u00e9n\u00e9voles des Repair Caf\u00e9s pour leur travail et leur engagement sans faille en faveur de plus de r\u00e9parations !<\/p>\n\n<ul class=\"is-style-accent-info\"><li><strong>Trouver un Repair Caf\u00e9 pr\u00e8s de chez soi&nbsp;<\/strong><br><ul>Les Repair Caf\u00e9s sont des \u00e9v\u00e9nements gratuits organis\u00e9s r\u00e9guli\u00e8rement un peu partout en Suisse. Des professionnels de la r\u00e9paration mettent b\u00e9n\u00e9volement \u00e0 disposition leur temps, leur savoir-faire et leur outillage pour r\u00e9parer \u00e0 vos c\u00f4t\u00e9s vos appareils d\u00e9fectueux, v\u00e9los et objets pr\u00e9f\u00e9r\u00e9s.<\/ul><br>Pour trouver le Repair Caf\u00e9 le plus proche de chez soi, rendez-vous sur <a href=\"http:\/\/repair-cafe.ch\"> repair-cafe.ch<\/a>.<\/ul><\/li><\/ul>\n","protected":false},"excerpt":{"rendered":"<p>Dans le cadre de notre campagne pour un droit \u00e0 la r\u00e9paration et \u00e0 une consommation respectueuse de notre plan\u00e8te, nous sommes all\u00e9s \u00e0 la d\u00e9couverte de ces passionn\u00e9\u00b7e\u00b7s qui s\u2019engagent au quotidien pour pr\u00e9server nos ressources, car nous consommons trop &#8211; et jetons trop.<\/p>\n","protected":false},"author":38,"featured_media":79694,"comment_status":"closed","ping_status":"closed","sticky":false,"template":"","format":"standard","meta":{"_acf_changed":false,"_planet4_optimize_post_is_variant":false,"_planet4_optimize_experiment_name":"","_planet4_optimize_variant_name":"","ep_exclude_from_search":false,"p4_og_title":"","p4_og_description":"","p4_og_image":"","p4_og_image_id":"","p4_seo_canonical_url":"","p4_campaign_name":"not set","p4_local_project":"not set","p4_basket_name":"not set","p4_department":"","footnotes":""},"categories":[149],"tags":[74,213],"p4-page-type":[77],"gpch-article-type":[],"class_list":["post-79688","post","type-post","status-publish","format-standard","has-post-thumbnail","hentry","category-zero-waste-fr","tag-zero-dechet","tag-economie-circulaire","p4-page-type-story-fr"],"acf":[],"_links":{"self":[{"href":"https:\/\/www.greenpeace.ch\/fr\/wp-json\/wp\/v2\/posts\/79688","targetHints":{"allow":["GET"]}}],"collection":[{"href":"https:\/\/www.greenpeace.ch\/fr\/wp-json\/wp\/v2\/posts"}],"about":[{"href":"https:\/\/www.greenpeace.ch\/fr\/wp-json\/wp\/v2\/types\/post"}],"author":[{"embeddable":true,"href":"https:\/\/www.greenpeace.ch\/fr\/wp-json\/wp\/v2\/users\/38"}],"replies":[{"embeddable":true,"href":"https:\/\/www.greenpeace.ch\/fr\/wp-json\/wp\/v2\/comments?post=79688"}],"version-history":[{"count":1,"href":"https:\/\/www.greenpeace.ch\/fr\/wp-json\/wp\/v2\/posts\/79688\/revisions"}],"predecessor-version":[{"id":119822,"href":"https:\/\/www.greenpeace.ch\/fr\/wp-json\/wp\/v2\/posts\/79688\/revisions\/119822"}],"wp:featuredmedia":[{"embeddable":true,"href":"https:\/\/www.greenpeace.ch\/fr\/wp-json\/wp\/v2\/media\/79694"}],"wp:attachment":[{"href":"https:\/\/www.greenpeace.ch\/fr\/wp-json\/wp\/v2\/media?parent=79688"}],"wp:term":[{"taxonomy":"category","embeddable":true,"href":"https:\/\/www.greenpeace.ch\/fr\/wp-json\/wp\/v2\/categories?post=79688"},{"taxonomy":"post_tag","embeddable":true,"href":"https:\/\/www.greenpeace.ch\/fr\/wp-json\/wp\/v2\/tags?post=79688"},{"taxonomy":"p4-page-type","embeddable":true,"href":"https:\/\/www.greenpeace.ch\/fr\/wp-json\/wp\/v2\/p4-page-type?post=79688"},{"taxonomy":"gpch-article-type","embeddable":true,"href":"https:\/\/www.greenpeace.ch\/fr\/wp-json\/wp\/v2\/gpch-article-type?post=79688"}],"curies":[{"name":"wp","href":"https:\/\/api.w.org\/{rel}","templated":true}]}}