{"id":80767,"date":"2022-02-09T16:36:08","date_gmt":"2022-02-09T15:36:08","guid":{"rendered":"https:\/\/www.greenpeace.ch\/?p=80767"},"modified":"2022-02-09T16:37:23","modified_gmt":"2022-02-09T15:37:23","slug":"protection-ocean-berne","status":"publish","type":"post","link":"https:\/\/www.greenpeace.ch\/fr\/story-fr\/80767\/protection-ocean-berne\/","title":{"rendered":"Des militant\u00b7e\u00b7s Greenpeace pour la protection des oc\u00e9ans : une excavatrice des profondeurs sur la Place f\u00e9d\u00e9rale \u00e0 Berne"},"content":{"rendered":"\n<p><strong><strong>Ce matin de bonne heure, une sc\u00e8ne inhabituelle s&rsquo;est d\u00e9roul\u00e9e sur la Place f\u00e9d\u00e9rale : 14 militant\u00b7e\u00b7s Greenpeace ont apport\u00e9 les grands fonds marins \u00e0 Berne. A l&rsquo;aide d&rsquo;une r\u00e9plique d&rsquo;une machine d\u2019excavation utilis\u00e9e pour l&rsquo;extraction mini\u00e8re en eaux profondes, qui repr\u00e9sente l&rsquo;une des plus grandes menaces pour les grands fonds marins, et de grandes photos de la faune des abysses, ils veulent attirer l&rsquo;attention sur la menace que l&rsquo;extraction mini\u00e8re en eaux profondes fait planer sur les fonds marins.<\/strong><\/strong><\/p>\n\n<h2 class=\"wp-block-heading\"><strong>La foreuse en eaux profondes, symbole de destruction<\/strong><\/h2>\n\n<p>Avant le lever du soleil, les militant\u00b7e\u00b7s Greenpeace ont commenc\u00e9 \u00e0 installer la foreuse de six m\u00e8tres sur deux m\u00e8tres et demi sur cinq m\u00e8tres sur la Place f\u00e9d\u00e9rale. Alors que la r\u00e9plique sur la Place f\u00e9d\u00e9rale p\u00e8se quatre tonnes, l&rsquo;engin original p\u00e8se 400 tonnes, soit cent fois plus. Les excavateurs en eaux profondes sont l&rsquo;un des engins avec lesquels des entreprises mini\u00e8res souhaitent \u00e0 l&rsquo;avenir extraire des nodules polym\u00e9talliques &nbsp;des fonds marins, \u00e0 une profondeur de plus de 4000 m\u00e8tres. Ces nodules contiennent entre autres du mangan\u00e8se, du cobalt et du nickel. Des mati\u00e8res premi\u00e8res utilis\u00e9es par exemple dans le secteur de l&rsquo;\u00e9lectronique. Une telle intervention dans des habitats jusqu&rsquo;ici pr\u00e9serv\u00e9s aurait des cons\u00e9quences catastrophiques pour la biodiversit\u00e9 des oc\u00e9ans.&nbsp;<\/p>\n\n<figure class=\"wp-block-embed is-type-video is-provider-youtube wp-block-embed-youtube\"><div class=\"wp-block-embed__wrapper\">\n<lite-youtube style=\"background-image: url('https:\/\/i.ytimg.com\/vi\/FnzFZ1CoTLA\/hqdefault.jpg');\" videoid=\"FnzFZ1CoTLA\" params=\"rel=0&#038;enablejsapi=1&#038;origin=https%3A%2F%2Fwww.greenpeace.ch&#038;cc_load_policy=1\"><\/lite-youtube>\n<\/div><figcaption>Des militant\u00b7e\u00b7s Greenpeace sur la Place f\u00e9d\u00e9rale \u00e0 Berne le 9 f\u00e9vrier 2022<\/figcaption><\/figure>\n\n<h2 class=\"wp-block-heading\"><strong>La Suisse doit annoncer la couleur<\/strong><\/h2>\n\n<p>Alors que de grands groupes comme Samsung, Google et BMW demandent d\u00e9j\u00e0 un moratoire sur l&rsquo;exploitation mini\u00e8re en eaux profondes, la Suisse h\u00e9site. Le Conseil f\u00e9d\u00e9ral n&rsquo;a pas encore pu se r\u00e9soudre \u00e0 prendre une position claire contre la destruction des grands fonds marins. M\u00eame en ce qui concerne un accord international sur la protection de la haute mer, le Conseil f\u00e9d\u00e9ral n&rsquo;a pas pris d&rsquo;engagement clair en faveur de v\u00e9ritables aires marines prot\u00e9g\u00e9es dans sa derni\u00e8re communication. Cet accord est une chance historique pour la protection globale des mers. Il doit r\u00e9gler de mani\u00e8re juridiquement contraignante la protection et l&rsquo;utilisation durable de ce que l&rsquo;on appelle la haute mer. Les n\u00e9gociations finales auront lieu \u00e0 New York du 7 au 18 mars 2022. La Suisse y prend part et doit imp\u00e9rativement d\u00e9fendre une position ambitieuse pour la protection des oc\u00e9ans, dont les \u00e9cosyst\u00e8mes jouent un r\u00f4le crucial pour la r\u00e9gulation du climat.<\/p>\n<div class=\"EmptyMessage\">Block content is empty. Check the block&rsquo;s settings or remove it.<\/div>","protected":false},"excerpt":{"rendered":"<p>Ce matin de bonne heure, une sc\u00e8ne inhabituelle s&rsquo;est d\u00e9roul\u00e9e sur la Place f\u00e9d\u00e9rale : 14 militant\u00b7e\u00b7s Greenpeace ont apport\u00e9 les grands fonds marins \u00e0 Berne. <\/p>\n","protected":false},"author":89,"featured_media":80804,"comment_status":"closed","ping_status":"closed","sticky":false,"template":"","format":"standard","meta":{"_acf_changed":false,"_planet4_optimize_post_is_variant":false,"_planet4_optimize_experiment_name":"","_planet4_optimize_variant_name":"","ep_exclude_from_search":false,"p4_og_title":"","p4_og_description":"","p4_og_image":"","p4_og_image_id":"","p4_seo_canonical_url":"","p4_campaign_name":"not set","p4_local_project":"not set","p4_basket_name":"not set","p4_department":"","footnotes":""},"categories":[124],"tags":[56],"p4-page-type":[77],"gpch-article-type":[],"class_list":["post-80767","post","type-post","status-publish","format-standard","has-post-thumbnail","hentry","category-meer-fr","tag-oceans","p4-page-type-story-fr"],"acf":[],"_links":{"self":[{"href":"https:\/\/www.greenpeace.ch\/fr\/wp-json\/wp\/v2\/posts\/80767","targetHints":{"allow":["GET"]}}],"collection":[{"href":"https:\/\/www.greenpeace.ch\/fr\/wp-json\/wp\/v2\/posts"}],"about":[{"href":"https:\/\/www.greenpeace.ch\/fr\/wp-json\/wp\/v2\/types\/post"}],"author":[{"embeddable":true,"href":"https:\/\/www.greenpeace.ch\/fr\/wp-json\/wp\/v2\/users\/89"}],"replies":[{"embeddable":true,"href":"https:\/\/www.greenpeace.ch\/fr\/wp-json\/wp\/v2\/comments?post=80767"}],"version-history":[{"count":0,"href":"https:\/\/www.greenpeace.ch\/fr\/wp-json\/wp\/v2\/posts\/80767\/revisions"}],"wp:featuredmedia":[{"embeddable":true,"href":"https:\/\/www.greenpeace.ch\/fr\/wp-json\/wp\/v2\/media\/80804"}],"wp:attachment":[{"href":"https:\/\/www.greenpeace.ch\/fr\/wp-json\/wp\/v2\/media?parent=80767"}],"wp:term":[{"taxonomy":"category","embeddable":true,"href":"https:\/\/www.greenpeace.ch\/fr\/wp-json\/wp\/v2\/categories?post=80767"},{"taxonomy":"post_tag","embeddable":true,"href":"https:\/\/www.greenpeace.ch\/fr\/wp-json\/wp\/v2\/tags?post=80767"},{"taxonomy":"p4-page-type","embeddable":true,"href":"https:\/\/www.greenpeace.ch\/fr\/wp-json\/wp\/v2\/p4-page-type?post=80767"},{"taxonomy":"gpch-article-type","embeddable":true,"href":"https:\/\/www.greenpeace.ch\/fr\/wp-json\/wp\/v2\/gpch-article-type?post=80767"}],"curies":[{"name":"wp","href":"https:\/\/api.w.org\/{rel}","templated":true}]}}