{"id":81276,"date":"2022-02-17T13:01:57","date_gmt":"2022-02-17T12:01:57","guid":{"rendered":"https:\/\/www.greenpeace.ch\/?p=81276"},"modified":"2022-02-17T18:39:56","modified_gmt":"2022-02-17T17:39:56","slug":"penuries-electricite-gaz","status":"publish","type":"post","link":"https:\/\/www.greenpeace.ch\/fr\/communique-de-presse\/81276\/penuries-electricite-gaz\/","title":{"rendered":"P\u00e9nuries d\u2019\u00e9lectricit\u00e9: la Suisse a besoin d\u2019un essor rapide du solaire et non de nouvelles centrales \u00e0 gaz!"},"content":{"rendered":"\n<p><strong>Le Conseil f\u00e9d\u00e9ral a annonc\u00e9 aujourd\u2019hui une s\u00e9rie de mesures afin de pr\u00e9munir la Suisse contre les risques de p\u00e9nuries d\u2019\u00e9lectricit\u00e9 dans les mois \u00e0 venir. Ces mesures s\u2019articulent autour de trois piliers: la mise en place de r\u00e9serve d\u2019\u00e9nergie hydro\u00e9lectrique, une exploitation accrue du potentiel de l\u2019efficacit\u00e9 \u00e9nerg\u00e9tique et la possibilit\u00e9 d\u2019exploiter des centrales \u00e0 gaz. En plus de l\u2019hydraulique et de l\u2019efficacit\u00e9 \u00e9nerg\u00e9tique, le Conseil f\u00e9d\u00e9ral doit s\u2019appuyer sur un d\u00e9veloppement rapide et important de l\u2019\u00e9nergie solaire dans notre pays. La combinaison de ces trois piliers permet d\u2019\u00e9viter le recours aux centrales \u00e0 gaz, qui serait clairement incoh\u00e9rent avec les objectifs climatiques de la Conf\u00e9d\u00e9ration.<\/strong><\/p>\n\n<p><em>Georg Klingler, expert des questions \u00e9nerg\u00e9tiques et climatiques pour Greenpeace Suisse, commente l\u2019annonce du Conseil f\u00e9d\u00e9ral:<\/em><\/p>\n\n<p>\u201cEncore une fois le Conseil f\u00e9d\u00e9ral a oubli\u00e9&nbsp;<a href=\"https:\/\/bit.ly\/3AusdWw\" target=\"_blank\" rel=\"noreferrer noopener\">le r\u00f4le crucial que l\u2019\u00e9nergie solaire peut et doit jouer<\/a>&nbsp;afin de doter notre pays d\u2019un approvisionnement \u00e9nerg\u00e9tique s\u00e9curis\u00e9 et coh\u00e9rent avec les objectifs climatiques de la Conf\u00e9d\u00e9ration. Un essor rapide de l\u2019\u00e9nergie solaire dans notre pays permet de n\u2019avoir \u00e0 recourir au gaz qu\u2019en ultime recours. Les analyses scientifiques sont claires: nous devons rapidement r\u00e9duire nos \u00e9missions de gaz \u00e0 effet de serre. Recourir \u00e0 des centrales \u00e0 gaz les fera augmenter, quelles que soient les mesures prises pour tenter de les compenser.\u201d<\/p>\n\n<p>\u201cLe Conseil f\u00e9d\u00e9ral oublie \u00e9galement le potentiel important que repr\u00e9sente une gestion strat\u00e9gique de la demande en \u00e9lectricit\u00e9 des gros consommateurs. Aussi longtemps que la strat\u00e9gie \u00e9nerg\u00e9tique globale sera marqu\u00e9e par des lacunes importantes en ce qui concerne le solaire et l\u2019efficacit\u00e9 \u00e9nerg\u00e9tique, le Conseil f\u00e9d\u00e9ral devra s\u2019attendre \u00e0 une forte r\u00e9sistance en ce qui concerne les centrales \u00e0 gaz.\u201d<\/p>\n\n<h3 class=\"wp-block-heading\"><strong>Contacts:<\/strong><\/h3>\n\n<p>Georg Klingler, expert climat et \u00e9nergie, Greenpeace Suisse, +41 79 785 07 38,&nbsp;<a rel=\"noreferrer noopener\" target=\"_blank\">georg.klingler@greenpeace.org<\/a><br>Mathias Schlegel, porte-parole, Greenpeace Suisse, +41 79 794 61 23,&nbsp;<a rel=\"noreferrer noopener\" target=\"_blank\">mathias.schlegel@greenpeace.org<\/a><\/p>\n","protected":false},"excerpt":{"rendered":"<p>En plus de l\u2019hydraulique et de l\u2019efficacit\u00e9 \u00e9nerg\u00e9tique, le Conseil f\u00e9d\u00e9ral doit s\u2019appuyer sur un d\u00e9veloppement rapide et important de l\u2019\u00e9nergie solaire dans notre pays. La combinaison de ces trois piliers permet d\u2019\u00e9viter le recours aux centrales \u00e0 gaz, qui serait clairement incoh\u00e9rent avec les objectifs climatiques de la Conf\u00e9d\u00e9ration.<\/p>\n","protected":false},"author":37,"featured_media":80672,"comment_status":"closed","ping_status":"closed","sticky":false,"template":"","format":"standard","meta":{"_acf_changed":false,"_planet4_optimize_post_is_variant":false,"_planet4_optimize_experiment_name":"","_planet4_optimize_variant_name":"","ep_exclude_from_search":false,"p4_og_title":"P\u00e9nuries d\u2019\u00e9lectricit\u00e9: la Suisse a besoin d\u2019un essor rapide du solaire et non de nouvelles centrales \u00e0 gaz!","p4_og_description":"En plus de l\u2019hydraulique et de l\u2019efficacit\u00e9 \u00e9nerg\u00e9tique, le Conseil f\u00e9d\u00e9ral doit s\u2019appuyer sur un d\u00e9veloppement rapide et important de l\u2019\u00e9nergie solaire dans notre pays. La combinaison de ces trois piliers permet d\u2019\u00e9viter le recours aux centrales \u00e0 gaz, qui serait clairement incoh\u00e9rent avec les objectifs climatiques de la Conf\u00e9d\u00e9ration.","p4_og_image":"https:\/\/www.greenpeace.ch\/static\/planet4-switzerland-stateless\/2022\/02\/d0a0a408-gp04lvo_medium_res_with_credit_line.jpg","p4_og_image_id":"80672","p4_seo_canonical_url":"","p4_campaign_name":"not set","p4_local_project":"not set","p4_basket_name":"not set","p4_department":"","footnotes":""},"categories":[22],"tags":[58],"p4-page-type":[73],"gpch-article-type":[],"class_list":["post-81276","post","type-post","status-publish","format-standard","has-post-thumbnail","hentry","category-non-classifiee","tag-climat","p4-page-type-communique-de-presse"],"acf":[],"_links":{"self":[{"href":"https:\/\/www.greenpeace.ch\/fr\/wp-json\/wp\/v2\/posts\/81276","targetHints":{"allow":["GET"]}}],"collection":[{"href":"https:\/\/www.greenpeace.ch\/fr\/wp-json\/wp\/v2\/posts"}],"about":[{"href":"https:\/\/www.greenpeace.ch\/fr\/wp-json\/wp\/v2\/types\/post"}],"author":[{"embeddable":true,"href":"https:\/\/www.greenpeace.ch\/fr\/wp-json\/wp\/v2\/users\/37"}],"replies":[{"embeddable":true,"href":"https:\/\/www.greenpeace.ch\/fr\/wp-json\/wp\/v2\/comments?post=81276"}],"version-history":[{"count":0,"href":"https:\/\/www.greenpeace.ch\/fr\/wp-json\/wp\/v2\/posts\/81276\/revisions"}],"wp:featuredmedia":[{"embeddable":true,"href":"https:\/\/www.greenpeace.ch\/fr\/wp-json\/wp\/v2\/media\/80672"}],"wp:attachment":[{"href":"https:\/\/www.greenpeace.ch\/fr\/wp-json\/wp\/v2\/media?parent=81276"}],"wp:term":[{"taxonomy":"category","embeddable":true,"href":"https:\/\/www.greenpeace.ch\/fr\/wp-json\/wp\/v2\/categories?post=81276"},{"taxonomy":"post_tag","embeddable":true,"href":"https:\/\/www.greenpeace.ch\/fr\/wp-json\/wp\/v2\/tags?post=81276"},{"taxonomy":"p4-page-type","embeddable":true,"href":"https:\/\/www.greenpeace.ch\/fr\/wp-json\/wp\/v2\/p4-page-type?post=81276"},{"taxonomy":"gpch-article-type","embeddable":true,"href":"https:\/\/www.greenpeace.ch\/fr\/wp-json\/wp\/v2\/gpch-article-type?post=81276"}],"curies":[{"name":"wp","href":"https:\/\/api.w.org\/{rel}","templated":true}]}}