{"id":81340,"date":"2022-02-18T13:03:09","date_gmt":"2022-02-18T12:03:09","guid":{"rendered":"https:\/\/www.greenpeace.ch\/?p=81340"},"modified":"2025-06-25T14:32:53","modified_gmt":"2025-06-25T12:32:53","slug":"climat-marco-chiesa-refuse-de-voir-les-vraies-solutions","status":"publish","type":"post","link":"https:\/\/www.greenpeace.ch\/fr\/story-fr\/81340\/climat-marco-chiesa-refuse-de-voir-les-vraies-solutions\/","title":{"rendered":"Climat: Marco Chiesa refuse de voir les vraies solutions"},"content":{"rendered":"\n<p><strong><strong>Avec un d\u00e9veloppement rapide et massif de l&rsquo;\u00e9nergie solaire, la Suisse peut rendre son approvisionnement \u00e9nerg\u00e9tique plus s\u00fbr et respectueux du climat. C&rsquo;est pourquoi Greenpeace Suisse demande aux conseillers aux Etats de r\u00e9aliser un <\/strong><a rel=\"noreferrer noopener\" href=\"https:\/\/bit.ly\/35fIxil\" target=\"_blank\"><strong>sprint solaire<\/strong><\/a><strong>. Nous avons \u00e9galement lanc\u00e9 un appel amical au conseiller aux Etats et chef de parti UDC Marco Chiesa pour qu&rsquo;il s&rsquo;engage en faveur d&rsquo;un approvisionnement \u00e9nerg\u00e9tique suisse sans nucl\u00e9aire et sans CO2. Mais sous la menace de poursuites judiciaires, le parti nous interdit d\u00e9sormais de continuer \u00e0 utiliser son image. Marco Chiesa refuse de voir les v\u00e9ritables solutions aux d\u00e9fis \u00e9nerg\u00e9tiques et climatiques.<\/strong><\/strong><\/p>\n\n<h2 class=\"wp-block-heading\"><strong><strong>Marco Chiesa refuse de voir le potentiel du photovolta\u00efque<\/strong><\/strong><\/h2>\n\n<p>Gr\u00e2ce \u00e0 l\u2019\u00e9nergie solaire, la Suisse peut atteindre ses objectifs climatiques et garantir la s\u00e9curit\u00e9 d&rsquo;approvisionnement dans notre pays. Pour cela, il n&rsquo;est pas n\u00e9cessaire de construire de nouvelles centrales \u00e0 gaz ou de prolonger dangereusement la dur\u00e9e de vie des centrales nucl\u00e9aires existantes &#8211; et encore moins d\u2019en construire de nouvelles. C&rsquo;est ce que nous avons r\u00e9cemment d\u00e9montr\u00e9 dans <a href=\"https:\/\/bit.ly\/3gVOZOi\">notre sc\u00e9nario \u00e9nerg\u00e9tique pour la Suisse<\/a>. Mais au lieu de miser sur l&rsquo;\u00e9nergie solaire, l&rsquo;UDC demande que la dur\u00e9e de vie des centrales nucl\u00e9aires soit prolong\u00e9e et que de nouveaux r\u00e9acteurs soient construits dans notre pays. Or, celles-ci seront incapables de contribuer \u00e0 la s\u00e9curit\u00e9 de notre approvisionnement \u00e9nerg\u00e9tique dans les ann\u00e9es, voire les d\u00e9cennies \u00e0 venir.<\/p>\n\n<h2 class=\"wp-block-heading\"><strong><strong>Marco Chiesa refuse de voir les vrais int\u00e9r\u00eats du secteur de l&rsquo;\u00e9lectricit\u00e9<\/strong><\/strong><\/h2>\n\n<p>Le secteur de l&rsquo;\u00e9lectricit\u00e9 ne mise plus sur l&rsquo;\u00e9nergie nucl\u00e9aire. L&rsquo;\u00e9nergie nucl\u00e9aire est <a href=\"https:\/\/www.watson.ch\/!858120672\">\u00ab\u00a0tout simplement trop ch\u00e8re\u00a0\u00bb<\/a>, a r\u00e9cemment d\u00e9clar\u00e9 le CEO d&rsquo;Axpo Christoph Brand dans une interview. Il a m\u00eame remis en question la poursuite de l&rsquo;exploitation des centrales existantes, car cela n\u00e9cessite des mises \u00e0 niveau permanentes. Le secteur de l&rsquo;\u00e9lectricit\u00e9 mise plut\u00f4t sur le solaire, et Christoph Brand a r\u00e9cemment appel\u00e9 \u00e0 un <a href=\"https:\/\/www.nzz.ch\/wirtschaft\/christoph-brand-axpo-langfristig-fehlt-der-schweiz-massiv-strom-ld.1667767?reduced=true\">d\u00e9veloppement massif du photovolta\u00efque<\/a>.<\/p>\n\n<h2 class=\"wp-block-heading\"><strong><strong>Marco Chiesa refuse de voir une solution qui g\u00e9n\u00e8re des emplois et de la valeur ajout\u00e9e en Suisse<\/strong><\/strong><\/h2>\n\n<p>Si la Suisse mise sur un approvisionnement \u00e9nerg\u00e9tique sans nucl\u00e9aire et sans CO2, tel que nous l&rsquo;esquissons dans notre sc\u00e9nario \u00e9nerg\u00e9tique, nous pr\u00e9voyons des investissements suppl\u00e9mentaires de quelque 105 milliards de francs d&rsquo;ici 2050. Ces investissements permettront de cr\u00e9er jusqu&rsquo;\u00e0 30 000 nouveaux emplois directs dans le domaine des cleantech d&rsquo;ici 2030, dont pr\u00e8s de la moiti\u00e9 dans le secteur du photovolta\u00efque. L&rsquo;effet sur l&#8217;emploi ainsi d\u00e9clench\u00e9 dans l&rsquo;ensemble de l&rsquo;\u00e9conomie se traduit par un total d&rsquo;environ 60 000 nouveaux emplois. Le programme suisse de protection du climat propos\u00e9 dans l&rsquo;\u00e9tude profitera aux entreprises en Suisse plut\u00f4t qu&rsquo;aux pays producteurs de p\u00e9trole et de gaz.<\/p>\n\n<h2 class=\"wp-block-heading\"><strong><strong>Marco Chiesa refuse de voir une ind\u00e9pendance \u00e9nerg\u00e9tique en Suisse<\/strong>&nbsp;&nbsp;<\/strong><\/h2>\n\n<p>L&rsquo;argent utilis\u00e9 pour une transition \u00e9nerg\u00e9tique s\u00fbre et respectueuse du climat renforce l&rsquo;approvisionnement national et augmente l&rsquo;ind\u00e9pendance vis-\u00e0-vis des fournisseurs d&rsquo;\u00e9nergie \u00e9trangers et des cartels de prix. La transformation de l&rsquo;approvisionnement \u00e9nerg\u00e9tique aura notamment pour cons\u00e9quence que l&rsquo;argent qui part aujourd&rsquo;hui pour l&rsquo;importation de p\u00e9trole et de gaz naturel dans des pays comme la Libye, le Kazakhstan, le Nigeria ou la Russie, sera \u00e0 l&rsquo;avenir investi en Suisse.&nbsp;&nbsp;<\/p>\n\n<p>Cher Marco Chiesa. L&rsquo;\u00e9nergie nucl\u00e9aire c\u2019est le pass\u00e9. L&rsquo;avenir appartient au photovolta\u00efque. Engagez-vous avec nous pour un approvisionnement \u00e9nerg\u00e9tique sans nucl\u00e9aire et sans CO2 &#8211; afin de garantir la s\u00e9curit\u00e9 de l&rsquo;approvisionnement ainsi que d&rsquo;endiguer la crise climatique et de pr\u00e9server ainsi les bases de notre vie \u00e0 tous.<\/p>\n<div class=\"action-divider\">\n\t\t\t<p class=\"action-divider-text\"><span class=\"dashicons-before dashicons-megaphone\"><\/span> Aidez les membres du Conseil des Etats \u00e0 faire bouger les choses et \u00e0 acc\u00e9l\u00e9rer le d\u00e9veloppement de l&#039;\u00e9nergie solaire.<\/p>\n\t\t<div class=\"wp-block-buttons is-content-justification-center is-layout-flex wp-container-core-buttons-is-layout-1 wp-block-buttons-is-layout-flex\">\n\t\t\t<div class=\"wp-block-button is-style-cta\"><a class=\"wp-block-button__link wp-element-button\" href=\"https:\/\/www.greenpeace.ch\/fr\/agir\/sprint-solaire\/\" target=\"_blank\">Signer la p\u00e9tition<\/a><\/div>\n\t\t<\/div>\n\t<\/div>\n\n<p>P.S. Le Conseil f\u00e9d\u00e9ral m\u00e9conna\u00eet lui aussi le potentiel de l&rsquo;\u00e9nergie solaire. Pour prot\u00e9ger la Suisse d&rsquo;une p\u00e9nurie d&rsquo;\u00e9lectricit\u00e9 dans les mois \u00e0 venir, il r\u00eave de nouvelles centrales \u00e0 gaz. <a href=\"https:\/\/www.greenpeace.ch\/fr\/communique-de-presse\/81276\/penuries-electricite-gaz\/\">C\u2019est ridicule et contre-productif<\/a>. Nous devons rapidement r\u00e9duire nos \u00e9missions de gaz \u00e0 effet de serre. L&rsquo;utilisation de centrales \u00e0 gaz entra\u00eene une augmentation des \u00e9missions, quelles que soient les mesures prises pour les compenser.<\/p>\n","protected":false},"excerpt":{"rendered":"<p>Nous avons lanc\u00e9 un appel amical au conseiller aux Etats et chef de parti UDC Marco Chiesa pour qu&rsquo;il s&rsquo;engage en faveur d&rsquo;un approvisionnement \u00e9nerg\u00e9tique suisse sans nucl\u00e9aire et sans CO2. Mais sous la menace de poursuites judiciaires, le parti nous interdit d\u00e9sormais de continuer \u00e0 utiliser son image. Marco Chiesa refuse de voir les v\u00e9ritables solutions aux d\u00e9fis \u00e9nerg\u00e9tiques et climatiques.<\/p>\n","protected":false},"author":48,"featured_media":81355,"comment_status":"closed","ping_status":"closed","sticky":false,"template":"","format":"standard","meta":{"_acf_changed":false,"_planet4_optimize_post_is_variant":false,"_planet4_optimize_experiment_name":"","_planet4_optimize_variant_name":"","ep_exclude_from_search":false,"p4_og_title":"","p4_og_description":"","p4_og_image":"","p4_og_image_id":"","p4_seo_canonical_url":"","p4_campaign_name":"not set","p4_local_project":"not set","p4_basket_name":"not set","p4_department":"","footnotes":""},"categories":[22],"tags":[58,197],"p4-page-type":[77],"gpch-article-type":[],"class_list":["post-81340","post","type-post","status-publish","format-standard","has-post-thumbnail","hentry","category-non-classifiee","tag-climat","tag-energie-fr","p4-page-type-story-fr"],"acf":[],"_links":{"self":[{"href":"https:\/\/www.greenpeace.ch\/fr\/wp-json\/wp\/v2\/posts\/81340","targetHints":{"allow":["GET"]}}],"collection":[{"href":"https:\/\/www.greenpeace.ch\/fr\/wp-json\/wp\/v2\/posts"}],"about":[{"href":"https:\/\/www.greenpeace.ch\/fr\/wp-json\/wp\/v2\/types\/post"}],"author":[{"embeddable":true,"href":"https:\/\/www.greenpeace.ch\/fr\/wp-json\/wp\/v2\/users\/48"}],"replies":[{"embeddable":true,"href":"https:\/\/www.greenpeace.ch\/fr\/wp-json\/wp\/v2\/comments?post=81340"}],"version-history":[{"count":1,"href":"https:\/\/www.greenpeace.ch\/fr\/wp-json\/wp\/v2\/posts\/81340\/revisions"}],"predecessor-version":[{"id":121298,"href":"https:\/\/www.greenpeace.ch\/fr\/wp-json\/wp\/v2\/posts\/81340\/revisions\/121298"}],"wp:featuredmedia":[{"embeddable":true,"href":"https:\/\/www.greenpeace.ch\/fr\/wp-json\/wp\/v2\/media\/81355"}],"wp:attachment":[{"href":"https:\/\/www.greenpeace.ch\/fr\/wp-json\/wp\/v2\/media?parent=81340"}],"wp:term":[{"taxonomy":"category","embeddable":true,"href":"https:\/\/www.greenpeace.ch\/fr\/wp-json\/wp\/v2\/categories?post=81340"},{"taxonomy":"post_tag","embeddable":true,"href":"https:\/\/www.greenpeace.ch\/fr\/wp-json\/wp\/v2\/tags?post=81340"},{"taxonomy":"p4-page-type","embeddable":true,"href":"https:\/\/www.greenpeace.ch\/fr\/wp-json\/wp\/v2\/p4-page-type?post=81340"},{"taxonomy":"gpch-article-type","embeddable":true,"href":"https:\/\/www.greenpeace.ch\/fr\/wp-json\/wp\/v2\/gpch-article-type?post=81340"}],"curies":[{"name":"wp","href":"https:\/\/api.w.org\/{rel}","templated":true}]}}