{"id":81474,"date":"2022-02-24T12:07:23","date_gmt":"2022-02-24T11:07:23","guid":{"rendered":"https:\/\/www.greenpeace.ch\/?p=81474"},"modified":"2025-06-25T14:32:52","modified_gmt":"2025-06-25T12:32:52","slug":"signatures-protection-oceans","status":"publish","type":"post","link":"https:\/\/www.greenpeace.ch\/fr\/story-fr\/81474\/signatures-protection-oceans\/","title":{"rendered":"Oc\u00e9ans: plus de 16&rsquo;000 personnes demandent \u00e0 Simonetta Sommaruga d&rsquo;agir!"},"content":{"rendered":"\n<p><strong><strong><strong>Nous avons remis aujourd&rsquo;hui \u00e0 Berne la p\u00e9tition \u00ab\u00a0La Suisse doit assumer ses responsabilit\u00e9s pour la protection des oc\u00e9ans\u00a0\u00bb. 16&rsquo;393 personnes y demandent au Conseil f\u00e9d\u00e9ral, et plus particuli\u00e8rement \u00e0 la ministre de l&rsquo;environnement Simonetta Sommaruga, de s&rsquo;engager publiquement aupr\u00e8s des Nations Unies pour une protection ambitieuse des mers et des oc\u00e9ans. Concr\u00e8tement, la Conf\u00e9d\u00e9ration doit s&rsquo;engager en faveur d\u2019un accord international efficace pour la protection de la haute mer et d\u2019un moratoire sur l&rsquo;extraction mini\u00e8re en eaux profondes.<\/strong><\/strong><\/strong><\/p>\n\n<p>La protection des oc\u00e9ans nous concerne tous, m\u00eame la Suisse. Le Conseil f\u00e9d\u00e9ral ne peut pas l\u2019ignorer! C&rsquo;est ce dont sont convaincus les 16 393 signataires de la p\u00e9tition avec qui nous exigeons enfin des actes. Le Conseil f\u00e9d\u00e9ral suisse doit prendre ses responsabilit\u00e9s et s&rsquo;engager publiquement en faveur d&rsquo;un moratoire sur l&rsquo;extraction mini\u00e8re en eaux profondes.<\/p>\n\n<p>Lors de la remise des signatures de la p\u00e9tition, ce matin \u00e0 Berne, nous avons une nouvelle fois attir\u00e9 l&rsquo;attention sur les dangers qui menacent les fonds marins, un des rares espaces vital encore intact de notre plan\u00e8te, si les excavatrices et autres engins monstrueux y extraient des mati\u00e8res premi\u00e8res. <\/p>\n\n<p>Cet \u00e9cosyst\u00e8me unique pourrait \u00eatre irr\u00e9m\u00e9diablement d\u00e9truit et avec lui d&rsquo;innombrables \u00eatres vivants que nous ne connaissons pas encore. Les seuls b\u00e9n\u00e9ficiaires de cette destruction sont des groupes actifs sur le march\u00e9 des mati\u00e8res premi\u00e8res comme l\u2019entreprise fribourgeoise Allseas. Celle-ci transforme d\u00e9j\u00e0 un premier navire d\u2019exploration \u00e0 Rotterdam, aux Pays-Bas, afin d&rsquo;extraire au plus vite des nodules polym\u00e9talliques des abysses.<\/p>\n\n<p>En plus du moratoire sur l&rsquo;extraction mini\u00e8re en eaux profondes, nous demandons que la Suisse s&rsquo;engage en faveur d&rsquo;un accord de protection de la haute mer lors des n\u00e9gociations des Nations Unies qui se tiendront du 7 au 18 mars \u00e0 New York. Un tel accord r\u00e9glerait de mani\u00e8re juridiquement contraignante la protection et l&rsquo;exploitation de la haute mer. Chaque voix et chaque soutien comptent pour que nous puissions prot\u00e9ger les mers et leur biodiversit\u00e9 indispensable \u00e0 notre survie.<\/p>\n<div class=\"action-divider\">\n\t\t\t<p class=\"action-divider-text\"><span class=\"dashicons-before no-icon\"><\/span> Parrainez les oc\u00e9ans et soutenez notre travail pour une meilleure protection des oc\u00e9ans en Suisse !<\/p>\n\t\t<div class=\"wp-block-buttons is-content-justification-center is-layout-flex wp-container-core-buttons-is-layout-1 wp-block-buttons-is-layout-flex\">\n\t\t\t<div class=\"wp-block-button is-style-cta\"><a class=\"wp-block-button__link wp-element-button\" href=\"https:\/\/www.greenpeace.ch\/fr\/agir\/dons\/parrainage\/parrainage-oceans\/\" target=\"_self\">Parrainer les oc\u00e9ans<\/a><\/div>\n\t\t<\/div>\n\t<\/div>\n\n<div class=\"wp-block-buttons is-layout-flex wp-block-buttons-is-layout-flex\"><\/div>\n","protected":false},"excerpt":{"rendered":"<p>Nous avons remis aujourd&rsquo;hui \u00e0 Berne la p\u00e9tition \u00ab\u00a0La Suisse doit assumer ses responsabilit\u00e9s pour la protection des oc\u00e9ans\u00a0\u00bb. 16&rsquo;393 personnes y demandent au Conseil f\u00e9d\u00e9ral, et plus particuli\u00e8rement \u00e0 la ministre de l&rsquo;environnement Simonetta Sommaruga, de s&rsquo;engager publiquement aupr\u00e8s des Nations Unies pour une protection ambitieuse des mers et des oc\u00e9ans. <\/p>\n","protected":false},"author":38,"featured_media":81533,"comment_status":"closed","ping_status":"closed","sticky":false,"template":"","format":"standard","meta":{"_acf_changed":false,"_planet4_optimize_post_is_variant":false,"_planet4_optimize_experiment_name":"","_planet4_optimize_variant_name":"","ep_exclude_from_search":false,"p4_og_title":"","p4_og_description":"","p4_og_image":"","p4_og_image_id":"","p4_seo_canonical_url":"","p4_campaign_name":"not set","p4_local_project":"not set","p4_basket_name":"not set","p4_department":"","footnotes":""},"categories":[22],"tags":[56],"p4-page-type":[77],"gpch-article-type":[],"class_list":["post-81474","post","type-post","status-publish","format-standard","has-post-thumbnail","hentry","category-non-classifiee","tag-oceans","p4-page-type-story-fr"],"acf":[],"_links":{"self":[{"href":"https:\/\/www.greenpeace.ch\/fr\/wp-json\/wp\/v2\/posts\/81474","targetHints":{"allow":["GET"]}}],"collection":[{"href":"https:\/\/www.greenpeace.ch\/fr\/wp-json\/wp\/v2\/posts"}],"about":[{"href":"https:\/\/www.greenpeace.ch\/fr\/wp-json\/wp\/v2\/types\/post"}],"author":[{"embeddable":true,"href":"https:\/\/www.greenpeace.ch\/fr\/wp-json\/wp\/v2\/users\/38"}],"replies":[{"embeddable":true,"href":"https:\/\/www.greenpeace.ch\/fr\/wp-json\/wp\/v2\/comments?post=81474"}],"version-history":[{"count":1,"href":"https:\/\/www.greenpeace.ch\/fr\/wp-json\/wp\/v2\/posts\/81474\/revisions"}],"predecessor-version":[{"id":121297,"href":"https:\/\/www.greenpeace.ch\/fr\/wp-json\/wp\/v2\/posts\/81474\/revisions\/121297"}],"wp:featuredmedia":[{"embeddable":true,"href":"https:\/\/www.greenpeace.ch\/fr\/wp-json\/wp\/v2\/media\/81533"}],"wp:attachment":[{"href":"https:\/\/www.greenpeace.ch\/fr\/wp-json\/wp\/v2\/media?parent=81474"}],"wp:term":[{"taxonomy":"category","embeddable":true,"href":"https:\/\/www.greenpeace.ch\/fr\/wp-json\/wp\/v2\/categories?post=81474"},{"taxonomy":"post_tag","embeddable":true,"href":"https:\/\/www.greenpeace.ch\/fr\/wp-json\/wp\/v2\/tags?post=81474"},{"taxonomy":"p4-page-type","embeddable":true,"href":"https:\/\/www.greenpeace.ch\/fr\/wp-json\/wp\/v2\/p4-page-type?post=81474"},{"taxonomy":"gpch-article-type","embeddable":true,"href":"https:\/\/www.greenpeace.ch\/fr\/wp-json\/wp\/v2\/gpch-article-type?post=81474"}],"curies":[{"name":"wp","href":"https:\/\/api.w.org\/{rel}","templated":true}]}}