{"id":83877,"date":"2022-04-12T10:00:00","date_gmt":"2022-04-12T08:00:00","guid":{"rendered":"https:\/\/www.greenpeace.ch\/?p=83877"},"modified":"2022-04-12T12:22:59","modified_gmt":"2022-04-12T10:22:59","slug":"17383-personnes-demandent-un-droit-a-la-reparation","status":"publish","type":"post","link":"https:\/\/www.greenpeace.ch\/fr\/story-fr\/83877\/17383-personnes-demandent-un-droit-a-la-reparation\/","title":{"rendered":"17&rsquo;383 personnes demandent un droit \u00e0 la r\u00e9paration"},"content":{"rendered":"\n<p><strong>Chacun\u00b7e doit pouvoir d\u00e9cider o\u00f9, \u00e0 quel prix et dans quelle mesure un objet d\u00e9fectueux doit pouvoir \u00eatre r\u00e9par\u00e9. C&rsquo;est ce que les <\/strong><strong>17&rsquo;383<\/strong><strong> signataires de la p\u00e9tition pour un droit \u00e0 la r\u00e9paration demandent aux autorit\u00e9s f\u00e9d\u00e9rales. Une p\u00e9tition que nous avons remise au Parlement \u00e0 Berne.<\/strong><\/p>\n\n<p>Comme l\u2019atteste un<a href=\"https:\/\/www.greenpeace.ch\/fr\/communique-de-presse\/77161\/droit-a-la-reparation-largement-soutenu-par-la-population-suisse\/\"> sondage repr\u00e9sentatif<\/a>, la population suisse souhaite pouvoir r\u00e9parer davantage les objets et appareils d\u00e9fectueux. Divers obstacles, notamment financiers et techniques (pi\u00e8ces de rechange indisponibles ou appareils scell\u00e9s avec de la colle par exemple), rendent cependant les r\u00e9parations impossibles. Plus de 17\u2019000<strong> <\/strong>personnes demandent <strong>un droit \u00e0 la r\u00e9paration <\/strong>dans une p\u00e9tition que nous avons remise le 12 avril 2022 au Parlement \u00e0 Berne. Les signataires demandent aux parlementaires de rendre les r\u00e9parations accessibles, attrayantes et abordables pour la population suisse. Ce droit \u00e0 la r\u00e9paration doit \u00eatre ancr\u00e9 dans la Loi sur la protection de l&rsquo;environnement (LPE) dans le cadre de la r\u00e9vision en cours.&nbsp;&nbsp;<\/p>\n<div data-render=\"planet4-blocks\/gallery\" data-attributes=\"{&quot;attributes&quot;:{&quot;multiple_image&quot;:&quot;83928,83918,83914&quot;,&quot;image_data&quot;:[{&quot;url&quot;:&quot;https:\\\/\\\/www.greenpeace.ch\\\/static\\\/planet4-switzerland-stateless\\\/2022\\\/04\\\/08c97479-gp1sxb59_medium_res_with_credit_line.jpg&quot;,&quot;focalPoint&quot;:{&quot;x&quot;:0.5,&quot;y&quot;:0.5},&quot;id&quot;:83928},{&quot;url&quot;:&quot;https:\\\/\\\/www.greenpeace.ch\\\/static\\\/planet4-switzerland-stateless\\\/2022\\\/04\\\/98abb669-gp1sxb3x_web_size_with_credit_line.jpg&quot;,&quot;focalPoint&quot;:{&quot;x&quot;:0.5,&quot;y&quot;:0.5},&quot;id&quot;:83918},{&quot;url&quot;:&quot;https:\\\/\\\/www.greenpeace.ch\\\/static\\\/planet4-switzerland-stateless\\\/2022\\\/04\\\/02e89e5c-gp1sxb4n_web_size_with_credit_line.jpg&quot;,&quot;focalPoint&quot;:{&quot;x&quot;:0.5,&quot;y&quot;:0.5},&quot;id&quot;:83914}],&quot;gallery_block_style&quot;:0,&quot;gallery_block_title&quot;:&quot;&quot;,&quot;gallery_block_description&quot;:&quot;&quot;,&quot;gallery_block_focus_points&quot;:&quot;&quot;,&quot;images&quot;:[{&quot;image_src&quot;:&quot;https:\\\/\\\/www.greenpeace.ch\\\/static\\\/planet4-switzerland-stateless\\\/2022\\\/04\\\/08c97479-gp1sxb59_medium_res_with_credit_line.jpg&quot;,&quot;image_srcset&quot;:&quot;https:\\\/\\\/www.greenpeace.ch\\\/static\\\/planet4-switzerland-stateless\\\/2022\\\/04\\\/08c97479-gp1sxb59_medium_res_with_credit_line.jpg 1200w, https:\\\/\\\/www.greenpeace.ch\\\/static\\\/planet4-switzerland-stateless\\\/2022\\\/04\\\/08c97479-gp1sxb59_medium_res_with_credit_line-300x200.jpg 300w, https:\\\/\\\/www.greenpeace.ch\\\/static\\\/planet4-switzerland-stateless\\\/2022\\\/04\\\/08c97479-gp1sxb59_medium_res_with_credit_line-1024x681.jpg 1024w, https:\\\/\\\/www.greenpeace.ch\\\/static\\\/planet4-switzerland-stateless\\\/2022\\\/04\\\/08c97479-gp1sxb59_medium_res_with_credit_line-768x511.jpg 768w, https:\\\/\\\/www.greenpeace.ch\\\/static\\\/planet4-switzerland-stateless\\\/2022\\\/04\\\/08c97479-gp1sxb59_medium_res_with_credit_line-510x340.jpg 510w&quot;,&quot;image_sizes&quot;:false,&quot;alt_text&quot;:&quot;&quot;,&quot;caption&quot;:&quot;&quot;,&quot;focus_image&quot;:&quot;&quot;,&quot;credits&quot;:&quot;&quot;},{&quot;image_src&quot;:&quot;https:\\\/\\\/www.greenpeace.ch\\\/static\\\/planet4-switzerland-stateless\\\/2022\\\/04\\\/98abb669-gp1sxb3x_web_size_with_credit_line.jpg&quot;,&quot;image_srcset&quot;:&quot;https:\\\/\\\/www.greenpeace.ch\\\/static\\\/planet4-switzerland-stateless\\\/2022\\\/04\\\/98abb669-gp1sxb3x_web_size_with_credit_line.jpg 800w, https:\\\/\\\/www.greenpeace.ch\\\/static\\\/planet4-switzerland-stateless\\\/2022\\\/04\\\/98abb669-gp1sxb3x_web_size_with_credit_line-300x200.jpg 300w, https:\\\/\\\/www.greenpeace.ch\\\/static\\\/planet4-switzerland-stateless\\\/2022\\\/04\\\/98abb669-gp1sxb3x_web_size_with_credit_line-768x511.jpg 768w, https:\\\/\\\/www.greenpeace.ch\\\/static\\\/planet4-switzerland-stateless\\\/2022\\\/04\\\/98abb669-gp1sxb3x_web_size_with_credit_line-510x340.jpg 510w&quot;,&quot;image_sizes&quot;:false,&quot;alt_text&quot;:&quot;&quot;,&quot;caption&quot;:&quot;&quot;,&quot;focus_image&quot;:&quot;&quot;,&quot;credits&quot;:&quot;&quot;},{&quot;image_src&quot;:&quot;https:\\\/\\\/www.greenpeace.ch\\\/static\\\/planet4-switzerland-stateless\\\/2022\\\/04\\\/02e89e5c-gp1sxb4n_web_size_with_credit_line.jpg&quot;,&quot;image_srcset&quot;:&quot;https:\\\/\\\/www.greenpeace.ch\\\/static\\\/planet4-switzerland-stateless\\\/2022\\\/04\\\/02e89e5c-gp1sxb4n_web_size_with_credit_line.jpg 800w, https:\\\/\\\/www.greenpeace.ch\\\/static\\\/planet4-switzerland-stateless\\\/2022\\\/04\\\/02e89e5c-gp1sxb4n_web_size_with_credit_line-300x200.jpg 300w, https:\\\/\\\/www.greenpeace.ch\\\/static\\\/planet4-switzerland-stateless\\\/2022\\\/04\\\/02e89e5c-gp1sxb4n_web_size_with_credit_line-768x511.jpg 768w, https:\\\/\\\/www.greenpeace.ch\\\/static\\\/planet4-switzerland-stateless\\\/2022\\\/04\\\/02e89e5c-gp1sxb4n_web_size_with_credit_line-510x340.jpg 510w&quot;,&quot;image_sizes&quot;:false,&quot;alt_text&quot;:&quot;&quot;,&quot;caption&quot;:&quot;&quot;,&quot;focus_image&quot;:&quot;&quot;,&quot;credits&quot;:&quot;&quot;}]}}\"><\/div>\n<h2 class=\"wp-block-heading\"><strong>Nous avons besoin de mesures politiques contre la surconsommation<\/strong><\/h2>\n\n<p>Si tous les pays consommaient autant que la Suisse, trois plan\u00e8tes seraient n\u00e9cessaires pour couvrir les besoins. Experte consommation et \u00e9conomie circulaire pour Greenpeace Suisse, Barbara Wegmann d\u00e9clare : \u00abIl est temps de changer nos habitudes de consommation de mani\u00e8re \u00e0 ne plus nuire \u00e0 l&rsquo;environnement et au climat. Pour cela, nous avons besoin de conditions-cadres politiques pour la mise en place d\u2019une v\u00e9ritable \u00e9conomie circulaire. Les diverses strat\u00e9gies de l\u2019\u00e9conomie circulaires, telles que la r\u00e9paration, le partage, la r\u00e9utilisation et le reconditionnement, doivent enfin devenir prioritaires afin de pr\u00e9server nos ressources.\u00bb<\/p>\n\n<p>R\u00e9parer permet de prolonger la dur\u00e9e d&rsquo;utilisation des appareils et des objets : c\u2019est donc un levier important aussi dans la lutte contre la crise climatique. Une<a href=\"https:\/\/www.greenpeace.ch\/fr\/communique-de-presse\/82721\/nouvelle-etude-prolonger-la-duree-de-vie-des-produits-protege-le-climat\/\"> analyse<\/a> mandat\u00e9e par Greenpeace Suisse indique qu\u2019une r\u00e9duction de l\u2019empreinte carbone suisse entre 1,8 \u00e0 4 millions de tonnes d\u2019\u00e9quivalent CO2 par an est possible si tous les biens de consommation en Suisse sont utilis\u00e9s un \u00e0 trois ans de plus. A titre de comparaison, le recyclage du PET a permis d&rsquo;\u00e9conomiser 137&rsquo;000 tonnes d&rsquo;\u00e9quivalents CO2 en 2020.<\/p>\n\n<p>La p\u00e9tition adress\u00e9e au Parlement liste les exigences suivantes :<\/p>\n\n<h3 class=\"wp-block-heading\"><strong>1. Garantir la mise sur le march\u00e9 de produits r\u00e9parables, incluant les mesures telles que:&nbsp;&nbsp;<\/strong><\/h3>\n\n<ul class=\"is-style-accent-info wp-block-list\"><li>Fixer des exigences d\u2019\u00e9coconception (conception modulable, pi\u00e8ces standardis\u00e9es, etc.)<\/li><li>Rem\u00e9dier \u00e0 l\u2019irr\u00e9parabilit\u00e9 intentionnelle<\/li><li>Pr\u00e9munir les utilisateurs contre l\u2019obsolescence programm\u00e9e<\/li><li>Renforcer le droit de la garantie<\/li><li>D\u00e9velopper les nouveaux mod\u00e8les commerciaux li\u00e9s \u00e0 la vente de services ou la location de produits<\/li><\/ul>\n\n<h3 class=\"wp-block-heading\"><strong>2. Garantir l\u2019acc\u00e8s aux pi\u00e8ces de rechange et aux informations techniques, c\u2019est-\u00e0-dire :<\/strong><\/h3>\n\n<ul class=\"is-style-accent-info wp-block-list\"><li>Rendre les pi\u00e8ces d\u00e9tach\u00e9es accessibles, aussi sur le long terme, et ceci \u00e0 un prix abordable<\/li><li>Garantir un acc\u00e8s aux guides de r\u00e9paration et d\u2019entretien ainsi qu\u2019aux outils de d\u00e9pannage et de diagnostic, aux plans, aux logiciels ouverts int\u00e9gr\u00e9s dans des produits et \u00e0 tout mat\u00e9riel et information n\u00e9cessaire \u00e0 la r\u00e9paration<\/li><\/ul>\n\n<h3 class=\"wp-block-heading\"><strong>3. Encourager une culture du r\u00e9parable<\/strong><\/h3>\n\n<ul class=\"is-style-accent-info wp-block-list\"><li>Fixer des objectifs concernant le taux de r\u00e9paration et monitorer la situation<\/li><li>Rendre la r\u00e9paration attrayante, facile d\u2019acc\u00e8s et abordable<\/li><li>Inciter le consommateur \u00e0 acheter des biens r\u00e9parables<\/li><li>Servir de mod\u00e8le en tant qu\u2019institution publique<\/li><\/ul>\n","protected":false},"excerpt":{"rendered":"<p>Chacun\u00b7e doit pouvoir d\u00e9cider o\u00f9, \u00e0 quel prix et dans quelle mesure un objet d\u00e9fectueux doit pouvoir \u00eatre r\u00e9par\u00e9. C&rsquo;est ce que les 17&rsquo;383 signataires de la p\u00e9tition pour un&hellip;<\/p>\n","protected":false},"author":50,"featured_media":83918,"comment_status":"closed","ping_status":"closed","sticky":false,"template":"","format":"standard","meta":{"_acf_changed":false,"_planet4_optimize_post_is_variant":false,"_planet4_optimize_experiment_name":"","_planet4_optimize_variant_name":"","ep_exclude_from_search":false,"p4_og_title":"","p4_og_description":"","p4_og_image":"","p4_og_image_id":"","p4_seo_canonical_url":"","p4_campaign_name":"not set","p4_local_project":"not set","p4_basket_name":"not set","p4_department":"","footnotes":""},"categories":[149],"tags":[218,213],"p4-page-type":[77],"gpch-article-type":[],"class_list":["post-83877","post","type-post","status-publish","format-standard","has-post-thumbnail","hentry","category-zero-waste-fr","tag-consommation","tag-economie-circulaire","p4-page-type-story-fr"],"acf":[],"_links":{"self":[{"href":"https:\/\/www.greenpeace.ch\/fr\/wp-json\/wp\/v2\/posts\/83877","targetHints":{"allow":["GET"]}}],"collection":[{"href":"https:\/\/www.greenpeace.ch\/fr\/wp-json\/wp\/v2\/posts"}],"about":[{"href":"https:\/\/www.greenpeace.ch\/fr\/wp-json\/wp\/v2\/types\/post"}],"author":[{"embeddable":true,"href":"https:\/\/www.greenpeace.ch\/fr\/wp-json\/wp\/v2\/users\/50"}],"replies":[{"embeddable":true,"href":"https:\/\/www.greenpeace.ch\/fr\/wp-json\/wp\/v2\/comments?post=83877"}],"version-history":[{"count":0,"href":"https:\/\/www.greenpeace.ch\/fr\/wp-json\/wp\/v2\/posts\/83877\/revisions"}],"wp:featuredmedia":[{"embeddable":true,"href":"https:\/\/www.greenpeace.ch\/fr\/wp-json\/wp\/v2\/media\/83918"}],"wp:attachment":[{"href":"https:\/\/www.greenpeace.ch\/fr\/wp-json\/wp\/v2\/media?parent=83877"}],"wp:term":[{"taxonomy":"category","embeddable":true,"href":"https:\/\/www.greenpeace.ch\/fr\/wp-json\/wp\/v2\/categories?post=83877"},{"taxonomy":"post_tag","embeddable":true,"href":"https:\/\/www.greenpeace.ch\/fr\/wp-json\/wp\/v2\/tags?post=83877"},{"taxonomy":"p4-page-type","embeddable":true,"href":"https:\/\/www.greenpeace.ch\/fr\/wp-json\/wp\/v2\/p4-page-type?post=83877"},{"taxonomy":"gpch-article-type","embeddable":true,"href":"https:\/\/www.greenpeace.ch\/fr\/wp-json\/wp\/v2\/gpch-article-type?post=83877"}],"curies":[{"name":"wp","href":"https:\/\/api.w.org\/{rel}","templated":true}]}}