{"id":84575,"date":"2022-04-26T08:00:00","date_gmt":"2022-04-26T06:00:00","guid":{"rendered":"https:\/\/www.greenpeace.ch\/?p=84575"},"modified":"2022-04-26T16:09:26","modified_gmt":"2022-04-26T14:09:26","slug":"energie-nucleaire-sans-avenir","status":"publish","type":"post","link":"https:\/\/www.greenpeace.ch\/fr\/story-fr\/84575\/energie-nucleaire-sans-avenir\/","title":{"rendered":"L&rsquo;\u00e9nergie nucl\u00e9aire sans avenir"},"content":{"rendered":"\n<p><strong>Il y a 36 ans aujourd&rsquo;hui, deux explosions dans la centrale nucl\u00e9aire de Tchernobyl d\u00e9truisaient l&rsquo;une des quatre unit\u00e9s du r\u00e9acteur. Un nuage radioactif s&rsquo;est \u00e9tendu jusqu&rsquo;en Europe centrale. A l&rsquo;\u00e9poque comme aujourd&rsquo;hui, une chose est claire : l&rsquo;\u00e9nergie nucl\u00e9aire est un \u00ab\u00a0no-go\u00a0\u00bb.<\/strong><\/p>\n\n<p>Jusqu&rsquo;\u00e0 il y a quelques jours, Tchernobyl \u00e9tait une zone de d\u00e9ploiement de l&rsquo;arm\u00e9e russe en vue d&rsquo;une attaque sur la capitale ukrainienne Kiev. Les journalistes de CNN ont mesur\u00e9 dans les rations alimentaires laiss\u00e9es sur place une dose de radiation 50 fois sup\u00e9rieure \u00e0 celle des conditions normales.<\/p>\n\n<p>Cela montre que Tchernobyl reste hautement contamin\u00e9e, m\u00eame apr\u00e8s plus de trente ans. L&rsquo;\u00e9nergie nucl\u00e9aire est et\u00a0sera toujours un risque incalculable pour l&rsquo;homme et l&rsquo;environnement. De plus, m\u00eame les compagnies d&rsquo;\u00e9lectricit\u00e9 sont d\u00e9sormais convaincues que l&rsquo;\u00e9nergie nucl\u00e9aire n&rsquo;est pas rentable. Ainsi, le pr\u00e9sident d&rsquo;Alpiq, Johannes Teyssen, s&rsquo;est r\u00e9cemment prononc\u00e9 contre la construction de nouvelles centrales nucl\u00e9aires dans une interview accord\u00e9e \u00e0 la NZZ am Sonntag. Selon l\u2019hebdomadaire, le secteur de l&rsquo;\u00e9lectricit\u00e9 a \u00e9galement rejet\u00e9 la proposition de\u00a0l\u2019organisation\u00a0fa\u00eeti\u00e8re Economiesuisse. L&rsquo;association avait propos\u00e9 le 30 mars de laisser fonctionner plus longtemps que pr\u00e9vu les quatre centrales nucl\u00e9aires restantes en Suisse avec l&rsquo;argent des contribuables.<\/p>\n\n<p>D\u00e9but mars, Greenpeace Suisse a expliqu\u00e9 dans la fiche th\u00e9matique \u00ab\u00a0<a href=\"https:\/\/www.greenpeace.ch\/static\/planet4-switzerland-stateless\/2022\/03\/20220308-Factsheet-Le-nucleaire-ne-sauvera-pas-le-climat-Greenpeace-Suisse.pdf\">Le nucl\u00e9aire ne sauvera pas le climat<\/a>\u00a0\u00bb pourquoi l&rsquo;\u00e9nergie nucl\u00e9aire ne jouera plus un r\u00f4le dominant dans l&rsquo;approvisionnement \u00e9nerg\u00e9tique. Les alternatives sont pr\u00e9sent\u00e9es dans le sc\u00e9nario \u00e9nerg\u00e9tique de Greenpeace \u00ab\u00a0<a href=\"https:\/\/www.greenpeace.ch\/fr\/publication\/79845\/securite-protection-climat\/\">S\u00e9curit\u00e9 d&rsquo;approvisionnement et protection du climat<\/a>\u00a0\u00bb de janvier 2022.<\/p>\n\n<p>Le tournant \u00e9nerg\u00e9tique est r\u00e9alisable sans d\u00e9truire davantage la biodiversit\u00e9 ou les paysages naturels. Les bases sont les centrales hydro\u00e9lectriques existantes, une efficacit\u00e9 \u00e9nerg\u00e9tique accrue, par exemple par la r\u00e9novation des b\u00e2timents, et un d\u00e9veloppement rapide du photovolta\u00efque.<\/p>\n\n<p>\u00ab\u00a0Dans la lutte contre la crise climatique, l&rsquo;\u00e9nergie nucl\u00e9aire n&rsquo;est rien d&rsquo;autre qu&rsquo;un dangereux fantasme\u00a0\u00bb, d\u00e9clare Georg Klingler, notre expert en climat et \u00e9nergie chez Greenpeace Suisse. \u00ab\u00a0L&rsquo;objectif poursuivi par les partisans de l&rsquo;\u00e9nergie nucl\u00e9aire est de maintenir les r\u00e9acteurs existants en service le plus longtemps possible. Ils repoussent ainsi le tournant \u00e9nerg\u00e9tique aux calendes grecques\u00a0\u00bb.&nbsp;<\/p>\n\n<hr class=\"wp-block-separator\"\/>\n\n<h2 class=\"wp-block-heading\"><strong>Plus d&rsquo;informations<\/strong><\/h2>\n\n<ul class=\"is-style-default wp-block-list\"><li><a href=\"https:\/\/www.greenpeace.ch\/static\/planet4-switzerland-stateless\/2022\/03\/20220308-Factsheet-Le-nucleaire-ne-sauvera-pas-le-climat-Greenpeace-Suisse.pdf\">\u00ab\u00a0Le nucl\u00e9aire ne sauvera pas le climat\u00a0\u00bb<\/a>, fiche th\u00e9matique de Greenpeace Suisse, mars 2022.<\/li><li><a style=\"font-size: 1.125rem; font-family: var(--body--font-family,&quot;Noto Serif&quot;,serif); font-weight: var(--bs-body-font-weight); text-align: var(--bs-body-text-align);\" href=\"https:\/\/www.greenpeace.ch\/fr\/publication\/79845\/securite-protection-climat\/\">\u00ab\u00a0S\u00e9curit\u00e9 de l\u2019approvisionnement et protection du climat\u00a0\u00bb<\/a><span style=\"font-size: 1.125rem; color: initial; font-family: var(--body--font-family,&quot;Noto Serif&quot;,serif); font-weight: var(--bs-body-font-weight); text-align: var(--bs-body-text-align);\">, sc\u00e9nario \u00e9nerg\u00e9tique de Greenpeace Suisse, janvier 2022.<\/span><\/li><li><a rel=\"noreferrer noopener\" href=\"https:\/\/www.greenpeace.org\/international\/nuclear-power-plant-vulnerability-during-military-conflict-ukraine-technical-briefing\/\" target=\"_blank\">\u00abNuclear power plant vulnerability during military conflict \u2013 Ukraine technical briefing\u00bb<\/a>, Briefing de Greenpeace International sur les installations nucl\u00e9aires en Ukraine, mars 2022.<\/li><\/ul>\n\n<p><\/p>\n","protected":false},"excerpt":{"rendered":"<p>Il y a 36 ans aujourd&rsquo;hui, deux explosions dans la centrale nucl\u00e9aire de Tchernobyl d\u00e9truisaient l&rsquo;une des quatre unit\u00e9s du r\u00e9acteur. Un nuage radioactif s&rsquo;est \u00e9tendu jusqu&rsquo;en Europe centrale. A l&rsquo;\u00e9poque, comme aujourd&rsquo;hui, une chose est claire : l&rsquo;\u00e9nergie nucl\u00e9aire est un \u00ab\u00a0no-go\u00a0\u00bb.<\/p>\n","protected":false},"author":111,"featured_media":84468,"comment_status":"closed","ping_status":"closed","sticky":false,"template":"","format":"standard","meta":{"_acf_changed":false,"_planet4_optimize_post_is_variant":false,"_planet4_optimize_experiment_name":"","_planet4_optimize_variant_name":"","ep_exclude_from_search":false,"p4_og_title":"","p4_og_description":"","p4_og_image":"","p4_og_image_id":"","p4_seo_canonical_url":"","p4_campaign_name":"not set","p4_local_project":"not set","p4_basket_name":"not set","p4_department":"","footnotes":""},"categories":[22],"tags":[58,197],"p4-page-type":[77],"gpch-article-type":[],"class_list":["post-84575","post","type-post","status-publish","format-standard","has-post-thumbnail","hentry","category-non-classifiee","tag-climat","tag-energie-fr","p4-page-type-story-fr"],"acf":[],"_links":{"self":[{"href":"https:\/\/www.greenpeace.ch\/fr\/wp-json\/wp\/v2\/posts\/84575","targetHints":{"allow":["GET"]}}],"collection":[{"href":"https:\/\/www.greenpeace.ch\/fr\/wp-json\/wp\/v2\/posts"}],"about":[{"href":"https:\/\/www.greenpeace.ch\/fr\/wp-json\/wp\/v2\/types\/post"}],"author":[{"embeddable":true,"href":"https:\/\/www.greenpeace.ch\/fr\/wp-json\/wp\/v2\/users\/111"}],"replies":[{"embeddable":true,"href":"https:\/\/www.greenpeace.ch\/fr\/wp-json\/wp\/v2\/comments?post=84575"}],"version-history":[{"count":0,"href":"https:\/\/www.greenpeace.ch\/fr\/wp-json\/wp\/v2\/posts\/84575\/revisions"}],"wp:featuredmedia":[{"embeddable":true,"href":"https:\/\/www.greenpeace.ch\/fr\/wp-json\/wp\/v2\/media\/84468"}],"wp:attachment":[{"href":"https:\/\/www.greenpeace.ch\/fr\/wp-json\/wp\/v2\/media?parent=84575"}],"wp:term":[{"taxonomy":"category","embeddable":true,"href":"https:\/\/www.greenpeace.ch\/fr\/wp-json\/wp\/v2\/categories?post=84575"},{"taxonomy":"post_tag","embeddable":true,"href":"https:\/\/www.greenpeace.ch\/fr\/wp-json\/wp\/v2\/tags?post=84575"},{"taxonomy":"p4-page-type","embeddable":true,"href":"https:\/\/www.greenpeace.ch\/fr\/wp-json\/wp\/v2\/p4-page-type?post=84575"},{"taxonomy":"gpch-article-type","embeddable":true,"href":"https:\/\/www.greenpeace.ch\/fr\/wp-json\/wp\/v2\/gpch-article-type?post=84575"}],"curies":[{"name":"wp","href":"https:\/\/api.w.org\/{rel}","templated":true}]}}