{"id":8482,"date":"2009-04-22T00:00:00","date_gmt":"2009-04-21T22:00:00","guid":{"rendered":"https:\/\/master.greenpeace.ch\/press-release-fr\/8482\/les-activites-dedf-en-suisse-incluent-elles-lespionnage\/"},"modified":"2019-05-30T08:56:08","modified_gmt":"2019-05-30T06:56:08","slug":"les-activites-dedf-en-suisse-incluent-elles-lespionnage","status":"publish","type":"post","link":"https:\/\/www.greenpeace.ch\/fr\/communique-de-presse\/8482\/les-activites-dedf-en-suisse-incluent-elles-lespionnage\/","title":{"rendered":"Les activit\u00e9s d\u2019EDF en Suisse incluent-elles l\u2019espionnage?"},"content":{"rendered":"<p><b>Le 31 mars, les m\u00e9dias fran\u00e7ais r\u00e9v\u00e9laient qu\u2019EDF, acteur majeur dans le domaine de l\u2019\u00e9nergie nucl\u00e9aire, avait commandit\u00e9 des activit\u00e9s ill\u00e9gales d\u2019espionnage visant Greenpeace France. Pr\u00e9occup\u00e9e, Greenpeace Suisse a \u00e9crit le 2 avril une lettre \u00e0 EDF Helvetica, bas\u00e9e \u00e0 Lausanne, l\u2019exhortant \u00e0 expliquer clairement si EDF avait pris des mesures destin\u00e9es \u00e0 espionner, d\u2019une mani\u00e8re ou d\u2019une autre, Greenpeace Suisse. Etant donn\u00e9 le contenu de la r\u00e9ponse d\u2019EDF Helvetica et la tournure internationale que prend l\u2019affaire d\u2019espionnage, Greenpeace Suisse estime que la situation est des plus inqui\u00e9tantes en territoire helv\u00e9tique.<\/b><\/p>\n<div>\n<p class=\"bodytext\">Le 31 mars, les m\u00e9dias fran\u00e7ais r\u00e9v\u00e9laient qu&rsquo;EDF (Electricit\u00e9 de France), d\u00e9tentrice de 25% des actions d&rsquo;Alpiq, avait commandit\u00e9 des activit\u00e9s ill\u00e9gales d&rsquo;espionnage visant Greenpeace France. Selon les \u00e9l\u00e9ments du dossier d&rsquo;instruction dont Greenpeace a pris connaissance, la mise en place du syst\u00e8me d&rsquo;espionnage de Greenpeace France par EDF remonte \u00e0 2002 et implique toutes sortes d&rsquo;op\u00e9rations de surveillance et d&rsquo;infiltration, physiques aussi bien qu&rsquo;informatiques. Il ressort \u00e9galement du dossier d&rsquo;instruction qu&rsquo;EDF a mis sur pied des op\u00e9rations de surveillance de Greenpeace dans plusieurs autres pays d&rsquo;Europe.<\/p>\n<p>Pr\u00e9occup\u00e9e par cette affaire, Greenpeace Suisse a adress\u00e9 le 2 avril une lettre \u00e0 Daniel Dupouy, administrateur d\u00e9l\u00e9gu\u00e9 d&rsquo;EDF Helvetica, dans laquelle elle l&rsquo;exhortait \u00e0 expliquer de fa\u00e7on exhaustive si EDF avait pris des mesures destin\u00e9es \u00e0 espionner, d&rsquo;une mani\u00e8re ou d&rsquo;une autre, Greenpeace Suisse. Dans son courrier r\u00e9ponse dat\u00e9 du 9 avril, EDF Helvetica n&rsquo;a nullement r\u00e9pondu \u00e0 la question pos\u00e9e par Greenpeace Suisse.<\/p>\n<p>\u00abC&rsquo;est inadmissible,\u00bb d\u00e9clare Urs Wittwer, responsable de la campagne Atome chez Greenpeace Suisse. \u00abEDF n&rsquo;a pas infirm\u00e9 s&rsquo;\u00eatre livr\u00e9e \u00e0 des op\u00e9rations d&rsquo;espionnage de notre organisation en Suisse, ce qui laisse pr\u00e9sager le pire. Cette situation est d\u00e9testable. La Suisse est une vraie d\u00e9mocratie et nous exigeons que le d\u00e9bat sur la question de l&rsquo;\u00e9nergie nucl\u00e9aire soit totalement transparent, d&rsquo;autant plus que cette question sera soumise au vote du peuple suisse dans quelques ann\u00e9es.\u00bb Tout comme les FMB (Forces Motrices Bernoises) et Axpo, la soci\u00e9t\u00e9 Alpiq, num\u00e9ro un de l&rsquo;\u00e9nergie en Suisse, projette en effet de construire une nouvelle centrale nucl\u00e9aire dans le pays. Elle tente de positionner la technologie nucl\u00e9aire fran\u00e7aise EPR (European Pressurized Reactor) d&rsquo;EDF et Areva comme la meilleure alternative existante.<\/p>\n<p>Etant donn\u00e9 la tournure internationale que prend l&rsquo;affaire d&rsquo;espionnage et la langue de bois pratiqu\u00e9e par EDF en Suisse, Greenpeace Suisse estime qu&rsquo;il est tr\u00e8s plausible qu&rsquo;EDF ait commandit\u00e9 des activit\u00e9s d&rsquo;espionnage \u00e0 son encontre; il est \u00e9galement tr\u00e8s vraisemblable qu&rsquo;elle le fasse dans le futur. \u00abLe groupe EDF a montr\u00e9 qu&rsquo;il \u00e9tait friand de m\u00e9thodes d\u00e9lictueuses, qui vont \u00e0 l&rsquo;encontre des principes de base de la d\u00e9mocratie helv\u00e9tique. Il a perdu toute cr\u00e9dibilit\u00e9. La pr\u00e9sence d&rsquo;EDF \u00e0 hauteur de 25% dans l&rsquo;actionnariat d&rsquo;Alpiq contribue in\u00e9vitablement \u00e0 opacifier et \u00e0 pourrir le d\u00e9bat sur l&rsquo;avenir \u00e9nerg\u00e9tique de la Suisse. Alpiq doit en tirer les cons\u00e9quences, d\u00e9barquer EDF et renoncer \u00e0 ses projets nucl\u00e9aires,\u00bb conclut Urs Wittwer.<\/p>\n<p>Vingt-quatre ans apr\u00e8s l&rsquo;attentat perp\u00e9tr\u00e9 par les services secrets fran\u00e7ais contre le Rainbow Warrior ayant provoqu\u00e9 la mort d&rsquo;un militant Greenpeace, le nucl\u00e9aire est \u00e0 nouveau au c\u0153ur d&rsquo;un scandale d&rsquo;espionnage. Tout porte \u00e0 croire qu&rsquo;EDF craint au plus haut point l&rsquo;acuit\u00e9 du travail de Greenpeace consistant \u00e0 r\u00e9v\u00e9ler l&rsquo;inutilit\u00e9, la dangerosit\u00e9, les co\u00fbts exorbitants et les ratages retentissants de l&rsquo;industrie du nucl\u00e9aire.<\/p>\n<p class=\"bodytext\"><strong><a class=\"download-arrow\" href=\"https:\/\/www.greenpeace.ch\/wp-content\/uploads\/2017\/01\/2009_Atome_Lettre_GreenpeaceSuisse.pdf\" target=\"_blank\" rel=\"noopener noreferrer\">Lettre de Greenpeace Suisse \u00e0 EDF Helvetica (PDF)<\/a><\/strong><\/p>\n<p class=\"bodytext\"><a class=\"download-arrow\" href=\"https:\/\/www.greenpeace.ch\/wp-content\/uploads\/2017\/01\/2009_Atome_Lettre_EDFHelvetica.pdf\" target=\"_blank\" rel=\"noopener noreferrer\"><strong>Lettre de EDF Helvetica \u00e0 Greenpeace Suisse (PDF)<\/strong><\/a><\/p>\n<\/div>\n","protected":false},"excerpt":{"rendered":"<p>Le 31 mars, les m\u00e9dias fran\u00e7ais r\u00e9v\u00e9laient qu\u2019EDF, acteur majeur dans le domaine de l\u2019\u00e9nergie nucl\u00e9aire, avait commandit\u00e9 des activit\u00e9s ill\u00e9gales d\u2019espionnage visant Greenpeace France. Pr\u00e9occup\u00e9e, Greenpeace Suisse a \u00e9crit&hellip;<\/p>\n","protected":false},"author":23,"featured_media":0,"comment_status":"closed","ping_status":"open","sticky":false,"template":"","format":"standard","meta":{"_acf_changed":false,"_planet4_optimize_post_is_variant":false,"_planet4_optimize_experiment_name":"","_planet4_optimize_variant_name":"","ep_exclude_from_search":false,"p4_og_title":"","p4_og_description":"","p4_og_image":"","p4_og_image_id":"","p4_seo_canonical_url":"","p4_campaign_name":"","p4_local_project":"","p4_basket_name":"","p4_department":"","footnotes":""},"categories":[22],"tags":[],"p4-page-type":[73],"gpch-article-type":[],"class_list":["post-8482","post","type-post","status-publish","format-standard","hentry","category-non-classifiee","p4-page-type-communique-de-presse"],"acf":[],"_links":{"self":[{"href":"https:\/\/www.greenpeace.ch\/fr\/wp-json\/wp\/v2\/posts\/8482","targetHints":{"allow":["GET"]}}],"collection":[{"href":"https:\/\/www.greenpeace.ch\/fr\/wp-json\/wp\/v2\/posts"}],"about":[{"href":"https:\/\/www.greenpeace.ch\/fr\/wp-json\/wp\/v2\/types\/post"}],"author":[{"embeddable":true,"href":"https:\/\/www.greenpeace.ch\/fr\/wp-json\/wp\/v2\/users\/23"}],"replies":[{"embeddable":true,"href":"https:\/\/www.greenpeace.ch\/fr\/wp-json\/wp\/v2\/comments?post=8482"}],"version-history":[{"count":0,"href":"https:\/\/www.greenpeace.ch\/fr\/wp-json\/wp\/v2\/posts\/8482\/revisions"}],"wp:attachment":[{"href":"https:\/\/www.greenpeace.ch\/fr\/wp-json\/wp\/v2\/media?parent=8482"}],"wp:term":[{"taxonomy":"category","embeddable":true,"href":"https:\/\/www.greenpeace.ch\/fr\/wp-json\/wp\/v2\/categories?post=8482"},{"taxonomy":"post_tag","embeddable":true,"href":"https:\/\/www.greenpeace.ch\/fr\/wp-json\/wp\/v2\/tags?post=8482"},{"taxonomy":"p4-page-type","embeddable":true,"href":"https:\/\/www.greenpeace.ch\/fr\/wp-json\/wp\/v2\/p4-page-type?post=8482"},{"taxonomy":"gpch-article-type","embeddable":true,"href":"https:\/\/www.greenpeace.ch\/fr\/wp-json\/wp\/v2\/gpch-article-type?post=8482"}],"curies":[{"name":"wp","href":"https:\/\/api.w.org\/{rel}","templated":true}]}}