{"id":84899,"date":"2022-05-02T10:50:10","date_gmt":"2022-05-02T08:50:10","guid":{"rendered":"https:\/\/www.greenpeace.ch\/?p=84899"},"modified":"2022-05-02T15:25:52","modified_gmt":"2022-05-02T13:25:52","slug":"la-grande-chambre-de-la-cedh-traitera-du-recours-suisse-pour-le-climat%ef%bf%bc","status":"publish","type":"post","link":"https:\/\/www.greenpeace.ch\/fr\/story-fr\/84899\/la-grande-chambre-de-la-cedh-traitera-du-recours-suisse-pour-le-climat%ef%bf%bc\/","title":{"rendered":"La Grande Chambre de la CEDH traitera du recours suisse pour le climat\ufffc"},"content":{"rendered":"\n<p><strong>Le recours des A\u00een\u00e9es pour la protection du climat et de 4 personnes individuelles contre la Suisse \u00e0 la Cour europ\u00e9enne des droits de l\u2019homme&nbsp;(CEDH) pose des questions essentielles sur le respect des droits humains en relation avec le r\u00e9chauffement du climat. L&rsquo;arr\u00eat de la CEDH aura de larges cons\u00e9quences. C\u2019est la raison pour laquelle la CEDH a d\u00e9cid\u00e9 que l\u2019affaire serait trait\u00e9e par sa Grande Chambre compos\u00e9e de 17 juges. On s&rsquo;attend \u00e0 ce qu&rsquo;une audience publique ait lieu.&nbsp;&nbsp;<\/strong><\/p>\n\n<p>La CEDH traite d\u00e9j\u00e0 le recours des A\u00een\u00e9es pour la protection du climat et de 4 personnes individuelles de fa\u00e7on&nbsp;<a href=\"https:\/\/www.greenpeace.ch\/fr\/communique-de-presse\/65695\/ainees-cedh-prioritaire\/\">prioritaire<\/a>. La chambre de la CEDH \u00e0 laquelle l&rsquo;affaire avait \u00e9t\u00e9 attribu\u00e9e a en effet d\u00e9cid\u00e9 de la&nbsp;<a href=\"https:\/\/www.greenpeace.ch\/static\/planet4-switzerland-stateless\/2022\/04\/fa014426-klimaseniorinnen_relinquishment-in-favor-of-the-grand-chamber.pdf\">transmettre \u00e0 la Grande Chambre<\/a>. La Grande Chambre est compos\u00e9e de 17 juges. Elle est saisie d&rsquo;affaires judiciaires qui posent des questions importantes sur l&rsquo;interpr\u00e9tation ou l&rsquo;application de la Convention europ\u00e9enne des droits de l\u2019homme. La Grande Chambre ne traite que tr\u00e8s peu de cas soumis \u00e0 la CEDH en instance unique.<\/p>\n\n<p>\u00abNotre action en justice pour le climat re\u00e7oit la plus grande attention possible. La CEDH a reconnu l&rsquo;importance et l&rsquo;urgence de trouver une r\u00e9ponse \u00e0 la question de savoir si les \u00c9tats enfreignent les droits humains en ne prenant pas les mesures n\u00e9cessaires pour prot\u00e9ger le climat\u00bb explique Anne Mahrer, copr\u00e9sidente des A\u00een\u00e9es pour la protection du climat. La CEDH a toutefois d\u00e9j\u00e0 trait\u00e9 de nombreux cas d&rsquo;infraction \u00e0 la Convention europ\u00e9enne des droits de l&rsquo;homme \u00e0 cause d&rsquo;atteintes \u00e0 l&rsquo;environnement. Mais il n&rsquo;y a pas de pr\u00e9c\u00e9dent concernant les obligations d&rsquo;un \u00c9tat concernant les droits humains en relation avec le r\u00e9chauffement de l&rsquo;atmosph\u00e8re terrestre. \u00abUn arr\u00eat de la CEDH n&rsquo;est de ce fait pas seulement important pour les A\u00een\u00e9es pour la protection du climat, il aura aussi des effets sur d&rsquo;autres \u00c9tats europ\u00e9ens. Les hautes cours europ\u00e9ennes et ailleurs dans le monde attendent probablement avec beaucoup d&rsquo;int\u00e9r\u00eat l&rsquo;arr\u00eat de la Grande Chambre de la CEDH\u00bb se r\u00e9jouit Cordelia B\u00e4hr, l&rsquo;avocate des A\u00een\u00e9es pour la protection du climat.&nbsp;<\/p>\n\n<p>Greenpeace Suisse, qui soutient les A\u00een\u00e9es pour la protection du climat depuis le d\u00e9but, salue le fait que l&rsquo;action en justice commenc\u00e9e en Suisse soit trait\u00e9e par la Grande Chambre de la CEDH. \u00abNous devons d&rsquo;urgence r\u00e9duire fortement nos \u00e9missions de gaz \u00e0 effet de serre pour prot\u00e9ger le droit de toute la population \u00e0 la sant\u00e9 et \u00e0 la vie. Nous esp\u00e9rons donc que la CEDH se prononcera rapidement en faveur des A\u00een\u00e9es pour la protection du climat\u00bb ajoute Georg Klingler, expert climat chez Greenpeace Suisse.&nbsp;<\/p>\n\n<p>Il est attendu que la Grande Chambre de la CEDH fixe une audience publique ces tout prochains mois.&nbsp;<\/p>\n\n<p><\/p>\n\n<p><strong>L&rsquo;action en justice des A\u00een\u00e9es pour la protection du climat<\/strong><\/p>\n\n<p>En 2016, les A\u00een\u00e9es pour la protection du climat et quatre personnes agissant en leur nom propre se sont adress\u00e9es \u00e0 la Conf\u00e9d\u00e9ration pour demander un renforcement de la protection du climat eu \u00e9gard \u00e0 leurs droits fondamentaux \u00e0 la sant\u00e9 et \u00e0 vie. Elles n&rsquo;ont jamais \u00e9t\u00e9 entendues. Le Tribunal administratif f\u00e9d\u00e9ral et ensuite le Tribunal f\u00e9d\u00e9ral ont rejet\u00e9 leur requ\u00eate. C&rsquo;est pour cela qu&rsquo;en novembre 2020, les A\u00een\u00e9es pour la protection du climat ont recouru \u00e0 la Cour europ\u00e9enne des droits de l\u2019homme (CEDH) \u00e0 Strasbourg. La CEDH a accord\u00e9 la priorit\u00e9 \u00e0 ce recours en mars 2021. Quelques mois plus tard, neuf institutions nationales et internationales, ainsi que des personnes individuelles ont ainsi remis une observation en tant que tiers intervenant\u00b7es. <\/p>\n\n<p>Plus d&rsquo;informations sur&nbsp;:&nbsp;<a href=\"https:\/\/ainees-climat.ch\/\">https:\/\/ainees-climat.ch\/<\/a><\/p>\n\n<p><\/p>\n\n<p><\/p>\n\n<p><\/p>\n","protected":false},"excerpt":{"rendered":"<p>Le recours des A\u00een\u00e9es pour la protection du climat et de 4 personnes individuelles contre la Suisse \u00e0 la Cour europ\u00e9enne des droits de l\u2019homme\u00a0(CEDH) pose des questions essentielles sur le respect des droits humains en relation avec le r\u00e9chauffement du climat. L&rsquo;arr\u00eat de la CEDH aura de larges cons\u00e9quences.<\/p>\n","protected":false},"author":106,"featured_media":84859,"comment_status":"closed","ping_status":"closed","sticky":false,"template":"","format":"standard","meta":{"_acf_changed":false,"_planet4_optimize_post_is_variant":false,"_planet4_optimize_experiment_name":"","_planet4_optimize_variant_name":"","ep_exclude_from_search":false,"p4_og_title":"","p4_og_description":"Le recours des A\u00een\u00e9es pour la protection du climat et de 4 personnes individuelles contre la Suisse \u00e0 la Cour europ\u00e9enne des droits de l\u2019homme\u00a0(CEDH) pose des questions essentielles sur le respect des droits humains en relation avec le r\u00e9chauffement du climat. L'arr\u00eat de la CEDH aura de larges cons\u00e9quences.","p4_og_image":"","p4_og_image_id":"","p4_seo_canonical_url":"","p4_campaign_name":"not set","p4_local_project":"not set","p4_basket_name":"not set","p4_department":"","footnotes":""},"categories":[22],"tags":[58],"p4-page-type":[77],"gpch-article-type":[],"class_list":["post-84899","post","type-post","status-publish","format-standard","has-post-thumbnail","hentry","category-non-classifiee","tag-climat","p4-page-type-story-fr"],"acf":[],"_links":{"self":[{"href":"https:\/\/www.greenpeace.ch\/fr\/wp-json\/wp\/v2\/posts\/84899","targetHints":{"allow":["GET"]}}],"collection":[{"href":"https:\/\/www.greenpeace.ch\/fr\/wp-json\/wp\/v2\/posts"}],"about":[{"href":"https:\/\/www.greenpeace.ch\/fr\/wp-json\/wp\/v2\/types\/post"}],"author":[{"embeddable":true,"href":"https:\/\/www.greenpeace.ch\/fr\/wp-json\/wp\/v2\/users\/106"}],"replies":[{"embeddable":true,"href":"https:\/\/www.greenpeace.ch\/fr\/wp-json\/wp\/v2\/comments?post=84899"}],"version-history":[{"count":0,"href":"https:\/\/www.greenpeace.ch\/fr\/wp-json\/wp\/v2\/posts\/84899\/revisions"}],"wp:featuredmedia":[{"embeddable":true,"href":"https:\/\/www.greenpeace.ch\/fr\/wp-json\/wp\/v2\/media\/84859"}],"wp:attachment":[{"href":"https:\/\/www.greenpeace.ch\/fr\/wp-json\/wp\/v2\/media?parent=84899"}],"wp:term":[{"taxonomy":"category","embeddable":true,"href":"https:\/\/www.greenpeace.ch\/fr\/wp-json\/wp\/v2\/categories?post=84899"},{"taxonomy":"post_tag","embeddable":true,"href":"https:\/\/www.greenpeace.ch\/fr\/wp-json\/wp\/v2\/tags?post=84899"},{"taxonomy":"p4-page-type","embeddable":true,"href":"https:\/\/www.greenpeace.ch\/fr\/wp-json\/wp\/v2\/p4-page-type?post=84899"},{"taxonomy":"gpch-article-type","embeddable":true,"href":"https:\/\/www.greenpeace.ch\/fr\/wp-json\/wp\/v2\/gpch-article-type?post=84899"}],"curies":[{"name":"wp","href":"https:\/\/api.w.org\/{rel}","templated":true}]}}