{"id":8494,"date":"2009-02-11T00:00:00","date_gmt":"2009-02-10T22:00:00","guid":{"rendered":"https:\/\/master.greenpeace.ch\/press-release-fr\/8494\/projet-lacunaire-les-organisations-ecologistes-presentent-une-proposition-alternative\/"},"modified":"2019-05-30T08:56:28","modified_gmt":"2019-05-30T06:56:28","slug":"projet-lacunaire-les-organisations-ecologistes-presentent-une-proposition-alternative","status":"publish","type":"post","link":"https:\/\/www.greenpeace.ch\/fr\/communique-de-presse\/8494\/projet-lacunaire-les-organisations-ecologistes-presentent-une-proposition-alternative\/","title":{"rendered":"Projet lacunaire \u2013 les organisations \u00e9cologistes pr\u00e9sentent une proposition alternative"},"content":{"rendered":"<p><b>Le projet de r\u00e9vision de l&rsquo;ordonnance sur l&rsquo;\u00e9nergie n&rsquo;exploite que tr\u00e8s partiellement le potentiel d&rsquo;\u00e9conomie de courant pour les appareils et les moteurs industriels. Greenpeace Suisse, la Fondation suisse de l&rsquo;\u00e9nergie (SES) et le WWF Suisse critiquent en particulier le fait que la r\u00e9vision ne pr\u00e9voie pas de prescriptions de consommation d&rsquo;\u00e9nergie pour les cat\u00e9gories d&rsquo;appareils tr\u00e8s gourmands. Les organisations \u00e9cologistes pr\u00e9sentent une proposition alternative qui \u00e9conomise dix fois plus de courant et \u00e9pargne \u00e0 l&rsquo;\u00e9conomie suisse des d\u00e9penses de plus de 1 milliard de francs.<\/b><\/p>\n<div>\n<p class=\"bodytext\">La r\u00e9vision de l&rsquo;ordonnance sur l&rsquo;\u00e9nergie (OEne) formule pour la premi\u00e8re fois des prescriptions concernant la consommation maximale de courant pour les appareils m\u00e9nagers et \u00e9lectroniques. L&rsquo;objectif est de retirer progressivement les appareils inefficaces du march\u00e9. En dehors de quelques dispositions bienvenues (pour le s\u00e8che-linge et l&rsquo;\u00e9lectrom\u00e9nager), le projet de l&rsquo;Office f\u00e9d\u00e9ral de l&rsquo;\u00e9nergie (OFEN) ne tire pas profit de l&rsquo;\u00e9norme potentiel d&rsquo;\u00e9conomie d&rsquo;\u00e9nergie des appareils, des installations et des moteurs industriels. Tel est le constat qui r\u00e9sulte d&rsquo;une expertise effectu\u00e9e par Greenpeace, SES, WWF et S.A.F.E. (Agence suisse pour l&rsquo;efficacit\u00e9 \u00e9nerg\u00e9tique).<\/p>\n<p class=\"bodytext\">Pour les cong\u00e9lateurs et les r\u00e9frig\u00e9rateurs, le projet ne tient pas encore compte de la meilleure technologie disponible (MTD ou \u00abBest Available Technology BAT\u00bb) et pour les moteurs industriels \u00e9lectriques, il n&rsquo;atteint m\u00eame pas les normes de pays comme la Cor\u00e9e, les USA, l&rsquo;Australie ou le Mexique. Mais la plus grande faiblesse du projet est l&rsquo;absence des cat\u00e9gories pr\u00e9sentant le plus fort potentiel d&rsquo;\u00e9conomie. \u00abCe projet de l&rsquo;OFEN r\u00e9duit la consommation de courant de 1% au maximum d&rsquo;ici 2020, c&rsquo;est largement insuffisant\u00bb, constate Ulrike Saul du WWF.<\/p>\n<p class=\"bodytext\">Les organisations \u00e9cologistes profitent donc de l&rsquo;\u00e9ch\u00e9ance du d\u00e9lai de consultation pour d\u00e9poser aupr\u00e8s de l&rsquo;OFEN une proposition d&rsquo;ensemble visant \u00e0 am\u00e9liorer le projet. Cette proposition \u00e9tablit qu&rsquo;il est possible d&rsquo;\u00e9conomiser dix fois plus d&rsquo;\u00e9nergie par rapport au projet de l&rsquo;OFEN, ceci par des mesures coh\u00e9rentes dans le domaine des moteurs \u00e9lectriques, des installations des b\u00e2timents et de l&rsquo;\u00e9clairage. \u00abLes am\u00e9liorations propos\u00e9es permettraient d&rsquo;\u00e9conomiser 10% de la consommation totale de courant en Suisse d&rsquo;ici 2020 &#8211; le double de la production annuelle d&rsquo;une centrale nucl\u00e9aire du type M\u00fchleberg\u00bb, explique Annette Reiber de Greenpeace. \u00abLes m\u00e9nages et l&rsquo;industrie verraient leurs d\u00e9penses d&rsquo;\u00e9nergie baisser de plus de 1 milliard de francs.\u00bb<\/p>\n<p class=\"bodytext\">Les organisations \u00e9cologistes invitent la Conf\u00e9d\u00e9ration \u00e0 am\u00e9liorer son projet de mani\u00e8re substantielle. \u00abC&rsquo;est la seule solution pour que cette r\u00e9vision fasse avancer l&rsquo;exploitation du potentiel d&rsquo;efficacit\u00e9 \u00e9nerg\u00e9tique, qui s&rsquo;\u00e9l\u00e8ve \u00e0 30%!\u00bb rappelle Sabine von Stockar de la SES.<\/p>\n<p class=\"bodytext\"><strong>L&rsquo;efficacit\u00e9 \u00e9nerg\u00e9tique prise au s\u00e9rieux: synth\u00e8se des exigences des organisations \u00e9cologistes<\/strong><\/p>\n<ul>\n<li>Exigences minimales calqu\u00e9es sur la meilleure technologie disponible pour toutes les cat\u00e9gories d&rsquo;appareils, y compris pour les r\u00e9frig\u00e9rateurs (au moins A+ \u00e0 partir de 2010, A++ \u00e0 partir de 2012) et les moteurs \u00e9lectriques (IE2 \u00e0 partir de 2010 et IE3 \u00e0 partir de 2012). Ne doit \u00eatre autoris\u00e9e que la vente des appareils technologiquement les plus avanc\u00e9s et les plus efficaces.<\/li>\n<li>Exigences minimales d&rsquo;efficacit\u00e9 \u00e9galement pour l&rsquo;\u00e9clairage (lampe de m\u00e9nage, luminaire dans les services et l&rsquo;industrie, \u00e9clairage public) et les installations des b\u00e2timents (pompe de circulation, pompe \u00e0 chaleur, chauffe-eau \u00e9lectrique et climatiseur).<\/li>\n<li>D\u00e9claration de consommation d&rsquo;\u00e9nergie (\u00e9tiquette-\u00e9nergie) pour tous les appareils \u00e9lectriques et \u00e9lectroniques.<\/li>\n<li>Adaptation r\u00e9guli\u00e8re (dynamique) de l&rsquo;\u00e9tiquette-\u00e9nergie \u00e0 l&rsquo;\u00e9tat du progr\u00e8s technique, selon le processus en vigueur dans l&rsquo;Union europ\u00e9enne (UE).<\/li>\n<li>Orientation vers les meilleurs standards internationaux d&rsquo;efficacit\u00e9 \u00e9ner-g\u00e9tique. Au minimum, adaptation \u00e0 tous les standards de l&rsquo;UE (directive d&rsquo;\u00e9coconception).<\/li>\n<\/ul>\n<p><strong>L&rsquo;efficacit\u00e9 \u00e9nerg\u00e9tique prise au s\u00e9rieux: un avantage pour l&rsquo;environnement et l&rsquo;\u00e9conomie<\/strong><\/p>\n<ul>\n<li>Economies de courant \u00e0 hauteur de 6000 GWh par ann\u00e9e (le double de la production annuelle d&rsquo;une centrale nucl\u00e9aire du type M\u00fchleberg) d&rsquo;ici 2020, c&rsquo;est-\u00e0-dire 10% de la consommation de courant en Suisse.<\/li>\n<li>Economie d&rsquo;environ 3 millions de tonnes de CO<sub>2<\/sub> (pr\u00e8s de 6% des \u00e9missions totales de CO<sub>2<\/sub> en Suisse).<\/li>\n<li>Baisse des d\u00e9penses \u00e0 hauteur de 1,2 milliard de francs par ann\u00e9e pour l&rsquo;\u00e9conomie et les m\u00e9nages, par la r\u00e9duction de consommation inutile de courant; stimulation de l&rsquo;innovation, de la valeur ajout\u00e9e et de l&#8217;emploi.<\/li>\n<\/ul>\n<\/div>\n","protected":false},"excerpt":{"rendered":"<p>Le projet de r\u00e9vision de l&#8217;ordonnance sur l&#8217;\u00e9nergie n&#8217;exploite que tr\u00e8s partiellement le potentiel d&#8217;\u00e9conomie de courant pour les appareils et les moteurs industriels. Greenpeace Suisse, la Fondation suisse de&hellip;<\/p>\n","protected":false},"author":23,"featured_media":0,"comment_status":"closed","ping_status":"open","sticky":false,"template":"","format":"standard","meta":{"_acf_changed":false,"_planet4_optimize_post_is_variant":false,"_planet4_optimize_experiment_name":"","_planet4_optimize_variant_name":"","ep_exclude_from_search":false,"p4_og_title":"","p4_og_description":"","p4_og_image":"","p4_og_image_id":"","p4_seo_canonical_url":"","p4_campaign_name":"","p4_local_project":"","p4_basket_name":"","p4_department":"","footnotes":""},"categories":[22],"tags":[],"p4-page-type":[73],"gpch-article-type":[],"class_list":["post-8494","post","type-post","status-publish","format-standard","hentry","category-non-classifiee","p4-page-type-communique-de-presse"],"acf":[],"_links":{"self":[{"href":"https:\/\/www.greenpeace.ch\/fr\/wp-json\/wp\/v2\/posts\/8494","targetHints":{"allow":["GET"]}}],"collection":[{"href":"https:\/\/www.greenpeace.ch\/fr\/wp-json\/wp\/v2\/posts"}],"about":[{"href":"https:\/\/www.greenpeace.ch\/fr\/wp-json\/wp\/v2\/types\/post"}],"author":[{"embeddable":true,"href":"https:\/\/www.greenpeace.ch\/fr\/wp-json\/wp\/v2\/users\/23"}],"replies":[{"embeddable":true,"href":"https:\/\/www.greenpeace.ch\/fr\/wp-json\/wp\/v2\/comments?post=8494"}],"version-history":[{"count":0,"href":"https:\/\/www.greenpeace.ch\/fr\/wp-json\/wp\/v2\/posts\/8494\/revisions"}],"wp:attachment":[{"href":"https:\/\/www.greenpeace.ch\/fr\/wp-json\/wp\/v2\/media?parent=8494"}],"wp:term":[{"taxonomy":"category","embeddable":true,"href":"https:\/\/www.greenpeace.ch\/fr\/wp-json\/wp\/v2\/categories?post=8494"},{"taxonomy":"post_tag","embeddable":true,"href":"https:\/\/www.greenpeace.ch\/fr\/wp-json\/wp\/v2\/tags?post=8494"},{"taxonomy":"p4-page-type","embeddable":true,"href":"https:\/\/www.greenpeace.ch\/fr\/wp-json\/wp\/v2\/p4-page-type?post=8494"},{"taxonomy":"gpch-article-type","embeddable":true,"href":"https:\/\/www.greenpeace.ch\/fr\/wp-json\/wp\/v2\/gpch-article-type?post=8494"}],"curies":[{"name":"wp","href":"https:\/\/api.w.org\/{rel}","templated":true}]}}