{"id":8510,"date":"2008-10-22T00:00:00","date_gmt":"2008-10-21T22:00:00","guid":{"rendered":"https:\/\/master.greenpeace.ch\/press-release-fr\/8510\/efficacite-electrique-la-confederation-rate-le-coche\/"},"modified":"2019-05-30T08:56:53","modified_gmt":"2019-05-30T06:56:53","slug":"efficacite-electrique-la-confederation-rate-le-coche","status":"publish","type":"post","link":"https:\/\/www.greenpeace.ch\/fr\/communique-de-presse\/8510\/efficacite-electrique-la-confederation-rate-le-coche\/","title":{"rendered":"Efficacit\u00e9 \u00e9lectrique: la Conf\u00e9d\u00e9ration rate le coche"},"content":{"rendered":"<p><b>Greenpeace Suisse critique le projet de r\u00e9vision partielle de l&rsquo;Ordonnance sur l&rsquo;\u00e9nergie (OEne). L&rsquo;effet \u00e9nerg\u00e9tique des mesures d&rsquo;efficacit\u00e9 propos\u00e9es sur la consommation de courant est proche de z\u00e9ro. Greenpeace exige un renforcement clair du texte propos\u00e9 par l&rsquo;Office f\u00e9d\u00e9ral de l&rsquo;\u00e9nergie (OFEN). Des prescriptions cons\u00e9quentes dans tous les domaines de l&rsquo;efficacit\u00e9 \u00e9lectrique peuvent permettre, \u00e0 long terme, d&rsquo;\u00e9conomiser 8 millions de tonnes de dioxyde de carbone (CO2) et 3 milliards de francs.<\/b><\/p>\n<div>\n<p class=\"bodytext\">Greenpeace salue la r\u00e9vision partielle de l&rsquo;OEne d&rsquo;autant plus que cela fait longtemps que des exigences d&rsquo;efficacit\u00e9 minimale des appareils \u00e9lectriques et des moteurs industriels sont indispensables. Le projet de l&rsquo;OFEN est toutefois beaucoup trop faible et pr\u00e9sente des lacunes importantes dans le domaine de la technique des b\u00e2timents. \u00abAvec une r\u00e9duction de 0.65 % de la consommation de courant en Suisse, l&rsquo;effet des mesures pr\u00e9vues est au mieux marginal. Alors que l&rsquo;on pourrait au moins atteindre le d\u00e9cuple. Greenpeace exige des am\u00e9liorations substantielles pour que cette r\u00e9vision d&rsquo;ordonnance ne reste pas un passage \u00e0 vide administratif\u00bb, explique Annette Reiber de Greenpeace Suisse. Dans le domaine des moteurs industriels, la Suisse est \u00e0 la tra\u00eene au plan international; elle a \u00e9t\u00e9 d\u00e9pass\u00e9e depuis longtemps par des pays comme la Cor\u00e9e, les USA, la Chine ou le Mexique.<\/p>\n<p class=\"bodytext\">Le potentiel total d&rsquo;efficacit\u00e9 \u00e9lectrique de la Suisse est \u00e9norme et atteint 18 milliards de kilowattheures. Cela correspond \u00e0 pr\u00e8s du tiers de la consommation \u00e9lectrique de la Suisse ou \u00e0 la production annuelle de six centrales nucl\u00e9aires (CN) de la puissance de M\u00fchleberg. Ce gaspillage d&rsquo;\u00e9lectricit\u00e9 co\u00fbte 3 milliards de francs par ann\u00e9e \u00e0 l&rsquo;\u00e9conomie nationale. Le potentiel d&rsquo;efficacit\u00e9 \u00e9lectrique peut en grande partie \u00eatre r\u00e9alis\u00e9 via l&rsquo;utilisation des normes &lsquo;Best Available Technology&rsquo; (BAT). Ces normes sont atteintes en n&rsquo;autorisant plus que la vente des appareils et installations qui entrent dans la meilleure cat\u00e9gorie d&rsquo;efficacit\u00e9.<\/p>\n<p class=\"bodytext\">\u00abSi la Conf\u00e9d\u00e9ration promeut r\u00e9solument l&rsquo;extension des nouvelles \u00e9nergies renouvelables et l&rsquo;efficacit\u00e9 \u00e9nerg\u00e9tique, nous pourrons atteindre un effet permettant une r\u00e9elle protection du climat. Il serait par ailleurs inutile de construire de nouvelles grandes centrales dangereuses et nuisibles pour l&rsquo;environnement,\u00bb ajoute Annette Reiber. C&rsquo;est bon pour le climat comme pour le portemonnaie. En r\u00e9alisant tout son potentiel d&rsquo;efficacit\u00e9 \u00e9lectrique, la Suisse peut r\u00e9duire ses \u00e9missions de gaz \u00e0 effet de serre (GES) d&rsquo;au moins 15% par an. Cela renforce l&rsquo;innovation et l&#8217;emploi, et le consommateur paie moins d&rsquo;\u00e9lectricit\u00e9 durant tout le cycle de vie d&rsquo;un appareil.<\/p>\n<p class=\"bodytext\">Les organisations \u00e9cologistes examineront soigneusement le texte propos\u00e9 et pr\u00e9senteront une proposition d&rsquo;am\u00e9lioration pour utiliser au mieux l&rsquo;\u00e9norme potentiel de l&rsquo;efficacit\u00e9 \u00e9nerg\u00e9tique.<\/p>\n<\/div>\n","protected":false},"excerpt":{"rendered":"<p>Greenpeace Suisse critique le projet de r\u00e9vision partielle de l&#8217;Ordonnance sur l&#8217;\u00e9nergie (OEne). L&#8217;effet \u00e9nerg\u00e9tique des mesures d&#8217;efficacit\u00e9 propos\u00e9es sur la consommation de courant est proche de z\u00e9ro. Greenpeace exige&hellip;<\/p>\n","protected":false},"author":23,"featured_media":0,"comment_status":"closed","ping_status":"open","sticky":false,"template":"","format":"standard","meta":{"_acf_changed":false,"_planet4_optimize_post_is_variant":false,"_planet4_optimize_experiment_name":"","_planet4_optimize_variant_name":"","ep_exclude_from_search":false,"p4_og_title":"","p4_og_description":"","p4_og_image":"","p4_og_image_id":"","p4_seo_canonical_url":"","p4_campaign_name":"","p4_local_project":"","p4_basket_name":"","p4_department":"","footnotes":""},"categories":[22],"tags":[],"p4-page-type":[73],"gpch-article-type":[],"class_list":["post-8510","post","type-post","status-publish","format-standard","hentry","category-non-classifiee","p4-page-type-communique-de-presse"],"acf":[],"_links":{"self":[{"href":"https:\/\/www.greenpeace.ch\/fr\/wp-json\/wp\/v2\/posts\/8510","targetHints":{"allow":["GET"]}}],"collection":[{"href":"https:\/\/www.greenpeace.ch\/fr\/wp-json\/wp\/v2\/posts"}],"about":[{"href":"https:\/\/www.greenpeace.ch\/fr\/wp-json\/wp\/v2\/types\/post"}],"author":[{"embeddable":true,"href":"https:\/\/www.greenpeace.ch\/fr\/wp-json\/wp\/v2\/users\/23"}],"replies":[{"embeddable":true,"href":"https:\/\/www.greenpeace.ch\/fr\/wp-json\/wp\/v2\/comments?post=8510"}],"version-history":[{"count":0,"href":"https:\/\/www.greenpeace.ch\/fr\/wp-json\/wp\/v2\/posts\/8510\/revisions"}],"wp:attachment":[{"href":"https:\/\/www.greenpeace.ch\/fr\/wp-json\/wp\/v2\/media?parent=8510"}],"wp:term":[{"taxonomy":"category","embeddable":true,"href":"https:\/\/www.greenpeace.ch\/fr\/wp-json\/wp\/v2\/categories?post=8510"},{"taxonomy":"post_tag","embeddable":true,"href":"https:\/\/www.greenpeace.ch\/fr\/wp-json\/wp\/v2\/tags?post=8510"},{"taxonomy":"p4-page-type","embeddable":true,"href":"https:\/\/www.greenpeace.ch\/fr\/wp-json\/wp\/v2\/p4-page-type?post=8510"},{"taxonomy":"gpch-article-type","embeddable":true,"href":"https:\/\/www.greenpeace.ch\/fr\/wp-json\/wp\/v2\/gpch-article-type?post=8510"}],"curies":[{"name":"wp","href":"https:\/\/api.w.org\/{rel}","templated":true}]}}