{"id":8514,"date":"2008-09-09T00:00:00","date_gmt":"2008-09-08T22:00:00","guid":{"rendered":"https:\/\/master.greenpeace.ch\/press-release-fr\/8514\/les-panneaux-anti-chantier-de-lorganisation-ecologiste-sont-toujours-la\/"},"modified":"2019-05-30T08:56:59","modified_gmt":"2019-05-30T06:56:59","slug":"les-panneaux-anti-chantier-de-lorganisation-ecologiste-sont-toujours-la","status":"publish","type":"post","link":"https:\/\/www.greenpeace.ch\/fr\/communique-de-presse\/8514\/les-panneaux-anti-chantier-de-lorganisation-ecologiste-sont-toujours-la\/","title":{"rendered":"Les panneaux &lsquo;anti-chantier&rsquo; de l&rsquo;organisation \u00e9cologiste sont toujours l\u00e0"},"content":{"rendered":"<p><b>Ce matin, 51 militantes et militants Greenpeace ont dress\u00e9 des panneaux &lsquo;anti-chantier&rsquo; de 8.5 m\u00e8tres de long et 5 m\u00e8tres de haut \u00e0 G\u00f6sgen (SO), M\u00fchleberg (BE) et Beznau (AG). Ils revendiquent en grandes lettres \u00abHier entsteht Kein Kraft-Werk!\u00bb (Il n&rsquo;y aura pas de centrale nucl\u00e9aire ici).<\/b><\/p>\n<div>\n<p class=\"bodytext\">Par cette action, Greenpeace veut soutenir et rendre visible la r\u00e9sistance des habitants de la r\u00e9gion directement concern\u00e9s. C&rsquo;est la raison pour laquelle l&rsquo;organisation a d\u00e9j\u00e0 mandat\u00e9 des avocats et des experts pour pr\u00e9parer des oppositions et des recours, d\u00e9noncer sans m\u00e9nagement les points faibles, les risques et les dangers des centrales nucl\u00e9aires (CN) modernes.<\/p>\n<p>A midi, les panneaux &lsquo;anti-chantier&rsquo; \u00e9taient toujours debout aux trois endroits. Alors qu&rsquo;\u00e0 Beznau, les d\u00e9fenseurs de l&rsquo;environnement \u00e9taient \u00e9vacu\u00e9s et manifestement aussi d\u00e9nonc\u00e9s, des n\u00e9gociations sont encore en cours \u00e0 M\u00fchleberg et G\u00f6sgen. Leo Scherer, charg\u00e9 de campagne antinucl\u00e9aire chez Greenpeace Suisse, commente: \u00abCette fa\u00e7on de proc\u00e9der \u00e0 Beznau \u00e9tonne d&rsquo;autant plus Greenpeace qu&rsquo;aucun risque n&rsquo;a \u00e9t\u00e9 pris et que l&rsquo;action s&rsquo;est d\u00e9roul\u00e9e en dehors du p\u00e9rim\u00e8tre de la CN proprement dit. La CN de Beznau appartient en outre principalement aux autorit\u00e9s publiques. Une telle fa\u00e7on d&rsquo;agir avec la libert\u00e9 d&rsquo;opinion est bl\u00e2mable.\u00bb<\/p>\n<p>Vous trouverez de plus amples informations sur l&rsquo;alliance \u00abNon au nucl\u00e9aire\u00bb ainsi que sur les risques et les dangers de l&rsquo;\u00e9nergie nucl\u00e9aire sur le site <a title=\"\u00d6ffnet einen externen Link im aktuellen Fenster\" href=\"http:\/\/www.nonaunucleaire.ch\/\" target=\"_blank\" rel=\"noopener noreferrer\">www.nonaunucleaire.ch<\/a>.<\/p>\n<\/div>\n","protected":false},"excerpt":{"rendered":"<p>Ce matin, 51 militantes et militants Greenpeace ont dress\u00e9 des panneaux &#8216;anti-chantier&#8217; de 8.5 m\u00e8tres de long et 5 m\u00e8tres de haut \u00e0 G\u00f6sgen (SO), M\u00fchleberg (BE) et Beznau (AG).&hellip;<\/p>\n","protected":false},"author":23,"featured_media":0,"comment_status":"closed","ping_status":"open","sticky":false,"template":"","format":"standard","meta":{"_acf_changed":false,"_planet4_optimize_post_is_variant":false,"_planet4_optimize_experiment_name":"","_planet4_optimize_variant_name":"","ep_exclude_from_search":false,"p4_og_title":"","p4_og_description":"","p4_og_image":"","p4_og_image_id":"","p4_seo_canonical_url":"","p4_campaign_name":"","p4_local_project":"","p4_basket_name":"","p4_department":"","footnotes":""},"categories":[22],"tags":[],"p4-page-type":[73],"gpch-article-type":[],"class_list":["post-8514","post","type-post","status-publish","format-standard","hentry","category-non-classifiee","p4-page-type-communique-de-presse"],"acf":[],"_links":{"self":[{"href":"https:\/\/www.greenpeace.ch\/fr\/wp-json\/wp\/v2\/posts\/8514","targetHints":{"allow":["GET"]}}],"collection":[{"href":"https:\/\/www.greenpeace.ch\/fr\/wp-json\/wp\/v2\/posts"}],"about":[{"href":"https:\/\/www.greenpeace.ch\/fr\/wp-json\/wp\/v2\/types\/post"}],"author":[{"embeddable":true,"href":"https:\/\/www.greenpeace.ch\/fr\/wp-json\/wp\/v2\/users\/23"}],"replies":[{"embeddable":true,"href":"https:\/\/www.greenpeace.ch\/fr\/wp-json\/wp\/v2\/comments?post=8514"}],"version-history":[{"count":0,"href":"https:\/\/www.greenpeace.ch\/fr\/wp-json\/wp\/v2\/posts\/8514\/revisions"}],"wp:attachment":[{"href":"https:\/\/www.greenpeace.ch\/fr\/wp-json\/wp\/v2\/media?parent=8514"}],"wp:term":[{"taxonomy":"category","embeddable":true,"href":"https:\/\/www.greenpeace.ch\/fr\/wp-json\/wp\/v2\/categories?post=8514"},{"taxonomy":"post_tag","embeddable":true,"href":"https:\/\/www.greenpeace.ch\/fr\/wp-json\/wp\/v2\/tags?post=8514"},{"taxonomy":"p4-page-type","embeddable":true,"href":"https:\/\/www.greenpeace.ch\/fr\/wp-json\/wp\/v2\/p4-page-type?post=8514"},{"taxonomy":"gpch-article-type","embeddable":true,"href":"https:\/\/www.greenpeace.ch\/fr\/wp-json\/wp\/v2\/gpch-article-type?post=8514"}],"curies":[{"name":"wp","href":"https:\/\/api.w.org\/{rel}","templated":true}]}}