{"id":8516,"date":"2008-10-15T00:00:00","date_gmt":"2008-10-14T22:00:00","guid":{"rendered":"https:\/\/master.greenpeace.ch\/press-release-fr\/8516\/greenpeace-exige-que-le-gouvernement-italien-renonce-au-charbon\/"},"modified":"2019-05-30T08:57:02","modified_gmt":"2019-05-30T06:57:02","slug":"greenpeace-exige-que-le-gouvernement-italien-renonce-au-charbon","status":"publish","type":"post","link":"https:\/\/www.greenpeace.ch\/fr\/communique-de-presse\/8516\/greenpeace-exige-que-le-gouvernement-italien-renonce-au-charbon\/","title":{"rendered":"Greenpeace exige que le gouvernement italien renonce au charbon"},"content":{"rendered":"<p><b>Ce matin, cinq militants Greenpeace ont grimp\u00e9 sur une grue de la centrale \u00e9lectrique au charbon de Civitavecchia (Italie). Trois des grimpeurs \u00e9taient Suisses.<\/b><\/p>\n<div>\n<p class=\"bodytext\">Pour protester contre la d\u00e9sastreuse politique climatique italienne, les d\u00e9fenseurs de l&rsquo;environnement ont d\u00e9ploy\u00e9 deux banderoles en italien avec les inscriptions \u00abLe gouvernement italien est contre Kyoto\u00bb et \u00abPas de nouvelles centrales au charbon\u00bb. Pendant ce temps, d&rsquo;autres militants ont inscrit \u00abQuit Coal\u00bb directement sur les murs du port de la centrale.<\/p>\n<p class=\"bodytext\">Greenpeace exige que le gouvernement italien cesse imm\u00e9diatement de torpiller la politique climatique de l&rsquo;UE et \u00e9dicte imm\u00e9diatement un moratoire sur de nouvelles centrales \u00e9lectriques au charbon. Francesco Tedesco, charg\u00e9 de campagne climat chez Greenpeace Italie, explique: \u00abNous devons enfin prendre les changements climatiques au s\u00e9rieux, renoncer \u00e0 l&rsquo;\u00e9nergie du charbon et aider les \u00e9nergies renouvelables \u00e0 percer. Au lieu de cela, la centrale au charbon de Civitavecchia augmente les \u00e9missions de CO2 \u00e0 une \u00e9poque o\u00f9 il faudrait les r\u00e9duire &#8211; l&rsquo;Italie ne peut pas atteindre ses objectifs du Protocole de Kyoto ainsi.\u00bb<\/p>\n<p class=\"bodytext\">Le charbon est la source d&rsquo;\u00e9nergie d&rsquo;origine fossile la plus nocive pour le climat et doit de ce fait \u00eatre remplac\u00e9e la premi\u00e8re, pas seulement en Italie, mais sur toute la plan\u00e8te. Au lieu de montrer le bon exemple, les producteurs et distributeurs suisses d&rsquo;\u00e9lectricit\u00e9 misent de plus en plus sur des participations dans des centrales au charbon dans d&rsquo;autres pays europ\u00e9ens, comme les Forces motrices bernoises (FMB\/BKW) avec leur projet \u00e0 CHF 1.6 milliard \u00e0\u00a0 D\u00f6rpen (Allemagne).<\/p>\n<p class=\"lineafter\">En pr\u00e9lude \u00e0 la prochaine conf\u00e9rence sur le climat qui aura lieu en d\u00e9cembre en Pologne, les bateaux Greenpeace Rainbow Warrior et Arctic Sunrise naviguent le long des c\u00f4tes M\u00e9diterran\u00e9ennes et Europ\u00e9ennes avec la revendication de renoncer imm\u00e9diatement \u00e0 l&rsquo;\u00e9nergie du charbon et \u00e0 promouvoir les \u00e9nergies renouvelables. C&rsquo;est la seule fa\u00e7on de freiner les changements climatiques.<\/p>\n<\/div>\n","protected":false},"excerpt":{"rendered":"<p>Ce matin, cinq militants Greenpeace ont grimp\u00e9 sur une grue de la centrale \u00e9lectrique au charbon de Civitavecchia (Italie). Trois des grimpeurs \u00e9taient Suisses. Pour protester contre la d\u00e9sastreuse politique&hellip;<\/p>\n","protected":false},"author":23,"featured_media":0,"comment_status":"closed","ping_status":"open","sticky":false,"template":"","format":"standard","meta":{"_acf_changed":false,"_planet4_optimize_post_is_variant":false,"_planet4_optimize_experiment_name":"","_planet4_optimize_variant_name":"","ep_exclude_from_search":false,"p4_og_title":"","p4_og_description":"","p4_og_image":"","p4_og_image_id":"","p4_seo_canonical_url":"","p4_campaign_name":"","p4_local_project":"","p4_basket_name":"","p4_department":"","footnotes":""},"categories":[22],"tags":[],"p4-page-type":[73],"gpch-article-type":[],"class_list":["post-8516","post","type-post","status-publish","format-standard","hentry","category-non-classifiee","p4-page-type-communique-de-presse"],"acf":[],"_links":{"self":[{"href":"https:\/\/www.greenpeace.ch\/fr\/wp-json\/wp\/v2\/posts\/8516","targetHints":{"allow":["GET"]}}],"collection":[{"href":"https:\/\/www.greenpeace.ch\/fr\/wp-json\/wp\/v2\/posts"}],"about":[{"href":"https:\/\/www.greenpeace.ch\/fr\/wp-json\/wp\/v2\/types\/post"}],"author":[{"embeddable":true,"href":"https:\/\/www.greenpeace.ch\/fr\/wp-json\/wp\/v2\/users\/23"}],"replies":[{"embeddable":true,"href":"https:\/\/www.greenpeace.ch\/fr\/wp-json\/wp\/v2\/comments?post=8516"}],"version-history":[{"count":0,"href":"https:\/\/www.greenpeace.ch\/fr\/wp-json\/wp\/v2\/posts\/8516\/revisions"}],"wp:attachment":[{"href":"https:\/\/www.greenpeace.ch\/fr\/wp-json\/wp\/v2\/media?parent=8516"}],"wp:term":[{"taxonomy":"category","embeddable":true,"href":"https:\/\/www.greenpeace.ch\/fr\/wp-json\/wp\/v2\/categories?post=8516"},{"taxonomy":"post_tag","embeddable":true,"href":"https:\/\/www.greenpeace.ch\/fr\/wp-json\/wp\/v2\/tags?post=8516"},{"taxonomy":"p4-page-type","embeddable":true,"href":"https:\/\/www.greenpeace.ch\/fr\/wp-json\/wp\/v2\/p4-page-type?post=8516"},{"taxonomy":"gpch-article-type","embeddable":true,"href":"https:\/\/www.greenpeace.ch\/fr\/wp-json\/wp\/v2\/gpch-article-type?post=8516"}],"curies":[{"name":"wp","href":"https:\/\/api.w.org\/{rel}","templated":true}]}}