{"id":8518,"date":"2008-07-02T00:00:00","date_gmt":"2008-07-01T22:00:00","guid":{"rendered":"https:\/\/master.greenpeace.ch\/press-release-fr\/8518\/communique-de-presse-la-chimie-baloise-promet-dassainir-les-decharges-chimiques\/"},"modified":"2019-05-30T08:57:05","modified_gmt":"2019-05-30T06:57:05","slug":"communique-de-presse-la-chimie-baloise-promet-dassainir-les-decharges-chimiques","status":"publish","type":"post","link":"https:\/\/www.greenpeace.ch\/fr\/communique-de-presse\/8518\/communique-de-presse-la-chimie-baloise-promet-dassainir-les-decharges-chimiques\/","title":{"rendered":"Communiqu\u00e9 de presse: La chimie b\u00e2loise promet d\u2019assainir les d\u00e9charges chimiques"},"content":{"rendered":"<p><b>Les d\u00e9charges de Novartis, Ciba et Syngenta au Letten et au R\u00f6misloch (Alsace) seront compl\u00e8tement assainies. C\u2019est ce qu\u2019a promis aujourd\u2019hui Michael Pl\u00fcss, pr\u00e9sident de Novartis Suisse et de IGDRB, aux autorit\u00e9s, communes et \u00e0 Greenpeace lors d\u2019une s\u00e9ance chez le pr\u00e9fet du Haut-Rhin. Une \u00e9tude de l\u2019assainissement doit \u00eatre faite avec l\u2019objectif d\u2019excaver tous les d\u00e9chets chimiques dangereux.<\/b><\/p>\n<div>\n<p class=\"bodytext\">Matthias W\u00fcthrich, charg\u00e9 de la campagne chimie de Greenpeace Suisse, commente: \u00abGreenpeace se r\u00e9jouit de ce projet. Les promesses que Novartis, Ciba et Syngenta ont faites en ce qui concerne un assainissement complet sont une victoire pour l&rsquo;environnement et les personnes, communes et organisations concern\u00e9es qui s&rsquo;engagent dans ce but depuis des ann\u00e9es. Nous continuerons a exiger des entreprises responsables qu&rsquo;elles fassent leur devoir et assainissent leurs d\u00e9charges en excavant les d\u00e9chets chimiques dangereux.\u00bb En tenant compte des d\u00e9charges chimiques restantes dans la r\u00e9gion de B\u00e2le Matthias W\u00fcthrich pense: \u00abIl vaut mieux tard que jamais &#8211; le grand nettoyage des d\u00e9charges de la r\u00e9gion de B\u00e2le commence!\u00bb<\/p>\n<p class=\"bodytext\">Greenpeace se voit confirm\u00e9e dans son engagement qui dure depuis des ann\u00e9es et appelle les autorit\u00e9s de B\u00e2le-Campagne \u00e0 \u00e9galement ordonner l&rsquo;assainissement des d\u00e9charges chimiques situ\u00e9es sur la commune de Muttenz (BL) \u00e0 Feldrebengrube, Margelacker et Rothausstrasse. Tous les d\u00e9chets chimiques dangereux doivent \u00eatre excav\u00e9s et les d\u00e9charges assainies aux frais des pollueurs Novartis, Ciba et Syngenta!<\/p>\n<\/div>\n","protected":false},"excerpt":{"rendered":"<p>Les d\u00e9charges de Novartis, Ciba et Syngenta au Letten et au R\u00f6misloch (Alsace) seront compl\u00e8tement assainies. C\u2019est ce qu\u2019a promis aujourd\u2019hui Michael Pl\u00fcss, pr\u00e9sident de Novartis Suisse et de IGDRB,&hellip;<\/p>\n","protected":false},"author":23,"featured_media":0,"comment_status":"closed","ping_status":"open","sticky":false,"template":"","format":"standard","meta":{"_acf_changed":false,"_planet4_optimize_post_is_variant":false,"_planet4_optimize_experiment_name":"","_planet4_optimize_variant_name":"","ep_exclude_from_search":false,"p4_og_title":"","p4_og_description":"","p4_og_image":"","p4_og_image_id":"","p4_seo_canonical_url":"","p4_campaign_name":"","p4_local_project":"","p4_basket_name":"","p4_department":"","footnotes":""},"categories":[22],"tags":[],"p4-page-type":[73],"gpch-article-type":[],"class_list":["post-8518","post","type-post","status-publish","format-standard","hentry","category-non-classifiee","p4-page-type-communique-de-presse"],"acf":[],"_links":{"self":[{"href":"https:\/\/www.greenpeace.ch\/fr\/wp-json\/wp\/v2\/posts\/8518","targetHints":{"allow":["GET"]}}],"collection":[{"href":"https:\/\/www.greenpeace.ch\/fr\/wp-json\/wp\/v2\/posts"}],"about":[{"href":"https:\/\/www.greenpeace.ch\/fr\/wp-json\/wp\/v2\/types\/post"}],"author":[{"embeddable":true,"href":"https:\/\/www.greenpeace.ch\/fr\/wp-json\/wp\/v2\/users\/23"}],"replies":[{"embeddable":true,"href":"https:\/\/www.greenpeace.ch\/fr\/wp-json\/wp\/v2\/comments?post=8518"}],"version-history":[{"count":0,"href":"https:\/\/www.greenpeace.ch\/fr\/wp-json\/wp\/v2\/posts\/8518\/revisions"}],"wp:attachment":[{"href":"https:\/\/www.greenpeace.ch\/fr\/wp-json\/wp\/v2\/media?parent=8518"}],"wp:term":[{"taxonomy":"category","embeddable":true,"href":"https:\/\/www.greenpeace.ch\/fr\/wp-json\/wp\/v2\/categories?post=8518"},{"taxonomy":"post_tag","embeddable":true,"href":"https:\/\/www.greenpeace.ch\/fr\/wp-json\/wp\/v2\/tags?post=8518"},{"taxonomy":"p4-page-type","embeddable":true,"href":"https:\/\/www.greenpeace.ch\/fr\/wp-json\/wp\/v2\/p4-page-type?post=8518"},{"taxonomy":"gpch-article-type","embeddable":true,"href":"https:\/\/www.greenpeace.ch\/fr\/wp-json\/wp\/v2\/gpch-article-type?post=8518"}],"curies":[{"name":"wp","href":"https:\/\/api.w.org\/{rel}","templated":true}]}}