{"id":8520,"date":"2008-09-09T00:00:00","date_gmt":"2008-09-08T22:00:00","guid":{"rendered":"https:\/\/master.greenpeace.ch\/press-release-fr\/8520\/triple-action-contre-de-nouvelles-centrales-nucleaires\/"},"modified":"2019-05-30T08:57:09","modified_gmt":"2019-05-30T06:57:09","slug":"triple-action-contre-de-nouvelles-centrales-nucleaires","status":"publish","type":"post","link":"https:\/\/www.greenpeace.ch\/fr\/communique-de-presse\/8520\/triple-action-contre-de-nouvelles-centrales-nucleaires\/","title":{"rendered":"Triple action contre de nouvelles centrales nucl\u00e9aires"},"content":{"rendered":"<p><b>Avec leurs trois demandes d\u2019autorisation g\u00e9n\u00e9rale (DAG), les producteurs d&rsquo;\u00e9lectricit\u00e9 Axpo, FMB et Atel pr\u00e9voient une extension massive et dangereuse de l&rsquo;\u00e9nergie atomique en Suisse. C&rsquo;est la raison pour laquelle des militantes et militants Greenpeace ont protest\u00e9 simultan\u00e9ment contre ces projets aux trois emplacements envisag\u00e9s pour la construction de nouvelles centrales nucl\u00e9aires (CN). L&rsquo;organisation \u00e9cologiste pr\u00e9pare en outre la r\u00e9sistance juridique avec la population des r\u00e9gions touch\u00e9es.<\/b><\/p>\n<div>\n<p class=\"bodytext\">En juin, Atel a d\u00e9pos\u00e9 une DAG pour construire une nouvelle CN. FMB et Axpo annoncent le d\u00e9p\u00f4t de deux autres DAG pour cet automne &#8211; d\u00e9p\u00f4t qui peut avoir lieu \u00e0 tout moment. C&rsquo;est la raison pour laquelle, ce matin, 51 militantes et militants Greenpeace ont dress\u00e9 des panneaux de chantier de 8.5 m\u00e8tres de long et 5 m\u00e8tres de haut sur les emplacements pr\u00e9vus \u00e0 G\u00f6sgen (SO), M\u00fchleberg (BE) et Beznau (AG). Ces panneaux comportent en grandes lettres l&rsquo;abr\u00e9viation \u00abKKW\u00bb (abr\u00e9viation de Kernkraftwerk, centrale nucl\u00e9aire), dont la seule signification exacte est: \u00abHier entsteht Kein Kraft-Werk!\u00bb (Il n&rsquo;y aura pas de centrale nucl\u00e9aire ici).<\/p>\n<p>Par cette action, Greenpeace veut marquer son opposition aux projets de CN des producteurs d&rsquo;\u00e9lectricit\u00e9. L&rsquo;organisation \u00e9cologiste invite les populations concern\u00e9es des r\u00e9gions du Niederamt (SO), de M\u00fchleberg (BE) et du Unteres Aaretal (AG) \u00e0 d\u00e9poser des oppositions collectives contre cette augmentation de la menace atomique. Greenpeace veut soutenir leur r\u00e9sistance et la rendre visible. L&rsquo;organisation mandate donc d\u00e9j\u00e0 des avocats et des experts pour pr\u00e9parer des oppositions et des recours, d\u00e9noncer sans m\u00e9nagement les points faibles, les risques et les dangers des CN modernes.<\/p>\n<p>M\u00eame les r\u00e9acteurs nucl\u00e9aires les plus modernes ne peuvent pas exclure le risque &lsquo;r\u00e9siduel&rsquo; que constitue une catastrophe atomique. Du fait de la puissance accrue des nouveaux types de r\u00e9acteurs, un accident nucl\u00e9aire majeur aurait des cons\u00e9quences dramatiques. Et le stockage des d\u00e9chets radioactifs n&rsquo;est toujours pas r\u00e9solu. L&rsquo;\u00e9nergie atomique est donc toujours une menace r\u00e9elle pour les g\u00e9n\u00e9rations \u00e0 venir et ne peut en aucun cas constituer une solution pour un avenir \u00e9nerg\u00e9tique s\u00fbr et favorable au climat. Elle constitue en fait une diversion dangereuse et ch\u00e8re de la vraie protection du climat. Sa contribution \u00e0 la r\u00e9duction des \u00e9missions de CO2 est insignifiante.<\/p>\n<p class=\"bodytext\">Leo Scherer, charg\u00e9 de campagne antinucl\u00e9aire chez Greenpeace Suisse, exige que \u00ables producteurs d&rsquo;\u00e9lectricit\u00e9 s&rsquo;orientent maintenant vers un avenir \u00e9nerg\u00e9tique durable. Les techniques pour baser compl\u00e8tement et \u00e0 long terme l&rsquo;approvisionnement \u00e9lectrique sur les sources d&rsquo;\u00e9nergie renouvelables existent d\u00e9j\u00e0. Construire de nouvelles CN entraverait gravement ce d\u00e9veloppement absolument indispensable et emp\u00eacherait une vraie incitation \u00e0 l&rsquo;efficacit\u00e9 \u00e9nerg\u00e9tique.\u00bb<\/p>\n<p class=\"bodytext\">Vous trouverez de plus amples informations sur l&rsquo;alliance \u00abNon au nucl\u00e9aire\u00bb ainsi que sur les risques et les dangers de l&rsquo;\u00e9nergie nucl\u00e9aire sur le site <a class=\"external-link-new-window\" href=\"http:\/\/www.nonaunucleaire.ch\/\" target=\"_blank\" rel=\"noopener noreferrer\">www.nonaunucleaire.ch<\/a>.<\/p>\n<\/div>\n","protected":false},"excerpt":{"rendered":"<p>Avec leurs trois demandes d\u2019autorisation g\u00e9n\u00e9rale (DAG), les producteurs d&#8217;\u00e9lectricit\u00e9 Axpo, FMB et Atel pr\u00e9voient une extension massive et dangereuse de l&#8217;\u00e9nergie atomique en Suisse. C&#8217;est la raison pour laquelle&hellip;<\/p>\n","protected":false},"author":23,"featured_media":0,"comment_status":"closed","ping_status":"open","sticky":false,"template":"","format":"standard","meta":{"_acf_changed":false,"_planet4_optimize_post_is_variant":false,"_planet4_optimize_experiment_name":"","_planet4_optimize_variant_name":"","ep_exclude_from_search":false,"p4_og_title":"","p4_og_description":"","p4_og_image":"","p4_og_image_id":"","p4_seo_canonical_url":"","p4_campaign_name":"","p4_local_project":"","p4_basket_name":"","p4_department":"","footnotes":""},"categories":[22],"tags":[],"p4-page-type":[73],"gpch-article-type":[],"class_list":["post-8520","post","type-post","status-publish","format-standard","hentry","category-non-classifiee","p4-page-type-communique-de-presse"],"acf":[],"_links":{"self":[{"href":"https:\/\/www.greenpeace.ch\/fr\/wp-json\/wp\/v2\/posts\/8520","targetHints":{"allow":["GET"]}}],"collection":[{"href":"https:\/\/www.greenpeace.ch\/fr\/wp-json\/wp\/v2\/posts"}],"about":[{"href":"https:\/\/www.greenpeace.ch\/fr\/wp-json\/wp\/v2\/types\/post"}],"author":[{"embeddable":true,"href":"https:\/\/www.greenpeace.ch\/fr\/wp-json\/wp\/v2\/users\/23"}],"replies":[{"embeddable":true,"href":"https:\/\/www.greenpeace.ch\/fr\/wp-json\/wp\/v2\/comments?post=8520"}],"version-history":[{"count":0,"href":"https:\/\/www.greenpeace.ch\/fr\/wp-json\/wp\/v2\/posts\/8520\/revisions"}],"wp:attachment":[{"href":"https:\/\/www.greenpeace.ch\/fr\/wp-json\/wp\/v2\/media?parent=8520"}],"wp:term":[{"taxonomy":"category","embeddable":true,"href":"https:\/\/www.greenpeace.ch\/fr\/wp-json\/wp\/v2\/categories?post=8520"},{"taxonomy":"post_tag","embeddable":true,"href":"https:\/\/www.greenpeace.ch\/fr\/wp-json\/wp\/v2\/tags?post=8520"},{"taxonomy":"p4-page-type","embeddable":true,"href":"https:\/\/www.greenpeace.ch\/fr\/wp-json\/wp\/v2\/p4-page-type?post=8520"},{"taxonomy":"gpch-article-type","embeddable":true,"href":"https:\/\/www.greenpeace.ch\/fr\/wp-json\/wp\/v2\/gpch-article-type?post=8520"}],"curies":[{"name":"wp","href":"https:\/\/api.w.org\/{rel}","templated":true}]}}