{"id":8532,"date":"2008-06-04T00:00:00","date_gmt":"2008-06-03T22:00:00","guid":{"rendered":"https:\/\/master.greenpeace.ch\/press-release-fr\/8532\/alerte-sur-un-reacteur-en-slovenie-le-nucleaire-nest-pas-une-energie-comme-les-autres\/"},"modified":"2019-05-30T08:57:29","modified_gmt":"2019-05-30T06:57:29","slug":"alerte-sur-un-reacteur-en-slovenie-le-nucleaire-nest-pas-une-energie-comme-les-autres","status":"publish","type":"post","link":"https:\/\/www.greenpeace.ch\/fr\/communique-de-presse\/8532\/alerte-sur-un-reacteur-en-slovenie-le-nucleaire-nest-pas-une-energie-comme-les-autres\/","title":{"rendered":"Alerte sur un r\u00e9acteur en Slov\u00e9nie: Le nucl\u00e9aire n\u2019est pas une \u00e9nergie comme les autres"},"content":{"rendered":"<p><b>Mercredi dans l\u2019apr\u00e8s-midi, la Commission europ\u00e9enne a d\u00e9clench\u00e9 le syst\u00e8me d\u2019alerte europ\u00e9en sur les risques radioactifs apr\u00e8s un incident survenu dans la centrale nucl\u00e9aire de Krsko, en Slov\u00e9nie. Sans avoir encore le fin mot sur la situation exacte du r\u00e9acteur et la gestion de l\u2019incident, il para\u00eet important de pr\u00e9ciser au moins trois \u00e9l\u00e9ments.<\/b><\/p>\n<div>\n<p class=\"bodytext\">D&rsquo;abord, une telle alerte montre bien que le nucl\u00e9aire ne constitue pas une \u00e9nergie comme les autres. Contrairement aux autres modes de production d&rsquo;\u00e9lectricit\u00e9, le nucl\u00e9aire implique des risques extr\u00eamement \u00e9lev\u00e9s. \u00abCeux qui, comme Nicolas Sarkozy ou Silvio Berlusconi, pr\u00e9voient aujourd&rsquo;hui de construire davantage de r\u00e9acteurs nucl\u00e9aires doivent suivre cet avertissement et rejeter cette technologie, d\u00e9clare Fr\u00e9d\u00e9ric Marillier, de la campagne \u00c9nergie de Greenpeace.<\/p>\n<p class=\"bodytext\">L&rsquo;incident de Krsko est une preuve de plus de la menace que toutes les installations nucl\u00e9aires d&rsquo;Europe posent pour sa population, son environnement. Qu&rsquo;attendons-nous pour rejeter cette technologie inutile, tr\u00e8s risqu\u00e9e et tr\u00e8s ch\u00e8re? Qu&rsquo;attendons-nous pour investir dans une politique ambitieuse d&rsquo;efficacit\u00e9 \u00e9nerg\u00e9tique et dans les renouvelables, qui r\u00e9pondent \u00e0 la fois aux enjeux de lutte contre les changements climatiques, d&rsquo;ind\u00e9pendance \u00e9nerg\u00e9tique et de maintien du pouvoir d&rsquo;achat?\u00bb<\/p>\n<p>Ensuite, le r\u00e9acteur Krsko est un r\u00e9acteur de type PWR (pressurized water reactor), c&rsquo;est-\u00e0-dire un r\u00e9acteur \u00e0 eau pressuris\u00e9e, d&rsquo;une puissance de 700MW, entr\u00e9 en service en 1981 et construit par Westinghouse, le g\u00e9ant du nucl\u00e9aire am\u00e9ricain. Il s&rsquo;agit exactement du m\u00eame type de r\u00e9acteur que les mod\u00e8les occidentaux, en particulier tous les r\u00e9acteurs du parc fran\u00e7ais &#8211; l&rsquo;EPR lui-m\u00eame est de ce type. \u00abPas question de minimiser l&rsquo;incident de Krsko sous le pr\u00e9texte qu&rsquo;il s&rsquo;agirait d&rsquo;un vieux r\u00e9acteur con\u00e7u dans les pays de l&rsquo;Est, avertit Fr\u00e9d\u00e9ric Marillier. Ce type d&rsquo;incident n&rsquo;a rien d&rsquo;exceptionnel et peut tout \u00e0 fait arriver chez nous.\u00bb<\/p>\n<p>Enfin, une fuite au niveau du circuit de refroidissement primaire constitue l&rsquo;incident le plus grave qui puisse arriver sur un r\u00e9acteur. Selon l&rsquo;importance de la fuite, il est possible de perdre le contr\u00f4le du r\u00e9acteur qui surchauffe, voire entre en fusion, ce qui entra\u00eene ensuite un rejet important de radioactivit\u00e9. \u00abUn tel sc\u00e9nario s&rsquo;est d\u00e9j\u00e0 produit en mars 1979, sur la centrale am\u00e9ricain de Three Miles Island, avec une fuite du circuit primaire engendrant la fusion du c\u0153ur du r\u00e9acteur. A cette \u00e9poque, la catastrophe a \u00e9t\u00e9 \u00e9vit\u00e9e de justesse, rappelle Fr\u00e9d\u00e9ric Marillier. L&rsquo;incident slov\u00e8ne devrait faire r\u00e9fl\u00e9chir les \u00c9tats-Unis qui semblent avoir l&rsquo;intention de relancer la construction de nouvelles centrales&#8230;\u00bb<\/p>\n<p>O\u00f9 en est-on en Slov\u00e9nie? Le r\u00e9acteur a \u00e9t\u00e9 arr\u00eat\u00e9 afin d&rsquo;abaisser la pression. \u00abMais cela n&rsquo;est pas suffisant, pr\u00e9cise Fr\u00e9d\u00e9ric Marillier. Un r\u00e9acteur ne s&rsquo;\u00e9teint pas comme \u00e7a, il faut continuer \u00e0 le refroidir. Or c&rsquo;est tout le probl\u00e8me, puisque c&rsquo;est pr\u00e9cis\u00e9ment le syst\u00e8me de refroidissement qui est d\u00e9faillant.\u00bb D&rsquo;apr\u00e8s la Commission europ\u00e9enne et les autorit\u00e9s slov\u00e8nes, la situation semble \u00eatre \u00absous contr\u00f4le\u00bb et il n&rsquo;y aurait pour l&rsquo;instant aucun rejet radioactif dans l&rsquo;environnement. Pour en avoir le c\u0153ur net, Greenpeace a d\u00e9p\u00each\u00e9 une \u00e9quipe sur place qui va notamment effectuer des mesures de radioactivit\u00e9.<\/p>\n<\/div>\n","protected":false},"excerpt":{"rendered":"<p>Mercredi dans l\u2019apr\u00e8s-midi, la Commission europ\u00e9enne a d\u00e9clench\u00e9 le syst\u00e8me d\u2019alerte europ\u00e9en sur les risques radioactifs apr\u00e8s un incident survenu dans la centrale nucl\u00e9aire de Krsko, en Slov\u00e9nie. Sans avoir&hellip;<\/p>\n","protected":false},"author":23,"featured_media":0,"comment_status":"closed","ping_status":"open","sticky":false,"template":"","format":"standard","meta":{"_acf_changed":false,"_planet4_optimize_post_is_variant":false,"_planet4_optimize_experiment_name":"","_planet4_optimize_variant_name":"","ep_exclude_from_search":false,"p4_og_title":"","p4_og_description":"","p4_og_image":"","p4_og_image_id":"","p4_seo_canonical_url":"","p4_campaign_name":"","p4_local_project":"","p4_basket_name":"","p4_department":"","footnotes":""},"categories":[22],"tags":[],"p4-page-type":[73],"gpch-article-type":[],"class_list":["post-8532","post","type-post","status-publish","format-standard","hentry","category-non-classifiee","p4-page-type-communique-de-presse"],"acf":[],"_links":{"self":[{"href":"https:\/\/www.greenpeace.ch\/fr\/wp-json\/wp\/v2\/posts\/8532","targetHints":{"allow":["GET"]}}],"collection":[{"href":"https:\/\/www.greenpeace.ch\/fr\/wp-json\/wp\/v2\/posts"}],"about":[{"href":"https:\/\/www.greenpeace.ch\/fr\/wp-json\/wp\/v2\/types\/post"}],"author":[{"embeddable":true,"href":"https:\/\/www.greenpeace.ch\/fr\/wp-json\/wp\/v2\/users\/23"}],"replies":[{"embeddable":true,"href":"https:\/\/www.greenpeace.ch\/fr\/wp-json\/wp\/v2\/comments?post=8532"}],"version-history":[{"count":0,"href":"https:\/\/www.greenpeace.ch\/fr\/wp-json\/wp\/v2\/posts\/8532\/revisions"}],"wp:attachment":[{"href":"https:\/\/www.greenpeace.ch\/fr\/wp-json\/wp\/v2\/media?parent=8532"}],"wp:term":[{"taxonomy":"category","embeddable":true,"href":"https:\/\/www.greenpeace.ch\/fr\/wp-json\/wp\/v2\/categories?post=8532"},{"taxonomy":"post_tag","embeddable":true,"href":"https:\/\/www.greenpeace.ch\/fr\/wp-json\/wp\/v2\/tags?post=8532"},{"taxonomy":"p4-page-type","embeddable":true,"href":"https:\/\/www.greenpeace.ch\/fr\/wp-json\/wp\/v2\/p4-page-type?post=8532"},{"taxonomy":"gpch-article-type","embeddable":true,"href":"https:\/\/www.greenpeace.ch\/fr\/wp-json\/wp\/v2\/gpch-article-type?post=8532"}],"curies":[{"name":"wp","href":"https:\/\/api.w.org\/{rel}","templated":true}]}}