{"id":8534,"date":"2008-05-27T00:00:00","date_gmt":"2008-05-26T22:00:00","guid":{"rendered":"https:\/\/master.greenpeace.ch\/press-release-fr\/8534\/lautorite-de-surete-nucleaire-francaise-stoppe-le-chantier-de-construction-du-reacteur-epr-a-flamanville\/"},"modified":"2019-05-30T08:57:32","modified_gmt":"2019-05-30T06:57:32","slug":"lautorite-de-surete-nucleaire-francaise-stoppe-le-chantier-de-construction-du-reacteur-epr-a-flamanville","status":"publish","type":"post","link":"https:\/\/www.greenpeace.ch\/fr\/communique-de-presse\/8534\/lautorite-de-surete-nucleaire-francaise-stoppe-le-chantier-de-construction-du-reacteur-epr-a-flamanville\/","title":{"rendered":"L\u2019Autorit\u00e9 de s\u00fbret\u00e9 nucl\u00e9aire fran\u00e7aise stoppe le chantier de construction du r\u00e9acteur EPR \u00e0 Flamanville"},"content":{"rendered":"<p><b>Suite \u00e0 de nombreux probl\u00e8mes, l\u2019ASN (Autorit\u00e9 de s\u00fbret\u00e9 nucl\u00e9aire fran\u00e7aise) a d\u00e9cid\u00e9 de stopper les op\u00e9rations li\u00e9es \u00e0 la construction du r\u00e9acteur EPR (European Pressurized Reactor) de Flamanville, en particulier les op\u00e9rations de coulage de b\u00e9ton et de ferraillage. Ce r\u00e9acteur EPR est du m\u00eame type que celui que le lobby nucl\u00e9aire veut faire construire en Suisse.<\/b><\/p>\n<div>\n<p class=\"bodytext\">\u00abSuite \u00e0 une injonction de l&rsquo;ASN, qui a constat\u00e9 une \u00e9ni\u00e8me anomalie dans le ferraillage de l&rsquo;\u00eelot destin\u00e9 \u00e0 supporter le futur r\u00e9acteur EPR, EDF (Electricit\u00e9 de France) a \u00e9t\u00e9 contraint de suspendre les travaux \u00e0 Flamanville. Le chantier est donc interrompu,\u00bb d\u00e9clare Leo Scherer, responsable de la campagne contre les risques atomiques chez Greenpeace Suisse. \u00abCette d\u00e9cision est d&rsquo;une extr\u00eame importance et confirme ce que Greenpeace d\u00e9nonce depuis des semaines: de nombreux probl\u00e8mes s&rsquo;accumulent sur le site de construction de l&rsquo;EPR fran\u00e7ais depuis le d\u00e9but du chantier.\u00bb<\/p>\n<p class=\"bodytext\">D\u00e8s la fin du mois d&rsquo;avril, Greenpeace France avait donn\u00e9 l&rsquo;alerte suite aux divers courriers adress\u00e9s \u00e0 EDF par l&rsquo;ASN, qui dresse, depuis le d\u00e9but du chantier en d\u00e9cembre dernier, une liste de probl\u00e8mes r\u00e9currents, parmi lesquels:<\/p>\n<ul>\n<li>une utilisation de b\u00e9ton de qualit\u00e9 inadapt\u00e9e;<\/li>\n<li>des fissures dans le b\u00e9ton;<\/li>\n<li>des non-conformit\u00e9s de ferraillage pour le b\u00e9ton de la plateforme support r\u00e9acteur;<\/li>\n<li>des soudures non conformes;<\/li>\n<li>une non qualification de certains op\u00e9rateurs &#8211; en particulier des soudeurs en charge de la r\u00e9alisation du \u00ab liner \u00bb (coque en acier de protection interne);<\/li>\n<li>des contr\u00f4les de qualit\u00e9 inexistants ou inad\u00e9quats;<\/li>\n<li>des variations non autoris\u00e9es entre les plans \u00abpapier\u00bb du projet initial et la mise en \u0153uvre;<\/li>\n<li>une incapacit\u00e9 \u00e0 r\u00e9parer les erreurs de fa\u00e7on satisfaisante.<\/li>\n<\/ul>\n<p class=\"bodytext\">Sans surprise, le chantier fran\u00e7ais prend donc le m\u00eame chemin que le chantier de l&rsquo;EPR finlandais d&rsquo;Olkiluoto. Premier chantier EPR lanc\u00e9 par le groupe Areva mi-2005, celui-ci \u00e9tait cens\u00e9 faire office de vitrine mais a vite tourn\u00e9 \u00e0 la catastrophe. Le r\u00e9acteur finlandais a d\u00e9j\u00e0 accumul\u00e9 deux ans de retard depuis le d\u00e9but de sa construction: le contrat pr\u00e9voyait une connexion du r\u00e9acteur EPR au r\u00e9seau finlandais pour le premier semestre 2009; en r\u00e9alit\u00e9, ce ne sera fait au plus t\u00f4t qu&rsquo;en 2011, voire beaucoup plus tard.<\/p>\n<p class=\"bodytext\">Par ailleurs, le d\u00e9passement budg\u00e9taire est d\u00e9sormais \u00e9valu\u00e9 entre 1,3 et 2,2 milliards d&rsquo;euros (2.1 et 3.6 milliards de francs) selon les experts. En clair, au lieu des 3,3 milliards d&rsquo;euros (5.3 milliards de francs) convenus au d\u00e9part, l&rsquo;EPR finlandais devrait co\u00fbter au moins 4,6 milliards d&rsquo;euros (7.4 milliards de francs). Enfin, les probl\u00e8mes techniques s&rsquo;accumulent, relev\u00e9s par l&rsquo;Autorit\u00e9 de s\u00fbret\u00e9 nucl\u00e9aire finlandaise: faible qualit\u00e9 du b\u00e9ton destin\u00e9 aux fondations ou d\u00e9fauts des soudures ou des composants du r\u00e9acteur &#8211; ce qui repr\u00e9sente d&rsquo;importants risques potentiels en mati\u00e8re de s\u00e9curit\u00e9.<\/p>\n<p>\u00abCe qui se passe en Finlande et en France prouve une fois encore que le nucl\u00e9aire, c&rsquo;est trop cher et trop risqu\u00e9. Le projet EPR doit \u00eatre abandonn\u00e9, et la Suisse doit d\u00e9finitivement renoncer \u00e0 la production d&rsquo;\u00e9lectricit\u00e9 d&rsquo;origine nucl\u00e9aire,\u00bb ajoute Leo Scherer.<\/p>\n<\/div>\n","protected":false},"excerpt":{"rendered":"<p>Suite \u00e0 de nombreux probl\u00e8mes, l\u2019ASN (Autorit\u00e9 de s\u00fbret\u00e9 nucl\u00e9aire fran\u00e7aise) a d\u00e9cid\u00e9 de stopper les op\u00e9rations li\u00e9es \u00e0 la construction du r\u00e9acteur EPR (European Pressurized Reactor) de Flamanville, en&hellip;<\/p>\n","protected":false},"author":23,"featured_media":0,"comment_status":"closed","ping_status":"open","sticky":false,"template":"","format":"standard","meta":{"_acf_changed":false,"_planet4_optimize_post_is_variant":false,"_planet4_optimize_experiment_name":"","_planet4_optimize_variant_name":"","ep_exclude_from_search":false,"p4_og_title":"","p4_og_description":"","p4_og_image":"","p4_og_image_id":"","p4_seo_canonical_url":"","p4_campaign_name":"","p4_local_project":"","p4_basket_name":"","p4_department":"","footnotes":""},"categories":[22],"tags":[],"p4-page-type":[73],"gpch-article-type":[],"class_list":["post-8534","post","type-post","status-publish","format-standard","hentry","category-non-classifiee","p4-page-type-communique-de-presse"],"acf":[],"_links":{"self":[{"href":"https:\/\/www.greenpeace.ch\/fr\/wp-json\/wp\/v2\/posts\/8534","targetHints":{"allow":["GET"]}}],"collection":[{"href":"https:\/\/www.greenpeace.ch\/fr\/wp-json\/wp\/v2\/posts"}],"about":[{"href":"https:\/\/www.greenpeace.ch\/fr\/wp-json\/wp\/v2\/types\/post"}],"author":[{"embeddable":true,"href":"https:\/\/www.greenpeace.ch\/fr\/wp-json\/wp\/v2\/users\/23"}],"replies":[{"embeddable":true,"href":"https:\/\/www.greenpeace.ch\/fr\/wp-json\/wp\/v2\/comments?post=8534"}],"version-history":[{"count":0,"href":"https:\/\/www.greenpeace.ch\/fr\/wp-json\/wp\/v2\/posts\/8534\/revisions"}],"wp:attachment":[{"href":"https:\/\/www.greenpeace.ch\/fr\/wp-json\/wp\/v2\/media?parent=8534"}],"wp:term":[{"taxonomy":"category","embeddable":true,"href":"https:\/\/www.greenpeace.ch\/fr\/wp-json\/wp\/v2\/categories?post=8534"},{"taxonomy":"post_tag","embeddable":true,"href":"https:\/\/www.greenpeace.ch\/fr\/wp-json\/wp\/v2\/tags?post=8534"},{"taxonomy":"p4-page-type","embeddable":true,"href":"https:\/\/www.greenpeace.ch\/fr\/wp-json\/wp\/v2\/p4-page-type?post=8534"},{"taxonomy":"gpch-article-type","embeddable":true,"href":"https:\/\/www.greenpeace.ch\/fr\/wp-json\/wp\/v2\/gpch-article-type?post=8534"}],"curies":[{"name":"wp","href":"https:\/\/api.w.org\/{rel}","templated":true}]}}