{"id":8536,"date":"2008-06-23T00:00:00","date_gmt":"2008-06-22T22:00:00","guid":{"rendered":"https:\/\/master.greenpeace.ch\/press-release-fr\/8536\/reacteur-nucleaire-francais-defaillant-egalement-prevu-en-suisse\/"},"modified":"2019-05-30T08:57:35","modified_gmt":"2019-05-30T06:57:35","slug":"reacteur-nucleaire-francais-defaillant-egalement-prevu-en-suisse","status":"publish","type":"post","link":"https:\/\/www.greenpeace.ch\/fr\/communique-de-presse\/8536\/reacteur-nucleaire-francais-defaillant-egalement-prevu-en-suisse\/","title":{"rendered":"R\u00e9acteur nucl\u00e9aire fran\u00e7ais d\u00e9faillant \u00e9galement pr\u00e9vu en Suisse?"},"content":{"rendered":"<p><b>Greenpeace a lanc\u00e9 simultan\u00e9ment deux actions en Finlande et en France, afin de d&rsquo;attirer l\u2019attention sur les d\u00e9faillances de l\u2019industrie nucl\u00e9aire. Un immense zeppelin portant l\u2019inscription \u00abCentrale nucl\u00e9aire \u2013 non merci!\u00bb a survol\u00e9 Olkiluoto en Finlande, o\u00f9 le chantier du premier r\u00e9acteur pressuris\u00e9 europ\u00e9en (European Pressurized Reactor, EPR) a ouvert en 2005.<\/b><\/p>\n<div>\n<p class=\"bodytext\">En France, des militants ont bloqu\u00e9 trois gravi\u00e8res fournissant le chantier de l&rsquo;EPR de Flamanville. Une recherche de Greenpeace Suisse montre qu&rsquo;en cas de construction d&rsquo;une nouvelle centrale nucl\u00e9aire, la Suisse devrait compter avec ce mod\u00e8le de r\u00e9acteur de provenance fran\u00e7aise.<\/p>\n<p class=\"bodytext\">L&rsquo;action de Greenpeace a pour but d&rsquo;avertir toutes les nations des dangers que repr\u00e9sentent des investissements dans le nucl\u00e9aire civil. L&rsquo;EPR, vant\u00e9 comme le \u00abvaisseau amiral\u00bb de l&rsquo;industrie nucl\u00e9aire, est un vrai flop, \u00e0 Olkiluoto aussi bien qu&rsquo;\u00e0 Flamanville. En France, les autorit\u00e9s de surveillance ont m\u00eame \u00e9t\u00e9 contraintes d&rsquo;ordonner une interruption des travaux cinq mois \u00e0 peine apr\u00e8s l&rsquo;ouverture du chantier. Dans les deux cas, les co\u00fbts ont explos\u00e9 et se situent d\u00e9sormais bien au-dessus des pr\u00e9visions initiales. D&rsquo;\u00e9normes ralentissements ont lieu et de nombreux probl\u00e8mes techniques aggravants sont apparus, comme p. ex. une qualit\u00e9 de b\u00e9ton m\u00e9diocre ou des soudures mal r\u00e9alis\u00e9es.<\/p>\n<p class=\"bodytext\">Greenpeace Suisse consid\u00e8re que cette situation est tr\u00e8s pr\u00e9occupante. En effet, de nombreuses indications laissent penser tr\u00e8s clairement que lors de son d\u00e9p\u00f4t de demande d&rsquo;autorisation g\u00e9n\u00e9rale ce mois-ci, le groupe Atel avait d\u00e9j\u00e0 le r\u00e9acteur de type EPR en t\u00eate:<\/p>\n<ul>\n<li>Atel est, via la centrale nucl\u00e9aire de G\u00f6sgen (40% de parts d&rsquo;actions), en liaison \u00e9troite avec le fournisseur franco-allemand d&rsquo;EPR, Areva NP.<\/li>\n<li>La soci\u00e9t\u00e9 fran\u00e7aise d&rsquo;\u00e9lectricit\u00e9 EDF, qui poss\u00e8de un quart des actions de Atel Holding SA, est un actionnaire tr\u00e8s influent.<\/li>\n<li>EDF construit, finance et exploite le r\u00e9acteur EPR en association avec Areva NP \u00e0 l&rsquo;\u00e9chelle mondiale.<\/li>\n<li>Diff\u00e9rentes d\u00e9clarations du CEO d&rsquo;Atel, Giovanni Leonardi, \u00e9tayent l&rsquo;hypoth\u00e8se de Greenpeace<\/li>\n<\/ul>\n<p class=\"bodytext\">Selon Leo Scherer, expert en nucl\u00e9aire chez Greenpeace Suisse, \u00ab\u00a0les nombreux probl\u00e8mes que conna\u00eet l&rsquo;EPR montrent que m\u00eame avec les techniques les plus modernes, le nucl\u00e9aire ne constitue une solution ni s\u00fbre, ni \u00e9conomiquement rationnelle pour assurer notre approvisionnement en \u00e9lectricit\u00e9. Pr\u00e9servons la Suisse de la folie que constituerait la construction d&rsquo;une nouvelle centrale nucl\u00e9aire et concentrons-nous sur nos propres potentiels: efficacit\u00e9 \u00e9nerg\u00e9tique, \u00e9nergies renouvelables et produites localement.\u00a0\u00bb<\/p>\n<p class=\"bodytext\"><a class=\"download-arrow\" title=\"Startet den Datei-Download\" href=\"https:\/\/www.greenpeace.ch\/wp-content\/uploads\/2017\/01\/2008_Atome_Etude_ReacteurEPR.pdf\" target=\"_blank\" rel=\"noopener noreferrer\">D\u00e9charger l&rsquo;\u00e9tude \u00ab\u00a0R\u00e9acteur EPR de Flamanville\u00a0\u00bb (PDF)<\/a><\/p>\n<p class=\"bodytext\"><a class=\"internal-link-arrow\" title=\"\u00d6ffnet einen internen Link im aktuellen Fenster\" href=\"\/switzerland\/Templates\/Planet3\/Pages\/fr\/photos-videos\/videos\/atome\/\" target=\"_self\" rel=\"noopener noreferrer\">Visionner la vid\u00e9o \u00ab\u00a0Greenpeace bloque le chantier de l&rsquo;EPR\u00a0\u00bb<\/a><\/p>\n<\/div>\n","protected":false},"excerpt":{"rendered":"<p>Greenpeace a lanc\u00e9 simultan\u00e9ment deux actions en Finlande et en France, afin de d&#8217;attirer l\u2019attention sur les d\u00e9faillances de l\u2019industrie nucl\u00e9aire. Un immense zeppelin portant l\u2019inscription \u00abCentrale nucl\u00e9aire \u2013 non&hellip;<\/p>\n","protected":false},"author":23,"featured_media":0,"comment_status":"closed","ping_status":"open","sticky":false,"template":"","format":"standard","meta":{"_acf_changed":false,"_planet4_optimize_post_is_variant":false,"_planet4_optimize_experiment_name":"","_planet4_optimize_variant_name":"","ep_exclude_from_search":false,"p4_og_title":"","p4_og_description":"","p4_og_image":"","p4_og_image_id":"","p4_seo_canonical_url":"","p4_campaign_name":"","p4_local_project":"","p4_basket_name":"","p4_department":"","footnotes":""},"categories":[22],"tags":[],"p4-page-type":[73],"gpch-article-type":[],"class_list":["post-8536","post","type-post","status-publish","format-standard","hentry","category-non-classifiee","p4-page-type-communique-de-presse"],"acf":[],"_links":{"self":[{"href":"https:\/\/www.greenpeace.ch\/fr\/wp-json\/wp\/v2\/posts\/8536","targetHints":{"allow":["GET"]}}],"collection":[{"href":"https:\/\/www.greenpeace.ch\/fr\/wp-json\/wp\/v2\/posts"}],"about":[{"href":"https:\/\/www.greenpeace.ch\/fr\/wp-json\/wp\/v2\/types\/post"}],"author":[{"embeddable":true,"href":"https:\/\/www.greenpeace.ch\/fr\/wp-json\/wp\/v2\/users\/23"}],"replies":[{"embeddable":true,"href":"https:\/\/www.greenpeace.ch\/fr\/wp-json\/wp\/v2\/comments?post=8536"}],"version-history":[{"count":0,"href":"https:\/\/www.greenpeace.ch\/fr\/wp-json\/wp\/v2\/posts\/8536\/revisions"}],"wp:attachment":[{"href":"https:\/\/www.greenpeace.ch\/fr\/wp-json\/wp\/v2\/media?parent=8536"}],"wp:term":[{"taxonomy":"category","embeddable":true,"href":"https:\/\/www.greenpeace.ch\/fr\/wp-json\/wp\/v2\/categories?post=8536"},{"taxonomy":"post_tag","embeddable":true,"href":"https:\/\/www.greenpeace.ch\/fr\/wp-json\/wp\/v2\/tags?post=8536"},{"taxonomy":"p4-page-type","embeddable":true,"href":"https:\/\/www.greenpeace.ch\/fr\/wp-json\/wp\/v2\/p4-page-type?post=8536"},{"taxonomy":"gpch-article-type","embeddable":true,"href":"https:\/\/www.greenpeace.ch\/fr\/wp-json\/wp\/v2\/gpch-article-type?post=8536"}],"curies":[{"name":"wp","href":"https:\/\/api.w.org\/{rel}","templated":true}]}}