{"id":8548,"date":"2008-04-24T00:00:00","date_gmt":"2008-04-23T22:00:00","guid":{"rendered":"https:\/\/master.greenpeace.ch\/press-release-fr\/8548\/tchernobyl-22-ans-apres-la-verite-toujours-cachee\/"},"modified":"2019-05-30T08:57:53","modified_gmt":"2019-05-30T06:57:53","slug":"tchernobyl-22-ans-apres-la-verite-toujours-cachee","status":"publish","type":"post","link":"https:\/\/www.greenpeace.ch\/fr\/communique-de-presse\/8548\/tchernobyl-22-ans-apres-la-verite-toujours-cachee\/","title":{"rendered":"Tchernobyl, 22 ans apr\u00e8s: La v\u00e9rit\u00e9 toujours cach\u00e9e"},"content":{"rendered":"<p><b>A l&rsquo;occasion du 22\u00e8me \u00ab\u00a0anniversaire\u00a0\u00bb de la catastrophe de Tchernobyl, de nombreux groupes locaux de Greenpeace se joindront aux nombreuses initiatives organis\u00e9es dans le cadre du \u00abChernobyl Day\u00bb.<\/b><\/p>\n<div>\n<p class=\"bodytext\">Cette journ\u00e9e est l&rsquo;occasion de rappeler le scandale qui perdure sur la minimisation des cons\u00e9quences de cette catastrophe nucl\u00e9aire. En 2006, Greenpeace a publi\u00e9 un rapport in\u00e9dit r\u00e9alis\u00e9 par 60 scientifiques du B\u00e9larus, d&rsquo;Ukraine et de Russie, qui d\u00e9montre que l&rsquo;impact sanitaire de la catastrophe de Tchernobyl est largement sous-estim\u00e9 par l&rsquo;Agence Internationale de l&rsquo;Energie Atomique (AIEA). Ce rapport conclut que 200&rsquo;000 d\u00e9c\u00e8s dus \u00e0 la catastrophe ont d\u00e9j\u00e0 \u00e9t\u00e9 constat\u00e9s ces quinze derni\u00e8res ann\u00e9es en Russie, au B\u00e9larus et en Ukraine. Il indique en outre, qu&rsquo;\u00e0 l&rsquo;avenir plus de 250&rsquo;000 cancers, dont pr\u00e8s de 100&rsquo;000 mortels, d\u00e9couleront de la catastrophe.<\/p>\n<p class=\"bodytext\">Ces chiffres prouvent que le bilan mis en avant par l&rsquo;AIEA, qui table sur 4&rsquo;000 d\u00e9c\u00e8s, repr\u00e9sente une minimisation grossi\u00e8re de l&rsquo;\u00e9tendue des souffrances provoqu\u00e9es par Tchernobyl. \u00ab22 ans apr\u00e8s la catastrophe, le mensonge nucl\u00e9aire perdure \u00e0 l&rsquo;international comme en France. La volont\u00e9 de l&rsquo;industrie nucl\u00e9aire de cacher ses impacts a pour but de servir ses desseins de renaissance\u00bb d\u00e9clare Fr\u00e9d\u00e9ric Marillier, charg\u00e9 de campagne nucl\u00e9aire \u00e0 Greenpeace. \u00abIl est temps de tourner la page du nucl\u00e9aire et de construire une autre politique \u00e9nerg\u00e9tique, ax\u00e9e sur la sobri\u00e9t\u00e9, l&rsquo;efficacit\u00e9 et les \u00e9nergies renouvelables.\u00bb<\/p>\n<p>Cette opacit\u00e9 autour des cons\u00e9quences de la pire catastrophe nucl\u00e9aire de l&rsquo;humanit\u00e9 est aussi une cons\u00e9quence directe de la signature le 28 mai 1959 de l&rsquo;Accord OMS (Accord Organisation Mondiale de la Sant\u00e9) &#8211; AIEA (Agence Internationale Energie Atomique) qui soumet l&rsquo;OMS \u00e0 l&rsquo;AIEA en ce qui concerne les risques li\u00e9s \u00e0 la radioactivit\u00e9 artificielle. A la veille du 22\u00e8me anniversaire de l&rsquo;accident de Tchernobyl, de nombreux professionnels de la sant\u00e9 r\u00e9clament que l&rsquo;OMS recouvre son ind\u00e9pendance, conform\u00e9ment \u00e0 sa constitution, y compris dans le domaine des rayonnements ionisants. Ils lancent ainsi une p\u00e9tition qui r\u00e9clame que la r\u00e9vision de l&rsquo;accord OMS-AIEA soit mis \u00e0 l&rsquo;ordre du jour de la prochaine Assembl\u00e9e Mondiale de la Sant\u00e9.<\/p>\n<\/div>\n","protected":false},"excerpt":{"rendered":"<p>A l&#8217;occasion du 22\u00e8me &#8220;anniversaire&#8221; de la catastrophe de Tchernobyl, de nombreux groupes locaux de Greenpeace se joindront aux nombreuses initiatives organis\u00e9es dans le cadre du \u00abChernobyl Day\u00bb. Cette journ\u00e9e&hellip;<\/p>\n","protected":false},"author":23,"featured_media":0,"comment_status":"closed","ping_status":"open","sticky":false,"template":"","format":"standard","meta":{"_acf_changed":false,"_planet4_optimize_post_is_variant":false,"_planet4_optimize_experiment_name":"","_planet4_optimize_variant_name":"","ep_exclude_from_search":false,"p4_og_title":"","p4_og_description":"","p4_og_image":"","p4_og_image_id":"","p4_seo_canonical_url":"","p4_campaign_name":"","p4_local_project":"","p4_basket_name":"","p4_department":"","footnotes":""},"categories":[22],"tags":[],"p4-page-type":[73],"gpch-article-type":[],"class_list":["post-8548","post","type-post","status-publish","format-standard","hentry","category-non-classifiee","p4-page-type-communique-de-presse"],"acf":[],"_links":{"self":[{"href":"https:\/\/www.greenpeace.ch\/fr\/wp-json\/wp\/v2\/posts\/8548","targetHints":{"allow":["GET"]}}],"collection":[{"href":"https:\/\/www.greenpeace.ch\/fr\/wp-json\/wp\/v2\/posts"}],"about":[{"href":"https:\/\/www.greenpeace.ch\/fr\/wp-json\/wp\/v2\/types\/post"}],"author":[{"embeddable":true,"href":"https:\/\/www.greenpeace.ch\/fr\/wp-json\/wp\/v2\/users\/23"}],"replies":[{"embeddable":true,"href":"https:\/\/www.greenpeace.ch\/fr\/wp-json\/wp\/v2\/comments?post=8548"}],"version-history":[{"count":0,"href":"https:\/\/www.greenpeace.ch\/fr\/wp-json\/wp\/v2\/posts\/8548\/revisions"}],"wp:attachment":[{"href":"https:\/\/www.greenpeace.ch\/fr\/wp-json\/wp\/v2\/media?parent=8548"}],"wp:term":[{"taxonomy":"category","embeddable":true,"href":"https:\/\/www.greenpeace.ch\/fr\/wp-json\/wp\/v2\/categories?post=8548"},{"taxonomy":"post_tag","embeddable":true,"href":"https:\/\/www.greenpeace.ch\/fr\/wp-json\/wp\/v2\/tags?post=8548"},{"taxonomy":"p4-page-type","embeddable":true,"href":"https:\/\/www.greenpeace.ch\/fr\/wp-json\/wp\/v2\/p4-page-type?post=8548"},{"taxonomy":"gpch-article-type","embeddable":true,"href":"https:\/\/www.greenpeace.ch\/fr\/wp-json\/wp\/v2\/gpch-article-type?post=8548"}],"curies":[{"name":"wp","href":"https:\/\/api.w.org\/{rel}","templated":true}]}}