{"id":8552,"date":"2008-03-18T00:00:00","date_gmt":"2008-03-17T22:00:00","guid":{"rendered":"https:\/\/master.greenpeace.ch\/press-release-fr\/8552\/les-entreprises-asiatiques-prennent-la-tete-du-guide-pour-une-electronique-responsable\/"},"modified":"2019-05-30T08:58:00","modified_gmt":"2019-05-30T06:58:00","slug":"les-entreprises-asiatiques-prennent-la-tete-du-guide-pour-une-electronique-responsable","status":"publish","type":"post","link":"https:\/\/www.greenpeace.ch\/fr\/communique-de-presse\/8552\/les-entreprises-asiatiques-prennent-la-tete-du-guide-pour-une-electronique-responsable\/","title":{"rendered":"Les entreprises asiatiques prennent la t\u00eate du \u00abGuide pour une \u00e9lectronique responsable\u00bb"},"content":{"rendered":"<p><b>Greenpeace publie la 7\u00e8me \u00e9dition du \u00abGuide pour une \u00e9lectronique responsable\u00bb. La premi\u00e8re place \u00e9chappe \u00e0 Nokia, toujours p\u00e9nalis\u00e9e pour l&rsquo;insuffisance de ses services de reprise en Inde et en Russie. C&rsquo;est donc Samsung et Toshiba qui arrivent ex aequo n\u00b01 et Nintendo qui reste en queue de peloton.<\/b><\/p>\n<div>\n<p class=\"bodytext\">Samsung voit r\u00e9compenser ses efforts continus et consistants, tandis que Toshiba effectue une perc\u00e9e depuis la 6\u00e8me place en am\u00e9liorant son score sur le crit\u00e8re \u00abresponsabilit\u00e9 individuelle du producteur\u00bb (RIP), un principe selon lequel chaque entreprise reste responsable de la gestion des d\u00e9chets issus de ses propres produits. De leur c\u00f4t\u00e9, Philips, Panasonic et Sharp refusent toujours d&rsquo;assumer une telle responsabilit\u00e9, alimentant ainsi la crise des d\u00e9chets \u00e9lectroniques.<\/p>\n<p>Motorola corrige le tir et remonte \u00e0 la 12\u00e8me place apr\u00e8s avoir r\u00e9cup\u00e9r\u00e9 le point perdu lors du dernier classement, en raison d&rsquo;une mauvaise information sur la reprise et le recyclage des d\u00e9chets en Philippines, en Tha\u00eflande et en Inde. Au contraire, Nokia, p\u00e9nalis\u00e9e pour les m\u00eames raisons, n&rsquo;a pas am\u00e9lior\u00e9 sa communication sur la gestion des appareils obsol\u00e8tes en Inde et en Russie, et conserve donc son point de malus, ce qui lui co\u00fbte la 1\u00e8re place. Nintendo r\u00e9alise une faible progression gr\u00e2ce \u00e0 la publication de sa politique de gestion des substances chimiques &#8211; sans progresser sur aucun autre crit\u00e8re. Tout reste \u00e0 faire chez Nintendo.<\/p>\n<p>Depuis le lancement du guide en ao\u00fbt 2006, la plupart des 18 entreprises leaders de l&rsquo;\u00e9lectronique class\u00e9es ont su relever les d\u00e9fis lanc\u00e9s par Greenpeace: elles se sont engag\u00e9es \u00e0 surveiller et \u00e0 \u00e9liminer les substances dangereuses de leurs produits, ainsi qu&rsquo;\u00e0 assumer la gestion des d\u00e9chets issus de leurs produits une fois obsol\u00e8tes. Greenpeace souhaite aujourd&rsquo;hui voir les m\u00eames efforts se d\u00e9ployer pour r\u00e9duire l&rsquo;impact de l&rsquo;industrie \u00e9lectronique sur le climat. Ainsi, la prochaine \u00e9dition du guide, qui para\u00eetra au mois de juin, prendra en compte les enjeux de consommation \u00e9nerg\u00e9tique, en plus de la politique des marques en mati\u00e8re de substances chimiques et de d\u00e9chets\/recyclage.<\/p>\n<p>\u00abIl est temps de mettre la barre plus haut et d&rsquo;exiger des entreprises une approche \u00e9cologique globale. Les consommateurs ne devraient plus avoir \u00e0 choisir entre un produit sans toxiques et un produit \u00e9conome en \u00e9nergie, d\u00e9clare Yannick Vicaire, porte-parole de la campagne Toxiques \u00e0 Greenpeace. Qu&rsquo;est-ce qu&rsquo;un produit vraiment \u00e9cologique? Un appareil exempt de substances dangereuses, qui consomme peu d&rsquo;\u00e9nergie, a une dur\u00e9e de vie longue et peut \u00eatre recycl\u00e9.\u00bb<\/p>\n<\/div>\n","protected":false},"excerpt":{"rendered":"<p>Greenpeace publie la 7\u00e8me \u00e9dition du \u00abGuide pour une \u00e9lectronique responsable\u00bb. La premi\u00e8re place \u00e9chappe \u00e0 Nokia, toujours p\u00e9nalis\u00e9e pour l&#8217;insuffisance de ses services de reprise en Inde et en&hellip;<\/p>\n","protected":false},"author":23,"featured_media":0,"comment_status":"closed","ping_status":"open","sticky":false,"template":"","format":"standard","meta":{"_acf_changed":false,"_planet4_optimize_post_is_variant":false,"_planet4_optimize_experiment_name":"","_planet4_optimize_variant_name":"","ep_exclude_from_search":false,"p4_og_title":"","p4_og_description":"","p4_og_image":"","p4_og_image_id":"","p4_seo_canonical_url":"","p4_campaign_name":"","p4_local_project":"","p4_basket_name":"","p4_department":"","footnotes":""},"categories":[22],"tags":[],"p4-page-type":[73],"gpch-article-type":[],"class_list":["post-8552","post","type-post","status-publish","format-standard","hentry","category-non-classifiee","p4-page-type-communique-de-presse"],"acf":[],"_links":{"self":[{"href":"https:\/\/www.greenpeace.ch\/fr\/wp-json\/wp\/v2\/posts\/8552","targetHints":{"allow":["GET"]}}],"collection":[{"href":"https:\/\/www.greenpeace.ch\/fr\/wp-json\/wp\/v2\/posts"}],"about":[{"href":"https:\/\/www.greenpeace.ch\/fr\/wp-json\/wp\/v2\/types\/post"}],"author":[{"embeddable":true,"href":"https:\/\/www.greenpeace.ch\/fr\/wp-json\/wp\/v2\/users\/23"}],"replies":[{"embeddable":true,"href":"https:\/\/www.greenpeace.ch\/fr\/wp-json\/wp\/v2\/comments?post=8552"}],"version-history":[{"count":0,"href":"https:\/\/www.greenpeace.ch\/fr\/wp-json\/wp\/v2\/posts\/8552\/revisions"}],"wp:attachment":[{"href":"https:\/\/www.greenpeace.ch\/fr\/wp-json\/wp\/v2\/media?parent=8552"}],"wp:term":[{"taxonomy":"category","embeddable":true,"href":"https:\/\/www.greenpeace.ch\/fr\/wp-json\/wp\/v2\/categories?post=8552"},{"taxonomy":"post_tag","embeddable":true,"href":"https:\/\/www.greenpeace.ch\/fr\/wp-json\/wp\/v2\/tags?post=8552"},{"taxonomy":"p4-page-type","embeddable":true,"href":"https:\/\/www.greenpeace.ch\/fr\/wp-json\/wp\/v2\/p4-page-type?post=8552"},{"taxonomy":"gpch-article-type","embeddable":true,"href":"https:\/\/www.greenpeace.ch\/fr\/wp-json\/wp\/v2\/gpch-article-type?post=8552"}],"curies":[{"name":"wp","href":"https:\/\/api.w.org\/{rel}","templated":true}]}}