{"id":8566,"date":"2008-03-13T00:00:00","date_gmt":"2008-03-12T22:00:00","guid":{"rendered":"https:\/\/master.greenpeace.ch\/press-release-fr\/8566\/le-salon-de-lauto-de-geneve-est-tout-sauf-vert\/"},"modified":"2019-05-30T08:58:22","modified_gmt":"2019-05-30T06:58:22","slug":"le-salon-de-lauto-de-geneve-est-tout-sauf-vert","status":"publish","type":"post","link":"https:\/\/www.greenpeace.ch\/fr\/communique-de-presse\/8566\/le-salon-de-lauto-de-geneve-est-tout-sauf-vert\/","title":{"rendered":"Le Salon de l\u2019auto de Gen\u00e8ve est tout sauf vert"},"content":{"rendered":"<p><b>Alors que le Salon de l\u2019automobile de Gen\u00e8ve se veut celui de la voiture verte, Greenpeace a voulu en avoir le c\u0153ur net. L\u2019organisation de protection de l\u2019environnement a calcul\u00e9 la moyenne des \u00e9missions de CO2 des mod\u00e8les expos\u00e9s \u00e0 Gen\u00e8ve et r\u00e9v\u00e8le qu\u2019elle s\u2019\u00e9l\u00e8ve \u00e0 201 g\/km &#8211; soit pr\u00e8s du double de la moyenne de 120 g\/km qu\u2019il faut absolument atteindre d\u2019ici \u00e0 2012!<\/b><\/p>\n<div>\n<p class=\"bodytext\">\u00abLe &lsquo;greenwashing&rsquo; tourne \u00e0 fond chez les constructeurs automobiles. Campagnes de pub omnipr\u00e9sentes et communication institutionnelle agressive: tout est l\u00e0 pour nous faire croire qu&rsquo;ils font le maximum pour r\u00e9duire l&rsquo;impact des voitures sur le climat\u00bb, d\u00e9clare Cyrill Studer, responsable de la campagne Transports de Greenpeace Suisse. \u00abLes salons, comme celui de Gen\u00e8ve, sont des vitrines affichant l&rsquo;avenir que l&rsquo;on nous r\u00e9serve en mati\u00e8re d&rsquo;automobile. Et bien nous voil\u00e0 fix\u00e9s: cet avenir est dramatique pour l&rsquo;environnement et les constructeurs d&rsquo;automobiles en sont responsables. Techniquement faisable, la r\u00e9duction des \u00e9missions de CO2 semble avoir \u00e9t\u00e9 confi\u00e9e aux seuls d\u00e9partements &lsquo;publicit\u00e9&rsquo; des groupes automobiles. Ce n&rsquo;est malheureusement pas la pub qui va r\u00e9soudre le probl\u00e8me des changements climatiques et qui nous pr\u00e9servera de leurs cons\u00e9quences catastrophiques\u00bb, ajoute Studer.<\/p>\n<p>Certes, la pr\u00e9sence au Salon de Gen\u00e8ve de Ferrari ou Lamborghini, sp\u00e9cialis\u00e9es dans les voitures de sport tr\u00e8s polluantes, fait exploser la moyenne. Mais Greenpeace dispose du d\u00e9tail du calcul pour chaque constructeur. BMW par exemple, qui vante les m\u00e9rites de ses moteurs diesel les plus efficaces, atteint une moyenne d&rsquo;\u00e9missions de CO2 \u00e0 187 g\/km. Renault, autoproclam\u00e9 champion des voitures moins polluantes, promeut son nouveau 4&#215;4 Koleos et obtient un score exorbitant de 186 g\/km. Enfin Volkswagen a beau communiquer sur le label Blue Motion, son coup\u00e9 Passat et le Tiguan propulsent la marque \u00e0 une moyenne de 196 g\/km.<\/p>\n<p>Greenpeace affirme que l&rsquo;ambition climatique de l&rsquo;industrie automobile doit se traduire par un double objectif: 120 g\/km en 2012 et 80 g\/km \u00e0 l&rsquo;horizon 2020. \u00abAu fil du temps, les automobilistes ont obtenu que les constructeurs leur offrent des voitures plus confortables et plus s\u00fbres\u00bb, conclut Cyrill Studer. \u00abExigeons d\u00e9sormais des mod\u00e8les plus respectueux de l&rsquo;environnement! Les constructeurs doivent prendre leurs responsabilit\u00e9s face \u00e0 l&rsquo;urgence climatique.\u00bb<\/p>\n<\/div>\n","protected":false},"excerpt":{"rendered":"<p>Alors que le Salon de l\u2019automobile de Gen\u00e8ve se veut celui de la voiture verte, Greenpeace a voulu en avoir le c\u0153ur net. L\u2019organisation de protection de l\u2019environnement a calcul\u00e9&hellip;<\/p>\n","protected":false},"author":23,"featured_media":0,"comment_status":"closed","ping_status":"open","sticky":false,"template":"","format":"standard","meta":{"_acf_changed":false,"_planet4_optimize_post_is_variant":false,"_planet4_optimize_experiment_name":"","_planet4_optimize_variant_name":"","ep_exclude_from_search":false,"p4_og_title":"","p4_og_description":"","p4_og_image":"","p4_og_image_id":"","p4_seo_canonical_url":"","p4_campaign_name":"","p4_local_project":"","p4_basket_name":"","p4_department":"","footnotes":""},"categories":[22],"tags":[],"p4-page-type":[73],"gpch-article-type":[],"class_list":["post-8566","post","type-post","status-publish","format-standard","hentry","category-non-classifiee","p4-page-type-communique-de-presse"],"acf":[],"_links":{"self":[{"href":"https:\/\/www.greenpeace.ch\/fr\/wp-json\/wp\/v2\/posts\/8566","targetHints":{"allow":["GET"]}}],"collection":[{"href":"https:\/\/www.greenpeace.ch\/fr\/wp-json\/wp\/v2\/posts"}],"about":[{"href":"https:\/\/www.greenpeace.ch\/fr\/wp-json\/wp\/v2\/types\/post"}],"author":[{"embeddable":true,"href":"https:\/\/www.greenpeace.ch\/fr\/wp-json\/wp\/v2\/users\/23"}],"replies":[{"embeddable":true,"href":"https:\/\/www.greenpeace.ch\/fr\/wp-json\/wp\/v2\/comments?post=8566"}],"version-history":[{"count":0,"href":"https:\/\/www.greenpeace.ch\/fr\/wp-json\/wp\/v2\/posts\/8566\/revisions"}],"wp:attachment":[{"href":"https:\/\/www.greenpeace.ch\/fr\/wp-json\/wp\/v2\/media?parent=8566"}],"wp:term":[{"taxonomy":"category","embeddable":true,"href":"https:\/\/www.greenpeace.ch\/fr\/wp-json\/wp\/v2\/categories?post=8566"},{"taxonomy":"post_tag","embeddable":true,"href":"https:\/\/www.greenpeace.ch\/fr\/wp-json\/wp\/v2\/tags?post=8566"},{"taxonomy":"p4-page-type","embeddable":true,"href":"https:\/\/www.greenpeace.ch\/fr\/wp-json\/wp\/v2\/p4-page-type?post=8566"},{"taxonomy":"gpch-article-type","embeddable":true,"href":"https:\/\/www.greenpeace.ch\/fr\/wp-json\/wp\/v2\/gpch-article-type?post=8566"}],"curies":[{"name":"wp","href":"https:\/\/api.w.org\/{rel}","templated":true}]}}