{"id":8578,"date":"2008-02-27T00:00:00","date_gmt":"2008-02-26T22:00:00","guid":{"rendered":"https:\/\/master.greenpeace.ch\/press-release-fr\/8578\/dissemination-dogm-denonciation-dune-decision-de-loffice-federal-de-lenvironnement-ofev\/"},"modified":"2019-05-30T08:58:40","modified_gmt":"2019-05-30T06:58:40","slug":"dissemination-dogm-denonciation-dune-decision-de-loffice-federal-de-lenvironnement-ofev","status":"publish","type":"post","link":"https:\/\/www.greenpeace.ch\/fr\/communique-de-presse\/8578\/dissemination-dogm-denonciation-dune-decision-de-loffice-federal-de-lenvironnement-ofev\/","title":{"rendered":"Diss\u00e9mination d&rsquo;OGM: D\u00e9nonciation d\u2019une d\u00e9cision de l\u2019Office f\u00e9d\u00e9ral de l\u2019environnement (OFEV)"},"content":{"rendered":"<p><b>Aujourd\u2019hui, Greenpeace et diff\u00e9rentes organisations de protection de l\u2019environnement, de paysans et de consommateurs ont d\u00e9nonc\u00e9 l\u2019autorisation accord\u00e9e par l\u2019OFEV pour des diss\u00e9minations d\u2019organismes g\u00e9n\u00e9tiquement modifi\u00e9s (OGM) en plein air \u00e0 Reckenholz, dans le canton de Zurich. Dans un courrier, elles exhortent le responsable du DETEC, Moritz Leuenberger, \u00e0 suspendre l\u2019autorisation de l\u2019OFEV.<\/b><\/p>\n<div>\n<p class=\"bodytext\">Le 6 f\u00e9vrier 2008, l&rsquo;OFEV a donn\u00e9 le feu vert pour des exp\u00e9rimentations \u00e0 base d&rsquo;OGM de l&rsquo;EPFZ et de l&rsquo;Universit\u00e9 de Zurich. Douze organisations de protection de l&rsquo;environnement, de paysans et de consommateurs ont aujourd&rsquo;hui d\u00e9nonc\u00e9 cette d\u00e9cision. Dans le cadre de cette proc\u00e9dure, elles exhortent le Conseiller f\u00e9d\u00e9ral Moritz Leuenberger \u00e0 suspendre l&rsquo;autorisation, jusqu&rsquo;\u00e0 ce que soient disponibles l&rsquo;ensemble des informations et des donn\u00e9es que l&rsquo;OFEV doit imp\u00e9rativement v\u00e9rifier avant d&rsquo;autoriser une diss\u00e9mination.<\/p>\n<p class=\"bodytext\">La critique principale contenue dans la d\u00e9nonciation est que l&rsquo;autorisation du 6 f\u00e9vrier accorde de nouveaux prolongements de d\u00e9lais pour le d\u00e9p\u00f4t des donn\u00e9es manquantes. \u00abAlors que les plantes transg\u00e9niques peuvent \u00eatre plant\u00e9es \u00e0 tout moment \u00e0 l&rsquo;air libre, l&rsquo;OFEV attend toujours des donn\u00e9es qu&rsquo;il doit obligatoirement v\u00e9rifier avant d&rsquo;accorder une autorisation de diss\u00e9mination\u00bb, pr\u00e9cise Marianne K\u00fcnzle, responsable de la campagne contre les OGM chez Greenpeace Suisse. Ainsi, les chercheurs actifs dans le domaine des OGM ont obtenu un d\u00e9lai suppl\u00e9mentaire &#8211; jusqu&rsquo;\u00e0 fin 2008 &#8211; pour transmettre des informations. Il s&rsquo;agit l\u00e0 des r\u00e9sultats complets des tests sur les plantes transg\u00e9niques elles-m\u00eames, mais aussi d&rsquo;informations sur d&rsquo;\u00e9ventuels effets sur l&rsquo;environnement. Toute cette documentation aurait cependant d\u00e9j\u00e0 d\u00fb \u00eatre disponible le 15 mai 2007, au moment du d\u00e9p\u00f4t de la requ\u00eate.<\/p>\n<p>L&rsquo;OFEV d\u00e9livre ainsi des autorisations sp\u00e9ciales dans le cadre d&rsquo;une proc\u00e9dure acc\u00e9l\u00e9r\u00e9e pour des diss\u00e9minations transg\u00e9niques hasardeuses et co\u00fbteuses, qui n&rsquo;apporteront pas de r\u00e9ponses aux questions importantes des paysans et des consommateurs suisses. Les organisations participant \u00e0 la d\u00e9nonciation attendent la r\u00e9ponse du Conseiller f\u00e9d\u00e9ral Moritz Leuenberger dans les prochains jours.<\/p>\n<p class=\"bodytext\"><em>Pour toute information, pour les m\u00e9dias et les journalistes:<\/em><\/p>\n<p><em>Greenpeace Suisse<\/em><\/p>\n<p><em>Nicolas de Roten<\/em><\/p>\n<p><em>Porte-parole<\/em><\/p>\n<p><em>T\u00e9l: 022\/741.03.64<\/em><\/p>\n<p><em>Fax: 022\/731.00.18<\/em><\/p>\n<p><em>Courriel: <a class=\"mail\" href=\"javascript:linkTo_UnCryptMailto%28%27nbjmup+oefspufoAdi\/hsffoqfbdf\/psh%27%29;\" target=\"_blank\" rel=\"noopener noreferrer\">nderoten(at)ch.greenpeace.org<\/a><\/em><\/p>\n<\/div>\n","protected":false},"excerpt":{"rendered":"<p>Aujourd\u2019hui, Greenpeace et diff\u00e9rentes organisations de protection de l\u2019environnement, de paysans et de consommateurs ont d\u00e9nonc\u00e9 l\u2019autorisation accord\u00e9e par l\u2019OFEV pour des diss\u00e9minations d\u2019organismes g\u00e9n\u00e9tiquement modifi\u00e9s (OGM) en plein air&hellip;<\/p>\n","protected":false},"author":23,"featured_media":0,"comment_status":"closed","ping_status":"open","sticky":false,"template":"","format":"standard","meta":{"_acf_changed":false,"_planet4_optimize_post_is_variant":false,"_planet4_optimize_experiment_name":"","_planet4_optimize_variant_name":"","ep_exclude_from_search":false,"p4_og_title":"","p4_og_description":"","p4_og_image":"","p4_og_image_id":"","p4_seo_canonical_url":"","p4_campaign_name":"","p4_local_project":"","p4_basket_name":"","p4_department":"","footnotes":""},"categories":[22],"tags":[],"p4-page-type":[73],"gpch-article-type":[],"class_list":["post-8578","post","type-post","status-publish","format-standard","hentry","category-non-classifiee","p4-page-type-communique-de-presse"],"acf":[],"_links":{"self":[{"href":"https:\/\/www.greenpeace.ch\/fr\/wp-json\/wp\/v2\/posts\/8578","targetHints":{"allow":["GET"]}}],"collection":[{"href":"https:\/\/www.greenpeace.ch\/fr\/wp-json\/wp\/v2\/posts"}],"about":[{"href":"https:\/\/www.greenpeace.ch\/fr\/wp-json\/wp\/v2\/types\/post"}],"author":[{"embeddable":true,"href":"https:\/\/www.greenpeace.ch\/fr\/wp-json\/wp\/v2\/users\/23"}],"replies":[{"embeddable":true,"href":"https:\/\/www.greenpeace.ch\/fr\/wp-json\/wp\/v2\/comments?post=8578"}],"version-history":[{"count":0,"href":"https:\/\/www.greenpeace.ch\/fr\/wp-json\/wp\/v2\/posts\/8578\/revisions"}],"wp:attachment":[{"href":"https:\/\/www.greenpeace.ch\/fr\/wp-json\/wp\/v2\/media?parent=8578"}],"wp:term":[{"taxonomy":"category","embeddable":true,"href":"https:\/\/www.greenpeace.ch\/fr\/wp-json\/wp\/v2\/categories?post=8578"},{"taxonomy":"post_tag","embeddable":true,"href":"https:\/\/www.greenpeace.ch\/fr\/wp-json\/wp\/v2\/tags?post=8578"},{"taxonomy":"p4-page-type","embeddable":true,"href":"https:\/\/www.greenpeace.ch\/fr\/wp-json\/wp\/v2\/p4-page-type?post=8578"},{"taxonomy":"gpch-article-type","embeddable":true,"href":"https:\/\/www.greenpeace.ch\/fr\/wp-json\/wp\/v2\/gpch-article-type?post=8578"}],"curies":[{"name":"wp","href":"https:\/\/api.w.org\/{rel}","templated":true}]}}